{"id":10027,"date":"2019-12-14T15:49:34","date_gmt":"2019-12-14T11:49:34","guid":{"rendered":"https:\/\/www.hakimiyyet.com\/?p=10027"},"modified":"2019-12-14T15:49:34","modified_gmt":"2019-12-14T11:49:34","slug":"az%c9%99rbaycanda-h%c9%99yata-keciril%c9%99n-islahatlar-olk%c9%99nin-daha-da-inkisafini-t%c9%99min-ed%c9%99c%c9%99k","status":"publish","type":"post","link":"https:\/\/hakimiyyet.info.az\/?p=10027","title":{"rendered":"&#8220;Az\u0259rbaycanda h\u0259yata ke\u00e7iril\u0259n islahatlar \u00f6lk\u0259nin daha da inki\u015faf\u0131n\u0131 t\u0259min ed\u0259c\u0259k&#8221;"},"content":{"rendered":"<p>C\u0259nub-\u015e\u0259rqi Avropa v\u0259 Qafqaz Ara\u015fd\u0131rmalar M\u0259rk\u0259zinin r\u0259hb\u0259ri doktor Xristian Yohannes Henrix Az\u0259rbaycan\u0131n beyn\u0259lxalq m\u00fcnasib\u0259tl\u0259rd\u0259 rolu, multikulturalizm siyas\u0259ti, son vaxtlar \u00f6lk\u0259mizd\u0259 h\u0259yata ke\u00e7iril\u0259n islahatlar il\u0259 ba\u011fl\u0131\u00a0<a class=\"azertac-link\" href=\"https:\/\/azertag.az\/\" target=\"_blank\" rel=\"noopener noreferrer\">AZ\u018fRTAC<\/a>-\u0131n m\u00fcxbiri Anar Allahverdinin suallar\u0131n\u0131 cavabland\u0131r\u0131b. M\u00fcsahib\u0259ni t\u0259qdim edirik.<\/p>\n<p><strong>-C\u0259nab Xristian Yohannes Henrix, siz C\u0259nub-\u015e\u0259rqi Avropa v\u0259 Qafqaz Ara\u015fd\u0131rmalar M\u0259rk\u0259zinin r\u0259hb\u0259ri kimi uzun ill\u0259rdir ki, Qafqaz regionu il\u0259 ba\u011fl\u0131 ara\u015fd\u0131rmalar apar\u0131rs\u0131n\u0131z. Almaniyada Qafqaz\u0131 yax\u0131ndan tan\u0131yan elm adam\u0131 kimi Az\u0259rbaycan\u0131n beyn\u0259lxalq m\u00fcnasib\u0259tl\u0259rd\u0259 rolunu nec\u0259 d\u0259y\u0259rl\u0259ndirirsiniz?<\/strong><\/p>\n<p>-H\u0259qiq\u0259t\u0259n d\u0259 Az\u0259rbaycan beyn\u0259lxalq m\u00fcnasib\u0259tl\u0259r sistemind\u0259 \u00f6n\u0259mli rola malikdir, Avropan\u0131n t\u0259hl\u00fck\u0259sizlik siyas\u0259tin\u0259 m\u00fch\u00fcm t\u00f6hf\u0259l\u0259r verir. Az\u0259rbaycan NATO-nun \u201cS\u00fclh namin\u0259 t\u0259r\u0259fda\u015fl\u0131q\u201d Proqram\u0131nda f\u0259al i\u015ftirak edir. H\u0259m\u00e7inin \u00fczv\u00fc oldu\u011fu GUAM vasit\u0259sil\u0259 regionun t\u0259hl\u00fck\u0259sizlik siyas\u0259tind\u0259 x\u00fcsusi rol oynay\u0131r. T\u0259bii olaraq, Az\u0259rbaycan il\u0259 T\u00fcrkiy\u0259 aras\u0131nda da t\u0259hl\u00fck\u0259sizlik m\u0259s\u0259l\u0259l\u0259rind\u0259 s\u0131x \u0259laq\u0259l\u0259r m\u00f6vcuddur v\u0259 bu \u0259laq\u0259l\u0259r, eyni zamanda, Az\u0259rbaycan\u0131n Q\u0259rbl\u0259 m\u00fcnasib\u0259tl\u0259rini m\u00f6hk\u0259ml\u0259ndirir. Bundan \u0259lav\u0259, AB\u015e-la h\u0259rbi sah\u0259d\u0259 m\u00fcxt\u0259lif istiqam\u0259tl\u0259r \u00fczr\u0259 birg\u0259 f\u0259aliyy\u0259t, Pakistanla h\u0259rbi \u0259laq\u0259l\u0259rin inki\u015faf etdirilm\u0259si Az\u0259rbaycan\u0131n beyn\u0259lxalq m\u00fcnasib\u0259tl\u0259r sisteminin subyekti kimi vacibliyini g\u00f6st\u0259rir.<\/p>\n<p>Az\u0259rbaycan\u0131n beyn\u0259lxalq arenada dig\u0259r vacib rolu onun enerji siyas\u0259ti il\u0259 ba\u011fl\u0131d\u0131r. Avropa \u0130ttifaq\u0131 (A\u0130) il\u0259 qaz n\u0259qlini \u00f6z\u00fcnd\u0259 \u0259ks etdir\u0259n strateji s\u0259n\u0259dl\u0259rin imzalanmas\u0131 Az\u0259rbaycan\u0131n A\u0130-nin enerji siyas\u0259tind\u0259 vacib t\u0259r\u0259fda\u015f oldu\u011funu g\u00f6st\u0259rir. Bununla Az\u0259rbaycan Avropada vacib \u0259h\u0259miyy\u0259t k\u0259sb etm\u0259kl\u0259 yana\u015f\u0131, \u0259lav\u0259 t\u0259sir imkanlar\u0131 da \u0259ld\u0259 etmi\u015f olur. Bak\u0131-Tbilisi-Ceyhan neft, C\u0259nub Qaz D\u0259hlizinin \u0259sas seqmenti olan Trans-Anadolu (TANAP) qaz boru k\u0259m\u0259rl\u0259ri kimi layih\u0259l\u0259r Az\u0259rbaycan\u0131n enerji siyas\u0259tinin \u00f6n\u0259mli hiss\u0259l\u0259rini t\u0259\u015fkil edir. Bu layih\u0259l\u0259r Avropan\u0131n enerji t\u0259minat\u0131nda as\u0131l\u0131l\u0131\u011f\u0131n aradan qald\u0131r\u0131lmas\u0131na k\u00f6m\u0259k g\u00f6st\u0259rir. Bak\u0131-Tbilisi-Qars d\u0259mir yolu Avropa-Qafqaz-Asiya istiqam\u0259tind\u0259 n\u0259qliyyat d\u0259hlizinin bir hiss\u0259sidir v\u0259 m\u00fch\u00fcm infrastruktur layih\u0259 olaraq Avropaya a\u00e7\u0131lan \u0259lav\u0259 qap\u0131d\u0131r.<\/p>\n<p><strong>-Son vaxtlarda Az\u0259rbaycanda d\u00f6vl\u0259t idar\u0259\u00e7iliyi sah\u0259sind\u0259 k\u00f6kl\u00fc islahatlar h\u0259yata ke\u00e7irilir. Bu bar\u0259d\u0259 fikirl\u0259rinizi bilm\u0259k maraql\u0131 olard\u0131.<\/strong><\/p>\n<p>-Prezident \u0130lham \u018fliyev t\u0259r\u0259find\u0259n bu islahatlar\u0131n h\u0259yata ke\u00e7irilm\u0259si beyn\u0259lxalq al\u0259md\u0259 d\u0259 m\u00fcsb\u0259t qiym\u0259tl\u0259ndiril\u0259n add\u0131md\u0131r. M\u00fcasir d\u00fc\u015f\u00fcnc\u0259li, y\u00fcks\u0259k s\u0259viyy\u0259li t\u0259hsili olan g\u0259nc kadrlar\u0131n v\u0259zif\u0259d\u0259 ir\u0259li \u00e7\u0259kilm\u0259l\u0259ri ortaya tam f\u0259rqli yana\u015fma qoyur. Prezident \u018fliyev bu m\u0259s\u0259l\u0259d\u0259 \u00e7ox do\u011fru add\u0131m at\u0131r. \u0130dar\u0259etm\u0259d\u0259 h\u0259yata ke\u00e7iril\u0259n islahatlar yenil\u0259nm\u0259y\u0259 g\u0259tirib \u00e7\u0131xaracaq v\u0259 bel\u0259likl\u0259, Az\u0259rbaycan\u0131n u\u011furlu bir \u00f6lk\u0259 kimi daha da inki\u015faf\u0131n\u0131 t\u0259min ed\u0259c\u0259k.<\/p>\n<p><strong>-M\u0259lum oldu\u011fu kimi, multikulturalizm Az\u0259rbaycanda d\u00f6vl\u0259t siyas\u0259tinin t\u0259rkib hiss\u0259sidir. Siz bu bar\u0259d\u0259 n\u0259 d\u00fc\u015f\u00fcn\u00fcrs\u00fcn\u00fcz?<\/strong><\/p>\n<p>-Ayd\u0131n m\u0259s\u0259l\u0259dir ki, multikulturalizm \u00e7ox vacib bir m\u00f6vzudur. Qafqaz regionuna n\u0259z\u0259r sald\u0131qda, Erm\u0259nistan\u0131n monoetnik \u00f6lk\u0259 oldu\u011funu g\u00f6r\u00fcr\u00fck. Misal olaraq, Erm\u0259nistan \u0259razisind\u0259ki k\u00fcrdl\u0259ri g\u00f6st\u0259rm\u0259k olar. Burada ya\u015fam\u0131\u015f \u0259ks\u0259r k\u00fcrdl\u0259r dem\u0259k olar ki, tamamil\u0259 o \u00f6lk\u0259d\u0259n k\u00f6\u00e7m\u0259y\u0259 m\u0259cbur edilib, yerd\u0259 qalanlar\u0131 is\u0259 assimilyasiya siyas\u0259tinin qurban\u0131 olublar. Eyni ssenari vaxtil\u0259 Erm\u0259nistanda ya\u015fam\u0131\u015f etnik az\u0259rbaycanl\u0131lar \u00fc\u00e7\u00fcn d\u0259 h\u0259yata ke\u00e7irilib. Erm\u0259nistan Az\u0259rbaycan torpaqlar\u0131n\u0131n 20 faizini beyn\u0259lxalq h\u00fcquq normalar\u0131na zidd olaraq i\u015f\u011fal alt\u0131nda saxlay\u0131r. \u0130\u015f\u011fal olunmu\u015f \u0259razil\u0259rin sakinl\u0259ri \u00f6z ya\u015fay\u0131\u015f yerl\u0259rini t\u0259rk etm\u0259y\u0259 m\u0259cbur edilib. Bu siyas\u0259t n\u0259tic\u0259sind\u0259 bu g\u00fcn n\u0259 Erm\u0259nistanda, n\u0259 d\u0259 i\u015f\u011fal olunmu\u015f Az\u0259rbaycan torpaqlar\u0131nda he\u00e7 bir az\u0259rbaycanl\u0131ya rast g\u0259linmir, bilavasit\u0259 etnik t\u0259mizl\u0259nm\u0259 v\u0259 k\u00f6\u00e7\u00fcr\u00fclm\u0259 siyas\u0259ti h\u0259yata ke\u00e7irilib. Az\u0259rbaycanda is\u0259 \u0259ksin\u0259, 120 mind\u0259n \u00e7ox erm\u0259ni dig\u0259r etnik azl\u0131qlarla birg\u0259 ya\u015fay\u0131r. Bir s\u00f6zl\u0259, Az\u0259rbaycan region \u00fc\u00e7\u00fcn bir model \u00f6lk\u0259dir. Az\u0259rbaycanda tolerantl\u0131q, multikulturalizml\u0259 ba\u011fl\u0131 ke\u00e7iril\u0259n t\u0259dbirl\u0259r x\u00fcsusi \u0259h\u0259miyy\u0259t\u0259 malikdir. Bel\u0259 t\u0259dbirl\u0259r, x\u00fcsusil\u0259 d\u0259 Az\u0259rbaycandak\u0131 tolerantl\u0131q d\u00fcnya ictimaiyy\u0259ti t\u0259r\u0259find\u0259n y\u00fcks\u0259k qiym\u0259tl\u0259ndirilir.<\/p>\n","protected":false},"excerpt":{"rendered":"<p>C\u0259nub-\u015e\u0259rqi Avropa v\u0259 Qafqaz Ara\u015fd\u0131rmalar M\u0259rk\u0259zinin r\u0259hb\u0259ri doktor Xristian Yohannes Henrix Az\u0259rbaycan\u0131n beyn\u0259lxalq m\u00fcnasib\u0259tl\u0259rd\u0259 rolu, multikulturalizm siyas\u0259ti, son vaxtlar \u00f6lk\u0259mizd\u0259&hellip;<\/p>\n","protected":false},"author":2,"featured_media":10028,"comment_status":"closed","ping_status":"closed","sticky":false,"template":"","format":"standard","meta":{"om_disable_all_campaigns":false,"_monsterinsights_skip_tracking":false,"_uf_show_specific_survey":0,"_uf_disable_surveys":false,"footnotes":""},"categories":[23,27,7,5],"tags":[],"aioseo_notices":[],"_links":{"self":[{"href":"https:\/\/hakimiyyet.info.az\/index.php?rest_route=\/wp\/v2\/posts\/10027"}],"collection":[{"href":"https:\/\/hakimiyyet.info.az\/index.php?rest_route=\/wp\/v2\/posts"}],"about":[{"href":"https:\/\/hakimiyyet.info.az\/index.php?rest_route=\/wp\/v2\/types\/post"}],"author":[{"embeddable":true,"href":"https:\/\/hakimiyyet.info.az\/index.php?rest_route=\/wp\/v2\/users\/2"}],"replies":[{"embeddable":true,"href":"https:\/\/hakimiyyet.info.az\/index.php?rest_route=%2Fwp%2Fv2%2Fcomments&post=10027"}],"version-history":[{"count":1,"href":"https:\/\/hakimiyyet.info.az\/index.php?rest_route=\/wp\/v2\/posts\/10027\/revisions"}],"predecessor-version":[{"id":10029,"href":"https:\/\/hakimiyyet.info.az\/index.php?rest_route=\/wp\/v2\/posts\/10027\/revisions\/10029"}],"wp:featuredmedia":[{"embeddable":true,"href":"https:\/\/hakimiyyet.info.az\/index.php?rest_route=\/wp\/v2\/media\/10028"}],"wp:attachment":[{"href":"https:\/\/hakimiyyet.info.az\/index.php?rest_route=%2Fwp%2Fv2%2Fmedia&parent=10027"}],"wp:term":[{"taxonomy":"category","embeddable":true,"href":"https:\/\/hakimiyyet.info.az\/index.php?rest_route=%2Fwp%2Fv2%2Fcategories&post=10027"},{"taxonomy":"post_tag","embeddable":true,"href":"https:\/\/hakimiyyet.info.az\/index.php?rest_route=%2Fwp%2Fv2%2Ftags&post=10027"}],"curies":[{"name":"wp","href":"https:\/\/api.w.org\/{rel}","templated":true}]}}