{"id":10039,"date":"2019-12-14T16:19:25","date_gmt":"2019-12-14T12:19:25","guid":{"rendered":"https:\/\/www.hakimiyyet.com\/?p=10039"},"modified":"2019-12-14T16:19:25","modified_gmt":"2019-12-14T12:19:25","slug":"elvin-isayev-1-sayli-istintaq-t%c9%99cridxanasina-yerl%c9%99sdirildi","status":"publish","type":"post","link":"https:\/\/hakimiyyet.info.az\/?p=10039","title":{"rendered":"Elvin \u0130sayev 1 sayl\u0131 istintaq t\u0259cridxanas\u0131na yerl\u0259\u015fdirildi"},"content":{"rendered":"<p>Az\u0259rbaycan v\u0259t\u0259nda\u015f\u0131, 1980-ci il t\u0259v\u0259ll\u00fcdl\u00fc \u0130sayev Elvin \u0130ltixam o\u011flu Ukraynada miqrasiya qanunvericiliyinin t\u0259l\u0259bl\u0259rinin pozulmas\u0131na g\u00f6r\u0259 12 dekabr 2019-cu il tarixd\u0259 qay\u0131d\u0131\u015f \u015f\u0259had\u0259tnam\u0259si \u0259sas\u0131nda Az\u0259rbaycana deportasiya edilib.<\/p>\n<p>D\u00f6vl\u0259t Miqrasiya Xidm\u0259tinin ictimaiyy\u0259tl\u0259 \u0259laq\u0259l\u0259r idar\u0259sind\u0259n\u00a0<a href=\"http:\/\/az.trend.az\/\" target=\"_blank\" rel=\"noopener noreferrer\">Trend<\/a>-a veril\u0259n m\u0259lumata g\u00f6r\u0259, E.\u0130sayevin m\u00f6vcud v\u0259ziyy\u0259ti il\u0259 \u0259laq\u0259dar z\u0259ruri ehtiyaclar\u0131n\u0131n \u00f6d\u0259nilm\u0259si \u00fc\u00e7\u00fcn D\u00f6vl\u0259t Miqrasiya Xidm\u0259tin\u0259 m\u00fcraci\u0259ti t\u0259min olunaraq k\u00f6n\u00fcll\u00fc tibbi m\u00fcayin\u0259d\u0259n ke\u00e7irilm\u0259kl\u0259 m\u00fcv\u0259qq\u0259ti s\u0131\u011f\u0131nacaqla t\u0259min edilmi\u015fdir.<\/p>\n<p>Eyni zamanda, Az\u0259rbaycan Respublikas\u0131 Ba\u015f Prokurorlu\u011funun A\u011f\u0131r cinay\u0259tl\u0259r\u0259 dair i\u015fl\u0259r \u00fczr\u0259 istintaq idar\u0259sind\u0259 istintaq edil\u0259n cinay\u0259t i\u015fi \u00fczr\u0259 bar\u0259sind\u0259 N\u0259simi rayon m\u0259hk\u0259m\u0259sinin 22 avqust 2019-cu il tarixli q\u0259rar\u0131 \u0259sas\u0131nda se\u00e7ilmi\u015f h\u0259bs q\u0259timkan t\u0259dbiri il\u0259 \u0259laq\u0259dar E.\u0130sayev dekabr\u0131n 14-d\u0259 Penitensiar xidm\u0259tin 1 sayl\u0131 istintaq t\u0259cridxanas\u0131na yerl\u0259\u015fdirilmi\u015fdir.<\/p>\n","protected":false},"excerpt":{"rendered":"<p>Az\u0259rbaycan v\u0259t\u0259nda\u015f\u0131, 1980-ci il t\u0259v\u0259ll\u00fcdl\u00fc \u0130sayev Elvin \u0130ltixam o\u011flu Ukraynada miqrasiya qanunvericiliyinin t\u0259l\u0259bl\u0259rinin pozulmas\u0131na g\u00f6r\u0259 12 dekabr 2019-cu il tarixd\u0259&hellip;<\/p>\n","protected":false},"author":2,"featured_media":10040,"comment_status":"closed","ping_status":"closed","sticky":false,"template":"","format":"standard","meta":{"om_disable_all_campaigns":false,"_monsterinsights_skip_tracking":false,"_uf_show_specific_survey":0,"_uf_disable_surveys":false,"footnotes":""},"categories":[23,15,2,5],"tags":[],"aioseo_notices":[],"_links":{"self":[{"href":"https:\/\/hakimiyyet.info.az\/index.php?rest_route=\/wp\/v2\/posts\/10039"}],"collection":[{"href":"https:\/\/hakimiyyet.info.az\/index.php?rest_route=\/wp\/v2\/posts"}],"about":[{"href":"https:\/\/hakimiyyet.info.az\/index.php?rest_route=\/wp\/v2\/types\/post"}],"author":[{"embeddable":true,"href":"https:\/\/hakimiyyet.info.az\/index.php?rest_route=\/wp\/v2\/users\/2"}],"replies":[{"embeddable":true,"href":"https:\/\/hakimiyyet.info.az\/index.php?rest_route=%2Fwp%2Fv2%2Fcomments&post=10039"}],"version-history":[{"count":1,"href":"https:\/\/hakimiyyet.info.az\/index.php?rest_route=\/wp\/v2\/posts\/10039\/revisions"}],"predecessor-version":[{"id":10041,"href":"https:\/\/hakimiyyet.info.az\/index.php?rest_route=\/wp\/v2\/posts\/10039\/revisions\/10041"}],"wp:featuredmedia":[{"embeddable":true,"href":"https:\/\/hakimiyyet.info.az\/index.php?rest_route=\/wp\/v2\/media\/10040"}],"wp:attachment":[{"href":"https:\/\/hakimiyyet.info.az\/index.php?rest_route=%2Fwp%2Fv2%2Fmedia&parent=10039"}],"wp:term":[{"taxonomy":"category","embeddable":true,"href":"https:\/\/hakimiyyet.info.az\/index.php?rest_route=%2Fwp%2Fv2%2Fcategories&post=10039"},{"taxonomy":"post_tag","embeddable":true,"href":"https:\/\/hakimiyyet.info.az\/index.php?rest_route=%2Fwp%2Fv2%2Ftags&post=10039"}],"curies":[{"name":"wp","href":"https:\/\/api.w.org\/{rel}","templated":true}]}}