{"id":10079,"date":"2019-12-15T11:19:26","date_gmt":"2019-12-15T07:19:26","guid":{"rendered":"https:\/\/www.hakimiyyet.com\/?p=10079"},"modified":"2019-12-15T11:19:26","modified_gmt":"2019-12-15T07:19:26","slug":"finlandiyali-nazir-instagram-paylasimina-gor%c9%99-uzr-ist%c9%99di","status":"publish","type":"post","link":"https:\/\/hakimiyyet.info.az\/?p=10079","title":{"rendered":"Finlandiyal\u0131 nazir \u201c\u0130nstagram\u201d payla\u015f\u0131m\u0131na g\u00f6r\u0259 \u00fczr ist\u0259di"},"content":{"rendered":"<p>Finlandiyan\u0131n yeni t\u0259yin olunmu\u015f maliyy\u0259 naziri Katri Kulmuni \u201c\u0130nstagram\u201dda yerl\u0259\u015fdirdiyi sor\u011fuya g\u00f6r\u0259 \u00fczr ist\u0259m\u0259li olub.<\/p>\n<p>Bel\u0259 ki, o, Suriyada olan finlandiyal\u0131 qa\u00e7q\u0131nlar\u0131n geri qaytar\u0131lmas\u0131 il\u0259 ba\u011fl\u0131 izl\u0259yicil\u0259rinin fikirl\u0259rini bilm\u0259k \u00fc\u00e7\u00fcn bu variantdan istifad\u0259 etm\u0259k ist\u0259yirmi\u015f.<\/p>\n<p>Sor\u011fusunda izl\u0259yicil\u0259rin\u0259 s\u0259sl\u0259n\u0259n maliyy\u0259 naziri \u0130\u015e\u0130D d\u00fc\u015f\u0259rg\u0259sind\u0259 olan qad\u0131nlardan v\u0259 u\u015faqlardan ibar\u0259t finl\u0259rin hans\u0131 s\u0259b\u0259bd\u0259n geri qaytar\u0131lmas\u0131 g\u0259r\u0259kdiyini soru\u015fub. Respondentl\u0259r iki variantda cavab ver\u0259 bil\u0259rdil\u0259r: \u201cancaq u\u015faqlar qay\u0131ts\u0131n\u201d, \u201canalar v\u0259 u\u015faqlar qay\u0131ts\u0131n\u201d.<\/p>\n<p>Ancaq v\u0259t\u0259nda\u015flar\u0131n v\u0259 h\u0259mkarlar\u0131n\u0131n ciddi t\u0259nqidind\u0259n sonra nazir \u201cTwitter\u201d hesab\u0131 vasit\u0259sil\u0259 izl\u0259yicil\u0259rind\u0259n \u00fczr ist\u0259yib v\u0259 sor\u011funu silib.<\/p>\n<p>\u201cM\u0259n sor\u011fuya g\u00f6r\u0259 \u00fczr ist\u0259yir\u0259m v\u0259 payla\u015f\u0131m\u0131 sildim. \u201cAl-Xol\u201d k\u00fcrd d\u00fc\u015f\u0259rg\u0259sind\u0259 t\u0259xmin\u0259n 10 qad\u0131n v\u0259 30 u\u015faq finlandiyal\u0131 var. Bir ne\u00e7\u0259 q\u0259rb d\u00f6vl\u0259ti \u00f6z u\u015faqlar\u0131n\u0131 \u201cAl-Xol\u201ddan v\u0259 Suriyan\u0131n \u015fimal\u0131ndak\u0131 dig\u0259r d\u00fc\u015f\u0259rg\u0259l\u0259rd\u0259n geri qaytar\u0131b. Bunlar cihad\u00e7\u0131lar\u0131n u\u015faqlar\u0131d\u0131r. Hans\u0131 ki, onlar\u0131n ail\u0259l\u0259ri v\u0259t\u0259nda\u015f m\u00fcharib\u0259si zaman\u0131 \u00f6l\u00fcb, yaralan\u0131b v\u0259 ya itkin d\u00fc\u015f\u00fcbl\u0259r. Siyas\u0259t\u00e7il\u0259r bu m\u0259s\u0259l\u0259 il\u0259 ba\u011fl\u0131 \u00e7al\u0131\u015f\u0131rlar. Onlar\u0131n bir \u00e7oxu ba\u015fa d\u00fc\u015f\u00fcrl\u0259r ki, k\u00f6rp\u0259 u\u015faqlar m\u00fcharib\u0259nin qurban\u0131 olublar\u201d, &#8211; dey\u0259 Katri Kulmuni bildirib.<\/p>\n<p>Qeyd ed\u0259k ki, Finlandiyada bu v\u0259t\u0259nda\u015flar\u0131n \u00f6lk\u0259y\u0259 d\u00f6n\u00fc\u015f\u00fcn\u0259 \u0259n \u00e7ox parlamentd\u0259ki mill\u0259t\u00e7il\u0259r etiraz edirl\u0259r.<\/p>\n","protected":false},"excerpt":{"rendered":"<p>Finlandiyan\u0131n yeni t\u0259yin olunmu\u015f maliyy\u0259 naziri Katri Kulmuni \u201c\u0130nstagram\u201dda yerl\u0259\u015fdirdiyi sor\u011fuya g\u00f6r\u0259 \u00fczr ist\u0259m\u0259li olub. Bel\u0259 ki, o, Suriyada olan&hellip;<\/p>\n","protected":false},"author":1,"featured_media":0,"comment_status":"closed","ping_status":"closed","sticky":false,"template":"","format":"standard","meta":{"om_disable_all_campaigns":false,"_monsterinsights_skip_tracking":false,"_uf_show_specific_survey":0,"_uf_disable_surveys":false,"footnotes":""},"categories":[5],"tags":[],"aioseo_notices":[],"_links":{"self":[{"href":"https:\/\/hakimiyyet.info.az\/index.php?rest_route=\/wp\/v2\/posts\/10079"}],"collection":[{"href":"https:\/\/hakimiyyet.info.az\/index.php?rest_route=\/wp\/v2\/posts"}],"about":[{"href":"https:\/\/hakimiyyet.info.az\/index.php?rest_route=\/wp\/v2\/types\/post"}],"author":[{"embeddable":true,"href":"https:\/\/hakimiyyet.info.az\/index.php?rest_route=\/wp\/v2\/users\/1"}],"replies":[{"embeddable":true,"href":"https:\/\/hakimiyyet.info.az\/index.php?rest_route=%2Fwp%2Fv2%2Fcomments&post=10079"}],"version-history":[{"count":1,"href":"https:\/\/hakimiyyet.info.az\/index.php?rest_route=\/wp\/v2\/posts\/10079\/revisions"}],"predecessor-version":[{"id":10080,"href":"https:\/\/hakimiyyet.info.az\/index.php?rest_route=\/wp\/v2\/posts\/10079\/revisions\/10080"}],"wp:attachment":[{"href":"https:\/\/hakimiyyet.info.az\/index.php?rest_route=%2Fwp%2Fv2%2Fmedia&parent=10079"}],"wp:term":[{"taxonomy":"category","embeddable":true,"href":"https:\/\/hakimiyyet.info.az\/index.php?rest_route=%2Fwp%2Fv2%2Fcategories&post=10079"},{"taxonomy":"post_tag","embeddable":true,"href":"https:\/\/hakimiyyet.info.az\/index.php?rest_route=%2Fwp%2Fv2%2Ftags&post=10079"}],"curies":[{"name":"wp","href":"https:\/\/api.w.org\/{rel}","templated":true}]}}