{"id":10192,"date":"2019-12-16T21:52:49","date_gmt":"2019-12-16T17:52:49","guid":{"rendered":"https:\/\/www.hakimiyyet.com\/?p=10192"},"modified":"2019-12-16T21:52:49","modified_gmt":"2019-12-16T17:52:49","slug":"sosial-muavin%c9%99tl%c9%99r-haqqinda-2020-ci-il-ucun-ehtiyac-meyarinin-h%c9%99ddi-haqqinda2020-ci-il-ucun-yasayis-minimumu-haqqinda","status":"publish","type":"post","link":"https:\/\/hakimiyyet.info.az\/?p=10192","title":{"rendered":"\u201cSosial m\u00fcavin\u0259tl\u0259r haqq\u0131nda\u201d, &#8220;2020-ci il \u00fc\u00e7\u00fcn ehtiyac meyar\u0131n\u0131n h\u0259ddi haqq\u0131nda&#8221;,&#8221;2020-ci il \u00fc\u00e7\u00fcn ya\u015fay\u0131\u015f minimumu haqq\u0131nda&#8221;,"},"content":{"rendered":"<div class=\"news_heading-date\">\n<h4 class=\"news_heading\">\u201cSosial m\u00fcavin\u0259tl\u0259r haqq\u0131nda\u201d Az\u0259rbaycan Respublikas\u0131n\u0131n Qanununda d\u0259yi\u015fiklik edilm\u0259si bar\u0259d\u0259 Az\u0259rbaycan Respublikas\u0131n\u0131n Qanunu<\/h4>\n<\/div>\n<div class=\"news-text-block\">\n<div class=\"news_paragraph-block\">\n<p>Az\u0259rbaycan Respublikas\u0131 Konstitusiyas\u0131n\u0131n 94-c\u00fc madd\u0259sinin I hiss\u0259sinin 16-c\u0131 b\u0259ndini r\u0259hb\u0259r tutaraq Az\u0259rbaycan Respublikas\u0131n\u0131n Milli M\u0259clisi q\u0259rara al\u0131r:<\/p>\n<p>Madd\u0259 1. \u201cSosial m\u00fcavin\u0259tl\u0259r haqq\u0131nda\u201d Az\u0259rbaycan Respublikas\u0131n\u0131n Qanununda (Az\u0259rbaycan Respublikas\u0131n\u0131n Qanunvericilik Toplusu, 2006, \u2116 2, madd\u0259 76; 2007, \u2116 10, madd\u0259 933; 2008, \u2116 6, madd\u0259l\u0259r 464, 475; 2013, \u2116 1, madd\u0259 19, \u2116 6, madd\u0259 618, \u2116 11, madd\u0259l\u0259r 1240, 1306; 2017, \u2116 7, madd\u0259 1278; 2018, \u2116 3, madd\u0259 400, \u2116 5, madd\u0259 869; 2019, \u2116 3, madd\u0259 380) a\u015fa\u011f\u0131dak\u0131 d\u0259yi\u015fiklikl\u0259r edilsin:<\/p>\n<p>1.1. 1.0.2-ci madd\u0259 a\u015fa\u011f\u0131dak\u0131 redaksiyada verilsin:<\/p>\n<p>\u201c1.0.2. \u0259m\u0259k qabiliyy\u0259ti olmayan \u015f\u0259xsl\u0259r &#8211; \u0259lilliyi olan \u015f\u0259xsl\u0259r, o c\u00fcml\u0259d\u0259n sa\u011flaml\u0131q imkanlar\u0131 m\u0259hdud 18 ya\u015f\u0131nad\u0259k u\u015faqlar, \u201c\u018fm\u0259k pensiyalar\u0131 haqq\u0131nda\u201d Az\u0259rbaycan Respublikas\u0131 Qanununun 7-ci v\u0259 8-ci madd\u0259l\u0259ri il\u0259 m\u00fc\u0259yy\u0259n edilmi\u015f ya\u015f h\u0259ddin\u0259 \u00e7atan \u015f\u0259xsl\u0259r, v\u0259fat etmi\u015f \u015f\u0259xsin 18 ya\u015f\u0131na \u00e7atmam\u0131\u015f (\u0259yani t\u0259hsil alanlar t\u0259hsili bitir\u0259n\u0259d\u0259k, lakin 23 ya\u015fdan \u00e7ox olmamaqla), yaxud 18 ya\u015f\u0131na \u00e7atanad\u0259k sa\u011flaml\u0131q imkanlar\u0131n\u0131n m\u0259hdudlu\u011fu m\u00fc\u0259yy\u0259n olunmu\u015f 18 ya\u015f\u0131ndan yuxar\u0131 \u0259lil \u00f6vladlar\u0131.\u201d;<\/p>\n<p>1.2. 5-ci madd\u0259nin m\u0259tni a\u015fa\u011f\u0131dak\u0131 redaksiyada verilsin:<\/p>\n<p>\u201c5.1. Bu Qanunun 4.0.1.1-4.0.1.3-c\u00fc, 4.0.1.5-4.0.1.6-c\u0131 v\u0259 4.0.1.13-c\u00fc madd\u0259l\u0259rind\u0259 n\u0259z\u0259rd\u0259 tutulan ayl\u0131q m\u00fcavin\u0259tl\u0259rd\u0259n bir ne\u00e7\u0259sini almaq h\u00fcququ olan \u015f\u0259xsl\u0259r \u00f6z arzusuna \u0259sas\u0259n bir n\u00f6v ayl\u0131q m\u00fcavin\u0259t se\u00e7\u0259 bil\u0259rl\u0259r.<\/p>\n<p>5.2. Bu Qanunun 4.0.1.4-c\u00fc v\u0259 4.0.1.5-ci madd\u0259l\u0259rind\u0259 n\u0259z\u0259rd\u0259 tutulan m\u00fcavin\u0259tl\u0259rd\u0259n h\u0259r ikisini almaq h\u00fcququ olan u\u015faqlara h\u0259r iki n\u00f6v ayl\u0131q m\u00fcavin\u0259t t\u0259yin edilir.<\/p>\n<p>5.3. Bu Qanunun 5.2-ci madd\u0259si h\u0259min madd\u0259d\u0259 g\u00f6st\u0259ril\u0259n m\u00fcavin\u0259tl\u0259rin 2020-ci il yanvar\u0131n 1-d\u0259n \u0259vv\u0259lki d\u00f6vr \u00fc\u00e7\u00fcn t\u0259yin edilm\u0259si v\u0259 ya yenid\u0259n hesablanmas\u0131 hallar\u0131na v\u0259 ail\u0259 ba\u015f\u00e7\u0131s\u0131n\u0131 itirm\u0259y\u0259 g\u00f6r\u0259 \u0259m\u0259k pensiyas\u0131 almaq h\u00fcququ olan (\u201c\u018fm\u0259k pensiyalar\u0131 haqq\u0131nda\u201d Az\u0259rbaycan Respublikas\u0131 Qanununun 14.4-c\u00fc madd\u0259sind\u0259 g\u00f6st\u0259ril\u0259n hal istisna olmaqla) sa\u011flaml\u0131q imkanlar\u0131 m\u0259hdud 18 ya\u015f\u0131nad\u0259k u\u015faqlara m\u00fcnasib\u0259td\u0259 t\u0259tbiq edilmir.\u201d;<\/p>\n<p>1.3. 7.0.5.1-ci madd\u0259y\u0259 \u201dolmad\u0131qda\u201d s\u00f6z\u00fcnd\u0259n sonra \u201c(\u201c\u018fm\u0259k pensiyalar\u0131 haqq\u0131nda\u201d Az\u0259rbaycan Respublikas\u0131 Qanununun 14.4-c\u00fc madd\u0259sind\u0259 g\u00f6st\u0259ril\u0259n hal istisna olmaqla)\u201d s\u00f6zl\u0259ri \u0259lav\u0259 edilsin;<\/p>\n<p>1.4. A\u015fa\u011f\u0131dak\u0131 m\u0259zmunda 9.1-1-ci madd\u0259 \u0259lav\u0259 edilsin:<\/p>\n<p>\u201c9.1-1. \u201c\u018fm\u0259k pensiyalar\u0131 haqq\u0131nda\u201d Az\u0259rbaycan Respublikas\u0131 Qanununun 14.4-c\u00fc madd\u0259sind\u0259 n\u0259z\u0259rd\u0259 tutulan \u015f\u0259xsl\u0259r\u0259 ail\u0259 ba\u015f\u00e7\u0131s\u0131n\u0131 itirm\u0259y\u0259 g\u00f6r\u0259 sosial m\u00fcavin\u0259tin 2020-ci il yanvar\u0131n 1-d\u0259n \u0259vv\u0259lki d\u00f6vr \u00fc\u00e7\u00fcn t\u0259yin edilm\u0259sin\u0259 (yenid\u0259n hesablanmas\u0131na) yol verilmir.\u201d.<\/p>\n<p>Madd\u0259 2. Bu Qanun 2020-ci il yanvar\u0131n 1-d\u0259n q\u00fcvv\u0259y\u0259 minir.<\/p>\n<p>\u0130lham \u018fliyev<\/p>\n<p>Az\u0259rbaycan Respublikas\u0131n\u0131n Prezidenti<\/p>\n<p>Bak\u0131 \u015f\u0259h\u0259ri, 29 noyabr 2019-cu il.<\/p>\n<p>&nbsp;<\/p>\n<div class=\"news_heading-date\">\n<h4 class=\"news_heading\">Az\u0259rbaycan Respublikas\u0131nda 2020-ci il \u00fc\u00e7\u00fcn ehtiyac meyar\u0131n\u0131n h\u0259ddi haqq\u0131nda Az\u0259rbaycan Respublikas\u0131n\u0131n Qanunu<\/h4>\n<\/div>\n<div class=\"news-text-block\">\n<div class=\"news_paragraph-block\">\n<p>Az\u0259rbaycan Respublikas\u0131n\u0131n Milli M\u0259clisi Az\u0259rbaycan Respublikas\u0131 Konstitusiyas\u0131n\u0131n 94-c\u00fc madd\u0259sinin I hiss\u0259sinin 16-c\u0131 b\u0259ndini r\u0259hb\u0259r tutaraq q\u0259rara al\u0131r:<\/p>\n<p>Madd\u0259 1. Ehtiyac meyar\u0131n\u0131n h\u0259ddi<\/p>\n<p>\u00dcnvanl\u0131 d\u00f6vl\u0259t sosial yard\u0131m\u0131n\u0131n t\u0259yin edilm\u0259si m\u0259qs\u0259dil\u0259 2020-ci il \u00fc\u00e7\u00fcn ehtiyac meyar\u0131n\u0131n h\u0259ddi 160 manat m\u0259bl\u0259\u011find\u0259 t\u0259sdiq edilsin.<\/p>\n<p>Madd\u0259 2. Qanunun q\u00fcvv\u0259y\u0259 minm\u0259si<\/p>\n<p>Bu Qanun 2020-ci il yanvar\u0131n 1-d\u0259n q\u00fcvv\u0259y\u0259 minir.<\/p>\n<p>\u0130lham \u018fliyev<\/p>\n<p>Az\u0259rbaycan Respublikas\u0131n\u0131n Prezidenti<\/p>\n<p>Bak\u0131 \u015f\u0259h\u0259ri, 29 noyabr 2019-cu il.<\/p>\n<p>&nbsp;<\/p>\n<div class=\"news_heading-date\">\n<h4 class=\"news_heading\">Az\u0259rbaycan Respublikas\u0131nda 2020-ci il \u00fc\u00e7\u00fcn ya\u015fay\u0131\u015f minimumu haqq\u0131nda Az\u0259rbaycan Respublikas\u0131n\u0131n Qanunu<\/h4>\n<\/div>\n<div class=\"news-text-block\">\n<div class=\"news_paragraph-block\">\n<p>Az\u0259rbaycan Respublikas\u0131 Konstitusiyas\u0131n\u0131n 94-c\u00fc madd\u0259sinin I hiss\u0259sinin 16-c\u0131 b\u0259ndini r\u0259hb\u0259r tutaraq Az\u0259rbaycan Respublikas\u0131n\u0131n Milli M\u0259clisi q\u0259rara al\u0131r:<\/p>\n<p>Madd\u0259 1. \u018fhalinin \u0259sas sosial-demoqrafik qruplar\u0131 \u00fczr\u0259 ya\u015fay\u0131\u015f minimumunun m\u0259bl\u0259\u011fi<\/p>\n<p>2020-ci il \u00fc\u00e7\u00fcn ya\u015fay\u0131\u015f minimumu \u00f6lk\u0259 \u00fczr\u0259 190 manat, \u0259m\u0259k qabiliyy\u0259tli \u0259hali \u00fc\u00e7\u00fcn 201 manat, pensiya\u00e7\u0131lar \u00fc\u00e7\u00fcn 157 manat, u\u015faqlar \u00fc\u00e7\u00fcn 170 manat m\u0259bl\u0259\u011find\u0259 m\u00fc\u0259yy\u0259n edilsin.<\/p>\n<p>Madd\u0259 2. Qanunun q\u00fcvv\u0259y\u0259 minm\u0259si<\/p>\n<p>Bu Qanun 2020-ci il yanvar\u0131n 1-d\u0259n q\u00fcvv\u0259y\u0259 minir.<\/p>\n<p>\u0130lham \u018fliyev<\/p>\n<p>Az\u0259rbaycan Respublikas\u0131n\u0131n Prezidenti<\/p>\n<p>Bak\u0131 \u015f\u0259h\u0259ri, 29 noyabr 2019-cu il.<\/p>\n<p>&nbsp;<\/p>\n<\/div>\n<\/div>\n<\/div>\n<\/div>\n<\/div>\n<\/div>\n","protected":false},"excerpt":{"rendered":"<p>\u201cSosial m\u00fcavin\u0259tl\u0259r haqq\u0131nda\u201d Az\u0259rbaycan Respublikas\u0131n\u0131n Qanununda d\u0259yi\u015fiklik edilm\u0259si bar\u0259d\u0259 Az\u0259rbaycan Respublikas\u0131n\u0131n Qanunu Az\u0259rbaycan Respublikas\u0131 Konstitusiyas\u0131n\u0131n 94-c\u00fc madd\u0259sinin I hiss\u0259sinin 16-c\u0131&hellip;<\/p>\n","protected":false},"author":2,"featured_media":9083,"comment_status":"closed","ping_status":"closed","sticky":false,"template":"","format":"standard","meta":{"om_disable_all_campaigns":false,"_monsterinsights_skip_tracking":false,"_uf_show_specific_survey":0,"_uf_disable_surveys":false,"footnotes":""},"categories":[23,2,3,4,5],"tags":[],"aioseo_notices":[],"_links":{"self":[{"href":"https:\/\/hakimiyyet.info.az\/index.php?rest_route=\/wp\/v2\/posts\/10192"}],"collection":[{"href":"https:\/\/hakimiyyet.info.az\/index.php?rest_route=\/wp\/v2\/posts"}],"about":[{"href":"https:\/\/hakimiyyet.info.az\/index.php?rest_route=\/wp\/v2\/types\/post"}],"author":[{"embeddable":true,"href":"https:\/\/hakimiyyet.info.az\/index.php?rest_route=\/wp\/v2\/users\/2"}],"replies":[{"embeddable":true,"href":"https:\/\/hakimiyyet.info.az\/index.php?rest_route=%2Fwp%2Fv2%2Fcomments&post=10192"}],"version-history":[{"count":1,"href":"https:\/\/hakimiyyet.info.az\/index.php?rest_route=\/wp\/v2\/posts\/10192\/revisions"}],"predecessor-version":[{"id":10193,"href":"https:\/\/hakimiyyet.info.az\/index.php?rest_route=\/wp\/v2\/posts\/10192\/revisions\/10193"}],"wp:featuredmedia":[{"embeddable":true,"href":"https:\/\/hakimiyyet.info.az\/index.php?rest_route=\/wp\/v2\/media\/9083"}],"wp:attachment":[{"href":"https:\/\/hakimiyyet.info.az\/index.php?rest_route=%2Fwp%2Fv2%2Fmedia&parent=10192"}],"wp:term":[{"taxonomy":"category","embeddable":true,"href":"https:\/\/hakimiyyet.info.az\/index.php?rest_route=%2Fwp%2Fv2%2Fcategories&post=10192"},{"taxonomy":"post_tag","embeddable":true,"href":"https:\/\/hakimiyyet.info.az\/index.php?rest_route=%2Fwp%2Fv2%2Ftags&post=10192"}],"curies":[{"name":"wp","href":"https:\/\/api.w.org\/{rel}","templated":true}]}}