{"id":10237,"date":"2019-12-18T04:46:37","date_gmt":"2019-12-18T00:46:37","guid":{"rendered":"https:\/\/www.hakimiyyet.com\/?p=10237"},"modified":"2019-12-18T04:46:37","modified_gmt":"2019-12-18T00:46:37","slug":"bakida-az%c9%99rbaycan-ukrayna-biznes-forumu-kecirilib","status":"publish","type":"post","link":"https:\/\/hakimiyyet.info.az\/?p=10237","title":{"rendered":"Bak\u0131da Az\u0259rbaycan-Ukrayna biznes forumu ke\u00e7irilib"},"content":{"rendered":"<p>Dekabr\u0131n 17-d\u0259 Bak\u0131da Az\u0259rbaycan-Ukrayna biznes forumu ke\u00e7irilib.<\/p>\n<p><a href=\"https:\/\/apa.az\/\" target=\"_blank\" rel=\"noopener noreferrer\">APA<\/a>\u00a0x\u0259b\u0259r verir ki, Az\u0259rbaycan Respublikas\u0131n\u0131n Prezidenti \u0130lham \u018fliyev v\u0259 \u00f6lk\u0259mizd\u0259 r\u0259smi s\u0259f\u0259rd\u0259 olan Ukrayna Prezidenti Vladimir Zelenski biznes forumda i\u015ftirak edibl\u0259r.<\/p>\n<p>D\u00f6vl\u0259t ba\u015f\u00e7\u0131lar\u0131 biznes forumda \u00e7\u0131x\u0131\u015f etdil\u0259r.<\/p>\n<p><strong>Prezident \u0130lham \u018fliyevin \u00e7\u0131x\u0131\u015f\u0131<\/strong><\/p>\n<p>&#8211; H\u00f6rm\u0259tli c\u0259nab Prezident.<\/p>\n<p>H\u00f6rm\u0259tli qonaqlar, xan\u0131mlar v\u0259 c\u0259nablar.<\/p>\n<p>Bu g\u00fcn Az\u0259rbaycan-Ukrayna biznes forumunda Ukraynadan 90-dan \u00e7ox \u015firk\u0259t, Az\u0259rbaycandan is\u0259 100-d\u0259n art\u0131q \u015firk\u0259t t\u0259msil olunur. Bu r\u0259q\u0259ml\u0259r \u00f6zl\u00fcy\u00fcnd\u0259 bir g\u00f6st\u0259ricidir. Onu g\u00f6st\u0259rir ki, bel\u0259 biznes forumun ke\u00e7irilm\u0259sin\u0259 b\u00f6y\u00fck maraq var. S\u00f6z\u00fcn d\u00fcz\u00fc, \u00e7oxdand\u0131r ki, Ukrayna-Az\u0259rbaycan biznes forumlar\u0131 ke\u00e7irilmirdi. Onu da bildirm\u0259liy\u0259m ki, \u00e7oxdand\u0131r h\u00f6kum\u0259tl\u0259raras\u0131 komissiya f\u0259aliyy\u0259t g\u00f6st\u0259rmirdi. Bu g\u00fcn Prezident Zelenskinin s\u0259f\u0259ri zaman\u0131 b\u00fct\u00fcn bu m\u0259s\u0259l\u0259l\u0259r geni\u015f m\u00fczakir\u0259 olundu. M\u00fczakir\u0259 edil\u0259n m\u0259s\u0259l\u0259l\u0259rin aras\u0131nda iqtisadi-ticari m\u0259s\u0259l\u0259l\u0259r x\u00fcsusi yer tutmu\u015fdur.<\/p>\n<p>M\u0259n hesab edir\u0259m ki, Prezidentin s\u0259f\u0259ri b\u00fct\u00f6vl\u00fckd\u0259 \u00e7ox u\u011furludur. Biz bu g\u00fcn \u00e7ox geni\u015f fikir m\u00fcbadil\u0259si aparm\u0131\u015f\u0131q, bir ne\u00e7\u0259 \u00f6n\u0259mli s\u0259n\u0259d imzalan\u0131b. \u018fsas odur ki, bizim aram\u0131zda yaranan qar\u015f\u0131l\u0131ql\u0131 etimad, \u0259min\u0259m ki, Ukrayna-Az\u0259rbaycan \u0259laq\u0259l\u0259rinin inki\u015faf\u0131 \u00fc\u00e7\u00fcn \u00f6n\u0259mli rol oynayacaq.<\/p>\n<p>O ki qald\u0131, iqtisadi \u0259laq\u0259l\u0259r\u0259, burada istifad\u0259 olunmam\u0131\u015f \u00e7ox b\u00f6y\u00fck potensial var. Bu g\u00fcn biz bu bar\u0259d\u0259 fikir m\u00fcbadil\u0259si apard\u0131q, g\u00f6rd\u00fck ki, bu il ticar\u0259t d\u00f6vriyy\u0259sinin artmas\u0131na baxmayaraq, m\u00fctl\u0259q r\u0259q\u0259ml\u0259r bizi qane ed\u0259 bilm\u0259z. X\u00fcsusil\u0259 Az\u0259rbaycan\u0131n Ukraynaya ixrac\u0131 birt\u0259r\u0259flidir, y\u0259ni bu, enerji da\u015f\u0131y\u0131c\u0131lar\u0131 \u0259sas\u0131nda formala\u015f\u0131r. Biz \u00e7ox ist\u0259rdik ki, Ukraynaya ixrac\u0131m\u0131z\u0131 \u015fax\u0259l\u0259ndir\u0259k v\u0259 bu m\u0259qs\u0259dl\u0259 bir ne\u00e7\u0259 add\u0131m at\u0131lm\u0131\u015fd\u0131r, o c\u00fcml\u0259d\u0259n ke\u00e7\u0259n il Kiyevd\u0259 Az\u0259rbaycan\u0131n ticar\u0259t evi a\u00e7\u0131lm\u0131\u015fd\u0131r. Hesab edir\u0259m ki, bel\u0259 ticar\u0259t evl\u0259rinin say\u0131 \u00e7ox olmal\u0131d\u0131r v\u0259 bu g\u00fcn Bak\u0131da Ukraynan\u0131n ticar\u0259t m\u0259rk\u0259zi a\u00e7\u0131lm\u0131\u015fd\u0131r. Bu da \u00e7ox g\u00f6z\u0259l hadis\u0259dir.<\/p>\n<p>Bel\u0259likl\u0259, qar\u015f\u0131l\u0131ql\u0131 ticar\u0259tin t\u0259\u015fviqi \u00fc\u00e7\u00fcn \u00e7ox \u00f6n\u0259mli add\u0131mlar at\u0131lacaq. Eyni zamanda, hesab edir\u0259m ki, biz s\u0259rmay\u0259 qoyulu\u015fu m\u0259s\u0259l\u0259l\u0259rind\u0259 yeni m\u0259rh\u0259l\u0259y\u0259 q\u0259d\u0259m qoya bil\u0259rik. Son 15 il \u0259rzind\u0259 Az\u0259rbaycana 270 milyard dollar s\u0259rmay\u0259 qoyulubdur. Bu s\u0259rmay\u0259nin yar\u0131s\u0131 xarici s\u0259rmay\u0259dir. Bu, onu g\u00f6st\u0259rir ki, \u00f6lk\u0259mizd\u0259 \u00e7ox g\u00f6z\u0259l investisiya iqlimi vard\u0131r, xarici investorlar\u0131n maraqlar\u0131 v\u0259 buraya qoyulan v\u0259sait d\u00f6vl\u0259t t\u0259r\u0259find\u0259n qorunur. Ukraynada da investisiya iqlimi yax\u015f\u0131la\u015f\u0131r. Biz bunu g\u00f6r\u00fcr\u00fck v\u0259 b\u00f6y\u00fck investisiyalarla, \u00f6z\u0259ll\u0259\u015fdirm\u0259 il\u0259 ba\u011fl\u0131 b\u00f6y\u00fck planlar var. Bu bar\u0259d\u0259 biz Prezidentl\u0259 dan\u0131\u015fd\u0131q, hesab edir\u0259m ki, Az\u0259rbaycan \u015firk\u0259tl\u0259ri m\u00fcxt\u0259lif investisiya layih\u0259l\u0259rind\u0259 f\u0259al i\u015ftirak etm\u0259lidirl\u0259r. Biz raz\u0131la\u015fd\u0131q ki, g\u0259l\u0259n ilin \u0259vv\u0259lind\u0259 Ukraynada h\u00f6kum\u0259tl\u0259raras\u0131 birg\u0259 komissiyan\u0131n iclas\u0131 ke\u00e7iril\u0259c\u0259k. Biz bu komissiyan\u0131n iclas\u0131na ciddi haz\u0131rla\u015fmal\u0131y\u0131q. \u0130clasda h\u0259m d\u00f6vl\u0259t qurumlar\u0131n\u0131n, h\u0259m d\u0259 \u00f6z\u0259l sektorun n\u00fcmay\u0259nd\u0259l\u0259ri i\u015ftirak etm\u0259lidirl\u0259r. Bu komissiyan\u0131n i\u015finin konkret n\u0259tic\u0259l\u0259ri olmal\u0131d\u0131r v\u0259 ondan sonra biz\u0259 m\u0259ruz\u0259 edilm\u0259lidir.<\/p>\n<p>Biznes dair\u0259l\u0259ri \u00e7ox h\u0259ssasd\u0131r. Onlar ad\u0259t\u0259n s\u0259rmay\u0259 qoyulu\u015fu m\u0259s\u0259l\u0259l\u0259rin\u0259 \u00e7ox b\u00f6y\u00fck h\u0259ssasl\u0131qla, ehtiyatla yana\u015f\u0131rlar v\u0259 d\u00f6vl\u0259t qurumlar\u0131ndan m\u00fcvafiq siqnallar g\u00f6zl\u0259yirl\u0259r. Hesab edir\u0259m ki, bizim Prezident Zelenski il\u0259 bu biznes forumda birg\u0259 i\u015ftirak\u0131m\u0131z biznes dair\u0259l\u0259rin\u0259 \u0259n g\u00f6z\u0259l siqnald\u0131r. Hesab edir\u0259m ki, onlar da bunu d\u00fczg\u00fcn ba\u015fa d\u00fc\u015fm\u0259li v\u0259 n\u0259tic\u0259 \u00e7\u0131xarmal\u0131d\u0131rlar. N\u0259tic\u0259 d\u0259 o olmal\u0131d\u0131r ki, bizim iqtisadi \u0259laq\u0259l\u0259rimiz daha s\u0131x olsun. \u018fm\u0259kda\u015fl\u0131q \u00fc\u00e7\u00fcn \u00e7ox geni\u015f imkanlar vard\u0131r. M\u0259n s\u0259rmay\u0259 qoyulu\u015funu qeyd etdim, eyni zamanda, h\u0259m Az\u0259rbaycanda, h\u0259m d\u0259 Ukraynada turizm sah\u0259sind\u0259 b\u00f6y\u00fck imkanlar var. Bizim \u00f6lk\u0259l\u0259rimizin \u00e7ox z\u0259ngin, f\u00fcsunkar t\u0259bi\u0259ti, inki\u015faf etmi\u015f infrastrukturu var, ona g\u00f6r\u0259 bu sah\u0259y\u0259 d\u0259 diqq\u0259t yetirilm\u0259lidir.<\/p>\n<p>K\u0259nd t\u0259s\u0259rr\u00fcfat\u0131nda \u0259m\u0259kda\u015fl\u0131q u\u011furla davam etdiril\u0259 bil\u0259r. Bug\u00fcnk\u00fc \u0259m\u0259kda\u015fl\u0131\u011f\u0131n s\u0259viyy\u0259si, \u0259lb\u0259tt\u0259 ki, bizi qane ed\u0259 bilm\u0259z. B\u00fct\u00f6vl\u00fckd\u0259 b\u00fct\u00fcn sah\u0259l\u0259rd\u0259 biz \u0259m\u0259kda\u015fl\u0131\u011fa a\u00e7\u0131\u011f\u0131q v\u0259 hesab edir\u0259m ki, s\u0259f\u0259rin bu m\u0259s\u0259l\u0259l\u0259rin h\u0259llind\u0259 \u00e7ox \u00f6n\u0259mli rolu olacaqd\u0131r.<\/p>\n<p>O ki qald\u0131, Az\u0259rbaycanda iqtisadi v\u0259ziyy\u0259tin inki\u015faf\u0131na, ukraynal\u0131 qonaqlara bildirm\u0259liy\u0259m ki, &#8211; art\u0131q bunu qeyd etdim, &#8211; \u00f6lk\u0259mizd\u0259 investisiya iqlimi \u00e7ox m\u00fcsb\u0259tdir v\u0259 qoyulan s\u0259rmay\u0259nin h\u0259cmi bunu \u0259yani \u015f\u0259kild\u0259 g\u00f6st\u0259rir. Son 15 il \u0259rzind\u0259 Az\u0259rbaycanda iqtisadi art\u0131m \u00e7ox s\u00fcr\u0259tl\u0259 gedib, dey\u0259 bil\u0259r\u0259m ki, iqtisadiyyat \u00fc\u00e7 d\u0259f\u0259d\u0259n \u00e7ox artm\u0131\u015fd\u0131r. Y\u0259ni, \u00fcmumi daxili m\u0259hsul 300 faizd\u0259n \u00e7ox artm\u0131\u015fd\u0131r v\u0259 \u0259lb\u0259tt\u0259, bu, imkan verdi ki, biz h\u0259m iqtisadi g\u00fcc\u00fcm\u00fcz\u00fc art\u0131raq, h\u0259m d\u0259 infrastruktur layih\u0259l\u0259rini icra ed\u0259k. \u018fg\u0259r 15 il bundan \u0259vv\u0259l yoxsulluq t\u0259xmin\u0259n 50 faiz s\u0259viyy\u0259sind\u0259 idis\u0259, bu g\u00fcn bu, 5 faiz s\u0259viyy\u0259sind\u0259dir. Y\u0259ni, bu, onu g\u00f6st\u0259rir ki, t\u0259bii resurslardan \u0259ld\u0259 edilmi\u015f g\u0259lirl\u0259r c\u0259miyy\u0259td\u0259 b\u0259rab\u0259r \u015f\u0259kild\u0259 b\u00f6l\u00fcn\u00fcr v\u0259 c\u0259miyy\u0259tin h\u0259r bir t\u0259b\u0259q\u0259si bundan fayda g\u00f6r\u00fcr.<\/p>\n<p>Bu il biz \u00e7ox ciddi sosial paket t\u0259qdim etdik. \u018fhalimizin t\u0259xmin\u0259n yar\u0131s\u0131 \u2013 4 milyon 200 min n\u0259f\u0259r geni\u015f sosial paketl\u0259 \u0259hat\u0259 olundu, minimum \u0259m\u0259khaqq\u0131 2 d\u0259f\u0259, minimum pensiya 70 faiz, b\u0259zi m\u00fcavin\u0259tl\u0259r 50 faiz, b\u0259zi m\u00fcavin\u0259tl\u0259r is\u0259 100 faiz art\u0131r\u0131ld\u0131 v\u0259 Az\u0259rbaycan d\u00f6vl\u0259ti \u00f6z siyas\u0259tinin mahiyy\u0259tini bir daha g\u00f6st\u0259rdi. Bizim siyas\u0259timizin m\u0259rk\u0259zind\u0259 Az\u0259rbaycan v\u0259t\u0259nda\u015f\u0131 dayan\u0131r v\u0259 biz \u0259ld\u0259 edilmi\u015f \u0259lav\u0259 g\u0259lirl\u0259ri, ilk n\u00f6vb\u0259d\u0259, sosial layih\u0259l\u0259r\u0259 y\u00f6n\u0259ldirik. Eyni zamanda, t\u0259bii ki, infrastruktur layih\u0259l\u0259ri d\u0259 \u00f6n\u0259mli yer tutur.<\/p>\n<p>Biznes m\u00fchitini xarakteriz\u0259 etm\u0259k \u00fc\u00e7\u00fcn bildirm\u0259liy\u0259m ki, Az\u0259rbaycan iqtisadiyyat\u0131n\u0131n 85 faizi \u00f6z\u0259l sektorda formala\u015f\u0131r. Bu, o dem\u0259kdir ki, geni\u015f \u00f6z\u0259ll\u0259\u015fdirm\u0259 prosesi art\u0131q tamamlanmaq \u00fczr\u0259dir. D\u00f6vl\u0259tin inhisar\u0131nda yaln\u0131z strateji aktivl\u0259r qal\u0131bd\u0131r. M\u0259s\u0259l\u0259n, D\u00f6vl\u0259t Neft \u015eirk\u0259ti &#8211; bizim enerji \u015firk\u0259timiz, su \u015firk\u0259timiz, yol tikintisi \u015firk\u0259ti, d\u0259mir yolu, X\u0259z\u0259r G\u0259mi\u00e7iliyi, AZAL &#8211; bizim hava yollar\u0131 v\u0259 bir ne\u00e7\u0259 ba\u015fqa \u015firk\u0259t. Onlardan ba\u015fqa bizim b\u00fct\u00fcn dig\u0259r qurumlar\u0131m\u0131z \u00f6z\u0259l sektorda f\u0259aliyy\u0259t g\u00f6st\u0259rir v\u0259 \u0259lb\u0259tt\u0259 ki, bu, xarici investorlar \u00fc\u00e7\u00fcn d\u0259 \u00e7ox g\u00f6z\u0259l iqlim yarad\u0131r.<\/p>\n<p>Son d\u00f6vrl\u0259rd\u0259 vergi v\u0259 g\u00f6mr\u00fck orqanlar\u0131nda apar\u0131lan islahatlar bu sah\u0259l\u0259rd\u0259 \u00f6z n\u0259tic\u0259sini verm\u0259kd\u0259dir. \u00d6lk\u0259mizd\u0259 bu sah\u0259l\u0259r \u00e7ox problemli sah\u0259l\u0259r idi. Amma son bir ne\u00e7\u0259 il \u0259rzind\u0259 \u00e7ox ciddi islahatlar apar\u0131ld\u0131 v\u0259 art\u0131q bu sah\u0259l\u0259r \u015f\u0259ffafla\u015fd\u0131 v\u0259 biznes d\u0259rhal m\u00fcsb\u0259t reaksiya verdi. Bu ilin 11 ay\u0131nda vergi v\u0259 g\u00f6mr\u00fck orqanlar\u0131 x\u0259zin\u0259y\u0259 plandan \u0259lav\u0259 t\u0259qrib\u0259n 600 milyon dollar v\u0259sait daxil etmi\u015fl\u0259r. Xarici borcumuz \u00e7ox a\u015fa\u011f\u0131 s\u0259viyy\u0259d\u0259dir, \u00fcmumi daxili m\u0259hsulun c\u0259mi 17 faizini t\u0259\u015fkil edir. Bu g\u00f6st\u0259riciy\u0259 g\u00f6r\u0259 Az\u0259rbaycan d\u00fcnyada doqquzuncu yerd\u0259dir. Bizim valyuta ehtiyatlar\u0131m\u0131z xarici borcumuzdan be\u015f d\u0259f\u0259 art\u0131qd\u0131r. Y\u0259ni, biz ist\u0259nil\u0259n vaxtda xarici borcu s\u0131f\u0131rlaya bil\u0259rik. Bu yax\u0131nlarda Beyn\u0259lxalq \u0130nki\u015faf Assosiasiyas\u0131n\u0131n hesabat\u0131na g\u00f6r\u0259 Az\u0259rbaycan t\u0259miz donor \u00f6lk\u0259sin\u0259 \u00e7evrilibdir. Y\u0259ni, biz indi borc alan \u00f6lk\u0259 deyil, borc ver\u0259n \u00f6lk\u0259yik. Biz \u00f6z\u00fcm\u00fcz d\u0259 xarici \u00f6lk\u0259l\u0259r\u0259 s\u0259rmay\u0259 qoyuruq. Bu s\u0259rmay\u0259l\u0259r 20 milyard dollardan art\u0131qd\u0131r. Bizim t\u0259\u015f\u0259bb\u00fcs\u00fcm\u00fczl\u0259 b\u00f6lg\u0259d\u0259 \u00e7ox \u00f6n\u0259mli enerji v\u0259 n\u0259qliyyat layih\u0259l\u0259ri h\u0259yata ke\u00e7irildi. Bu layih\u0259l\u0259rin h\u0259yata ke\u00e7irilm\u0259sind\u0259 xarici banklar, Avropa banklar\u0131, Asiya banklar\u0131 biz\u0259 \u00f6z maliyy\u0259 d\u0259st\u0259yini g\u00f6st\u0259rdi. Biz bu d\u0259st\u0259k v\u0259 daxili resurslar\u0131m\u0131z hesab\u0131na X\u0259z\u0259r d\u0259nizini neft k\u0259m\u0259rl\u0259ri il\u0259 Qara d\u0259niz v\u0259 Aral\u0131q d\u0259nizi il\u0259 birl\u0259\u015fdirdik. Eyni zamanda, Az\u0259rbaycandan Avropaya uzanan 3 min 500 kilometrlik qaz x\u0259tti art\u0131q tamamlanmaq \u00fczr\u0259dir. G\u0259l\u0259n il biz bunun a\u00e7\u0131l\u0131\u015f\u0131n\u0131 qeyd ed\u0259c\u0259yik v\u0259 bel\u0259likl\u0259, Az\u0259rbaycan n\u0259inki neft ixracat\u00e7\u0131s\u0131, eyni zamanda, qaz ixracat\u00e7\u0131s\u0131 kimi d\u00fcnyada \u00f6z s\u00f6z\u00fcn\u00fc dey\u0259c\u0259k.<\/p>\n<p>Bununla paralel olaraq biz art\u0131q elektrik enerjisini d\u0259 ixrac edirik, o c\u00fcml\u0259d\u0259n Avropaya. Artan enerji generasiya g\u00fccl\u0259rimiz imkan yarad\u0131r ki, &#8211; t\u0259bii ki, biz daxili t\u0259l\u0259bat\u0131m\u0131z\u0131 \u00f6d\u0259mi\u015fik, &#8211; ba\u015fqa \u00f6lk\u0259l\u0259rin enerji t\u0259hl\u00fck\u0259sizliyin\u0259 d\u0259 t\u00f6hf\u0259 veririk.<\/p>\n<p>Bu g\u00fcn m\u00fczakir\u0259 olunan m\u0259s\u0259l\u0259l\u0259rd\u0259n biri d\u0259 n\u0259qliyyatla ba\u011fl\u0131d\u0131r v\u0259 burada da \u0259m\u0259kda\u015fl\u0131q \u00fc\u00e7\u00fcn \u00e7ox geni\u015f imkanlar var. Biz Ukraynan\u0131n n\u0259qliyyat infrastrukturunu Az\u0259rbaycan\u0131n n\u0259qliyyat infrastrukturu il\u0259 birl\u0259\u015fdir\u0259 v\u0259 vahid tarif siyas\u0259ti apara bils\u0259k, hesab edir\u0259m ki, \u00f6lk\u0259l\u0259rimizin \u0259razisind\u0259n ke\u00e7\u0259n y\u00fckda\u015f\u0131malar\u0131n h\u0259cmi k\u0259skin artacaq. Biz ke\u00e7\u0259n il\u0259 nisb\u0259t\u0259n art\u0131m\u0131 g\u00f6r\u00fcr\u00fck, ancaq hesab edirik ki, bu, daha da t\u0259sirli ola bil\u0259r.<\/p>\n<p>Az\u0259rbaycan a\u00e7\u0131q d\u0259nizl\u0259r\u0259 \u00e7\u0131x\u0131\u015f\u0131 olmayan \u00f6lk\u0259dir. Amma buna baxmayaraq, biz \u00e7ox b\u00f6y\u00fck investisiya layih\u0259l\u0259ri il\u0259 Az\u0259rbaycan\u0131 beyn\u0259lxalq n\u0259qliyyat-logistika m\u0259rk\u0259zl\u0259rind\u0259n birin\u0259 \u00e7evirdik v\u0259 \u0259razimizd\u0259n ke\u00e7\u0259n \u015e\u0259rq-Q\u0259rb v\u0259 \u015eimal-C\u0259nub n\u0259qliyyat d\u0259hlizl\u0259ri bizim bu rolumuzu art\u0131r\u0131r. Bu layih\u0259l\u0259r sonrak\u0131 dig\u0259r layih\u0259l\u0259r\u0259 d\u0259 t\u0259kan verdi, o c\u00fcml\u0259d\u0259n \u015eimal-Q\u0259rb v\u0259 C\u0259nub-Q\u0259rb n\u0259qliyyat d\u0259hlizi layih\u0259l\u0259ri. Y\u0259ni, b\u00fct\u00fcn bu yollar Az\u0259rbaycan \u0259razisind\u0259n ke\u00e7ir. Bu layih\u0259l\u0259r s\u0131rf iqtisadi v\u0259 n\u0259qliyyat layih\u0259l\u0259ri deyil, geni\u015f m\u0259nada beyn\u0259lxalq \u0259m\u0259kda\u015fl\u0131\u011fa da \u00f6z t\u00f6hf\u0259sini verir. \u00c7\u00fcnki bu d\u0259hlizl\u0259r \u00fcz\u0259rind\u0259 yerl\u0259\u015f\u0259n \u00f6lk\u0259l\u0259r t\u0259bii m\u00fctt\u0259fiql\u0259r statusuna qalx\u0131rlar. Bel\u0259likl\u0259, bu layih\u0259l\u0259r, o c\u00fcml\u0259d\u0259n t\u0259hl\u00fck\u0259sizliy\u0259, \u0259min-amanl\u0131\u011fa, qar\u015f\u0131l\u0131ql\u0131 anla\u015fmaya da xidm\u0259t g\u00f6st\u0259rir. Hesab edir\u0259m ki, b\u00fct\u00fcn bu m\u00fcsb\u0259t \u0259saslar\u0131 n\u0259z\u0259r\u0259 alaraq biz q\u0131sa m\u00fcdd\u0259t \u0259rzind\u0259 h\u0259m ticar\u0259t d\u00f6vriyy\u0259mizi art\u0131ra, h\u0259m d\u0259 b\u00f6y\u00fck s\u0259rmay\u0259 qoyulu\u015fu layih\u0259l\u0259rini icra ed\u0259 bil\u0259rik. Bel\u0259likl\u0259, bu biznes forumun konkret n\u0259tic\u0259l\u0259ri olacaqd\u0131r. Biz bunu arzulay\u0131r\u0131q, buna inan\u0131r\u0131q. Az\u0259rbaycan v\u0259 Ukrayna i\u015f adamlar\u0131na u\u011furlar arzulay\u0131ram. Sa\u011f olun.<\/p>\n<p>x x x<\/p>\n<p>&nbsp;<\/p>\n<p><strong>Prezident Vladimir Zelenskinin \u00e7\u0131x\u0131\u015f\u0131<\/strong><\/p>\n<p>&#8211; T\u0259\u015f\u0259kk\u00fcr edir\u0259m, c\u0259nab Prezident. Sizi v\u0259 forumun b\u00fct\u00fcn i\u015ftirak\u00e7\u0131lar\u0131n\u0131 salamlamaq ist\u0259yir\u0259m. Bu, h\u0259m Ukrayna, h\u0259m d\u0259 Az\u0259rbaycan \u00fc\u00e7\u00fcn \u00e7ox m\u00fch\u00fcm hadis\u0259dir. Bilir\u0259m ki, burada 90-dan \u00e7ox Ukrayna \u015firk\u0259ti v\u0259 100-d\u0259n art\u0131q Az\u0259rbaycan \u015firk\u0259ti i\u015ftirak edir. Bu g\u00fcn bizim birlikd\u0259 olma\u011f\u0131m\u0131z \u00e7ox vacibdir. T\u0259\u0259ss\u00fcf ki, bir ne\u00e7\u0259 il \u0259rzind\u0259 bel\u0259 forum ke\u00e7irilm\u0259yib. Ayd\u0131nd\u0131r ki, \u0259g\u0259r biz g\u00f6r\u00fc\u015fm\u0259s\u0259k, dialoqa ba\u015flamasaq, normal investisiya m\u00fchiti ola bilm\u0259z. \u018fg\u0259r biz real i\u015fl\u0259r, real r\u0259q\u0259ml\u0259r bar\u0259d\u0259 dan\u0131\u015fmasaq, biznes Ukraynaya g\u0259lm\u0259y\u0259c\u0259k v\u0259 \u0259ksin\u0259. C\u0259nab Prezident \u00e7ox m\u00fch\u00fcm irad\u0131n\u0131 bildirdi. Bu, qar\u015f\u0131l\u0131ql\u0131 etimad m\u0259s\u0259l\u0259sidir.<\/p>\n<p>Bu g\u00fcn m\u0259n Sizin g\u00f6z\u0259l paytaxt\u0131n\u0131zda ilk d\u0259f\u0259 r\u0259smi s\u0259f\u0259rd\u0259y\u0259m. Az\u0259rbaycan Prezidenti c\u0259nab \u0130lham Heyd\u0259r o\u011flu il\u0259 ilk d\u0259f\u0259 g\u00f6r\u00fc\u015fd\u00fcm. M\u0259n hiss edir\u0259m ki, bizd\u0259 dialoq ba\u015fland\u0131. Bundan sonra konkret add\u0131mlar at\u0131lmal\u0131d\u0131r. Ona g\u00f6r\u0259 ki, insanlar n\u0259yis\u0259 v\u0259d ed\u0259nd\u0259 onlar \u00f6z \u00f6hd\u0259likl\u0259rini yerin\u0259 yetirm\u0259lidirl\u0259r. Bel\u0259 hallar olub v\u0259 \u00f6hd\u0259likl\u0259r yerin\u0259 yetiril\u0259nd\u0259 biz etimad qazan\u0131r\u0131q. Biz art\u0131q raz\u0131la\u015fd\u0131q ki, g\u0259l\u0259n ay b\u00f6y\u00fck h\u00f6kum\u0259t n\u00fcmay\u0259nd\u0259 hey\u0259ti Ukraynaya s\u0259f\u0259r ed\u0259c\u0259k v\u0259 dan\u0131\u015f\u0131qlar \u00e7\u0259r\u00e7iv\u0259sind\u0259 iqtisadi sah\u0259d\u0259 ikit\u0259r\u0259fli \u0259m\u0259kda\u015fl\u0131\u011f\u0131n m\u00fch\u00fcm m\u0259s\u0259l\u0259l\u0259ri \u2013 infrastruktur, \u00f6z\u0259ll\u0259\u015fdirm\u0259 m\u0259s\u0259l\u0259l\u0259ri m\u00fczakir\u0259 olunacaq. Ukraynan\u0131n 400-d\u0259n \u00e7ox m\u00fc\u0259ssis\u0259si \u00f6z\u0259ll\u0259\u015fdirm\u0259 \u00fc\u00e7\u00fcn haz\u0131rd\u0131r. Biz real investisiyalar g\u00f6rm\u0259k ist\u0259yirik v\u0259 ham\u0131n\u0131 g\u00f6rm\u0259y\u0259 \u015fad\u0131q.<\/p>\n<p>Ukrayna n\u00fcmay\u0259nd\u0259 hey\u0259tinin t\u0259rkibind\u0259 \u0130nfrastruktur naziri g\u0259lib. Biz \u00e7oxlu infrastruktur layih\u0259l\u0259rini h\u0259yata ke\u00e7irm\u0259k niyy\u0259tind\u0259yik, 16 min kilometr yol in\u015fa etm\u0259y\u0259 haz\u0131r\u0131q. Biz bunun mara\u011f\u0131nday\u0131q ki, Az\u0259rbaycan \u015firk\u0259tl\u0259ri Ukraynada yollar tiksinl\u0259r. Bilirik ki, onlar ba\u015fqa \u00f6lk\u0259l\u0259rd\u0259 u\u011furla i\u015fl\u0259yirl\u0259r. Ham\u0131ya m\u0259lumdur ki, Az\u0259rbaycan\u0131n \u201cBakcell\u201d mobil operatoru Ukrayna bazar\u0131na daxil olub v\u0259 onun investisiyalar\u0131 700 milyon dollara yax\u0131nd\u0131r. Ukrayna d\u00f6vl\u0259ti olaraq bizim v\u0259zif\u0259miz bu investisiyalar\u0131 qorumaqd\u0131r. \u018flb\u0259tt\u0259, b\u00fct\u00fcn bunlar qar\u015f\u0131l\u0131ql\u0131 etimad s\u0259viyy\u0259sind\u0259 h\u0259yata ke\u00e7irilir. Biz \u00e7ox ist\u0259yirik ki, Az\u0259rbaycan Ukraynaya s\u0259rmay\u0259 yat\u0131rs\u0131n. Biz, h\u0259m\u00e7inin ist\u0259yirik ki, Ukrayna da Az\u0259rbaycanda t\u0259msil olunsun. Bizim g\u00fccl\u00fc iqtisadi m\u00fcnasib\u0259tl\u0259rimiz, h\u0259m\u00e7inin tarixi m\u00fcnasib\u0259tl\u0259rimiz var.<\/p>\n<p>Daha bir investisiya sah\u0259si turizm sferas\u0131d\u0131r. M\u0259s\u0259l\u0259n, Xerson vilay\u0259tinin r\u0259hb\u0259ri burada i\u015ftirak edir. C\u0259nab Qusev Xerson vilay\u0259tini t\u0259msil etm\u0259y\u0259 haz\u0131rd\u0131r. Bu vilay\u0259t Ukraynada turizm \u00fc\u00e7\u00fcn \u0259n c\u0259lbedici yerl\u0259rd\u0259n biridir. O, bu f\u0259aliyy\u0259t\u0259 haz\u0131rd\u0131r, lakin infrastruktur \u00e7at\u0131\u015fmazl\u0131\u011f\u0131n\u0131 hiss edir. Buna g\u00f6r\u0259 biz bu sah\u0259d\u0259 d\u0259 investisiya layih\u0259l\u0259rin\u0259 dair t\u0259klifi n\u0259z\u0259rd\u0259n ke\u00e7irm\u0259y\u0259 haz\u0131r\u0131q.<\/p>\n<p>SOCAR \u015firk\u0259ti il\u0259 bizim \u00e7ox s\u0259mimi t\u0259r\u0259fda\u015fl\u0131q, dostluq m\u00fcnasib\u0259tl\u0259rimiz var. Ukrayna-Az\u0259rbaycan \u0259m\u0259kda\u015fl\u0131\u011f\u0131ndan s\u00f6z d\u00fc\u015f\u0259nd\u0259 d\u0259rhal SOCAR-\u0131 xat\u0131rlay\u0131r\u0131q. Biz ist\u0259yirik ki, SOCAR \u015firk\u0259tinin Ukraynada f\u0259aliyy\u0259ti geni\u015fl\u0259nsin. Biz SOCAR \u015firk\u0259tinin k\u00f6m\u0259yi il\u0259 s\u0259rh\u0259din ayr\u0131-ayr\u0131 hiss\u0259l\u0259rind\u0259 xidm\u0259tl\u0259r t\u0259qdim edilm\u0259si \u00fczr\u0259 b\u00fct\u00f6v kompleksl\u0259r tikmi\u015fik v\u0259 g\u0259l\u0259c\u0259kd\u0259 bu f\u0259aliyy\u0259ti geni\u015fl\u0259ndirm\u0259y\u0259 haz\u0131r\u0131q. \u018fmin\u0259m ki, bu, bizim \u0259n maraql\u0131 infrastruktur layih\u0259l\u0259rind\u0259n biri olacaq. M\u0259nim bir ideyam var. Siz bir ne\u00e7\u0259 d\u0259f\u0259 r\u0259q\u0259ml\u0259r s\u0259sl\u0259ndirdiniz \u2013 Az\u0259rbaycanda d\u00f6vl\u0259t borcu azd\u0131r, son 15 ild\u0259 \u00fcmumi daxili m\u0259hsul 300 faizd\u0259n \u00e7ox art\u0131b. B\u00fct\u00fcn bunlar sizd\u0259 var, ist\u0259rdik ki, bizd\u0259 d\u0259 bel\u0259 olsun.<\/p>\n<p>****<\/p>\n<p><strong>18:09<\/strong><\/p>\n<p>Dekabr\u0131n 17-d\u0259 Bak\u0131da Az\u0259rbaycan-Ukrayna biznes forumu ke\u00e7irilib.<\/p>\n<p><a href=\"https:\/\/apa.az\/\" target=\"_blank\" rel=\"noopener noreferrer\">APA<\/a>\u00a0x\u0259b\u0259r verir ki, Az\u0259rbaycan Respublikas\u0131n\u0131n Prezidenti \u0130lham \u018fliyev v\u0259 \u00f6lk\u0259mizd\u0259 r\u0259smi s\u0259f\u0259rd\u0259 olan Ukrayna Prezidenti Vladimir Zelenski biznes forumda i\u015ftirak edibl\u0259r.<\/p>\n","protected":false},"excerpt":{"rendered":"<p>Dekabr\u0131n 17-d\u0259 Bak\u0131da Az\u0259rbaycan-Ukrayna biznes forumu ke\u00e7irilib. APA\u00a0x\u0259b\u0259r verir ki, Az\u0259rbaycan Respublikas\u0131n\u0131n Prezidenti \u0130lham \u018fliyev v\u0259 \u00f6lk\u0259mizd\u0259 r\u0259smi s\u0259f\u0259rd\u0259 olan&hellip;<\/p>\n","protected":false},"author":1,"featured_media":0,"comment_status":"closed","ping_status":"closed","sticky":false,"template":"","format":"standard","meta":{"om_disable_all_campaigns":false,"_monsterinsights_skip_tracking":false,"_uf_show_specific_survey":0,"_uf_disable_surveys":false,"footnotes":""},"categories":[6,5],"tags":[],"aioseo_notices":[],"_links":{"self":[{"href":"https:\/\/hakimiyyet.info.az\/index.php?rest_route=\/wp\/v2\/posts\/10237"}],"collection":[{"href":"https:\/\/hakimiyyet.info.az\/index.php?rest_route=\/wp\/v2\/posts"}],"about":[{"href":"https:\/\/hakimiyyet.info.az\/index.php?rest_route=\/wp\/v2\/types\/post"}],"author":[{"embeddable":true,"href":"https:\/\/hakimiyyet.info.az\/index.php?rest_route=\/wp\/v2\/users\/1"}],"replies":[{"embeddable":true,"href":"https:\/\/hakimiyyet.info.az\/index.php?rest_route=%2Fwp%2Fv2%2Fcomments&post=10237"}],"version-history":[{"count":1,"href":"https:\/\/hakimiyyet.info.az\/index.php?rest_route=\/wp\/v2\/posts\/10237\/revisions"}],"predecessor-version":[{"id":10238,"href":"https:\/\/hakimiyyet.info.az\/index.php?rest_route=\/wp\/v2\/posts\/10237\/revisions\/10238"}],"wp:attachment":[{"href":"https:\/\/hakimiyyet.info.az\/index.php?rest_route=%2Fwp%2Fv2%2Fmedia&parent=10237"}],"wp:term":[{"taxonomy":"category","embeddable":true,"href":"https:\/\/hakimiyyet.info.az\/index.php?rest_route=%2Fwp%2Fv2%2Fcategories&post=10237"},{"taxonomy":"post_tag","embeddable":true,"href":"https:\/\/hakimiyyet.info.az\/index.php?rest_route=%2Fwp%2Fv2%2Ftags&post=10237"}],"curies":[{"name":"wp","href":"https:\/\/api.w.org\/{rel}","templated":true}]}}