{"id":10239,"date":"2019-12-18T04:49:29","date_gmt":"2019-12-18T00:49:29","guid":{"rendered":"https:\/\/www.hakimiyyet.com\/?p=10239"},"modified":"2019-12-18T09:35:18","modified_gmt":"2019-12-18T05:35:18","slug":"hakim-partiyadan-yap-in-deputat-siyahisi-il%c9%99-bagli-aciqlama","status":"publish","type":"post","link":"https:\/\/hakimiyyet.info.az\/?p=10239","title":{"rendered":"Hakim partiyadan YAP-\u0131n deputat siyah\u0131s\u0131 il\u0259 ba\u011fl\u0131 A\u00c7IQLAMA"},"content":{"rendered":"<p><strong>G\u0259l\u0259n il fevral\u0131n 9-da ke\u00e7iril\u0259c\u0259k Milli M\u0259clis\u0259 se\u00e7kil\u0259rd\u0259 Yeni Az\u0259rbaycan Partiyas\u0131ndan (YAP) qat\u0131lacaq namiz\u0259dl\u0259rin tam siyah\u0131s\u0131 bu g\u00fcn a\u00e7\u0131qlanacaq.\u00a0<\/strong><\/p>\n<p><strong><a href=\"http:\/\/demokrat.az\/\">Demokrat.az<\/a><\/strong>-\u0131n \u0259ld\u0259 etdiyi m\u0259lumata g\u00f6r\u0259, siyah\u0131da onlarla g\u0259nc v\u0259 yeni namiz\u0259dl\u0259r yer al\u0131b.<\/p>\n<p>\u018fld\u0259 etdiyimiz m\u0259lumata g\u00f6r\u0259, yeni siyah\u0131da YAP-\u0131n \u00fczv\u00fc olan b\u0259zi deputatlar, el\u0259c\u0259 d\u0259 b\u0131r s\u0131ra bit\u0259r\u0259f\u00a0mill\u0259t v\u0259kill\u0259ri t\u0259msil olunmayacaq. H\u0259min siyah\u0131da yer almayacaq deputatlar\u0131n adlar\u0131n\u0131 a\u00e7\u0131qlay\u0131r\u0131q:<\/p>\n<p>&nbsp;<\/p>\n<p>Siyavu\u015f Novruzov, Eldar \u0130brahimov, Hadi R\u0259c\u0259bli, Arif R\u0259himzad\u0259, Ziyad S\u0259m\u0259dzad\u0259, F\u0259ttah Heyd\u0259rov, \u0130sa H\u0259bibb\u0259yli, \u0130lham \u018fliyev, Elman N\u0259sirov, H\u00fcseynbala Mir\u0259l\u0259mov, A\u011facan Ab\u0131yev, \u018fhliman \u018fmiraslanov, Naqif H\u0259mz\u0259yev, Zeyn\u0259b Xanlarova, \u018flia\u011fa H\u00fcseynov, Mirkaz\u0131m Kaz\u0131mov, Tahir Rzayev, Cavid Osmanov, Flora Qas\u0131mova, \u018fflatun Ama\u015fov, \u018fsabil Qas\u0131mov, Yaqub Mahmudov, El\u015f\u0259n Musayev, Sona \u018fliyeva, Elmira Axundova, Nizami C\u0259f\u0259rov, Aqiy\u0259 Nax\u00e7\u0131vanl\u0131, Ziyaf\u0259t \u018fsg\u0259rov, Valeh \u018fl\u0259sg\u0259rov, Cavid Qurbanov,\u00a0Zahid Oruc,\u00a0\u0130qbal M\u0259mm\u0259dov v\u0259 dig\u0259r \u015f\u0259xsl\u0259r yer almayacaq.<\/p>\n<p><img decoding=\"async\" src=\"http:\/\/demokrat.az\/cdn\/2019\/december\/17\/YAPdeputatlar.jpg\" \/><br \/>\nH\u0259m\u00e7inin, Bak\u0131 D\u00f6vl\u0259t Universitetinin sabiq rektoru, akademik Abel M\u0259h\u0259rr\u0259mov YAP-\u0131n yeni siyah\u0131s\u0131nda yer alacaq. O deputat se\u00e7ildiyi t\u0259qdird\u0259 Milli M\u0259clisin Elm v\u0259 t\u0259hsil komit\u0259sinin s\u0259dri ola bil\u0259r.<\/p>\n<p>\u018fld\u0259 etdiyimiz dig\u0259r m\u0259lumata g\u00f6r\u0259, Milli M\u0259clisin Birinci vitse-spikeri Ziyaf\u0259t \u018fsg\u0259rovun Ali M\u0259hk\u0259m\u0259nin s\u0259dri, \u018fhliman \u018fmiraslanovun is\u0259 s\u0259hiyy\u0259 naziri t\u0259yin olunmas\u0131 g\u00f6zl\u0259nilir.<\/p>\n<p>&nbsp;<\/p>\n<p>YAP \u0130cra katibinin m\u00fcavini, deputat Siyavu\u015f Novruzov siyah\u0131s\u0131 yay\u0131lan deputatlarla ba\u011fl\u0131\u00a0<strong><a href=\"http:\/\/demokrat.az\/\">Demokrat.az<\/a><\/strong>-a a\u00e7\u0131qlamas\u0131nda deyib ki, s\u00f6z\u00fcged\u0259n siyah\u0131 h\u0259qiq\u0259ti \u0259ks etdirmir: &#8220;Bununla ba\u011fl\u0131 m\u0259s\u0259l\u0259 YAP \u0130dar\u0259 Hey\u0259tind\u0259 m\u00fczakir\u0259 olunmay\u0131b. Bel\u0259 m\u00fczakir\u0259 olarsa, ictimaiyy\u0259t m\u0259lumatland\u0131r\u0131lacaq&#8221;.<\/p>\n","protected":false},"excerpt":{"rendered":"<p>G\u0259l\u0259n il fevral\u0131n 9-da ke\u00e7iril\u0259c\u0259k Milli M\u0259clis\u0259 se\u00e7kil\u0259rd\u0259 Yeni Az\u0259rbaycan Partiyas\u0131ndan (YAP) qat\u0131lacaq namiz\u0259dl\u0259rin tam siyah\u0131s\u0131 bu g\u00fcn a\u00e7\u0131qlanacaq.\u00a0 Demokrat.az-\u0131n&hellip;<\/p>\n","protected":false},"author":1,"featured_media":10263,"comment_status":"closed","ping_status":"closed","sticky":false,"template":"","format":"standard","meta":{"om_disable_all_campaigns":false,"_monsterinsights_skip_tracking":false,"_uf_show_specific_survey":0,"_uf_disable_surveys":false,"footnotes":""},"categories":[2,5],"tags":[],"aioseo_notices":[],"_links":{"self":[{"href":"https:\/\/hakimiyyet.info.az\/index.php?rest_route=\/wp\/v2\/posts\/10239"}],"collection":[{"href":"https:\/\/hakimiyyet.info.az\/index.php?rest_route=\/wp\/v2\/posts"}],"about":[{"href":"https:\/\/hakimiyyet.info.az\/index.php?rest_route=\/wp\/v2\/types\/post"}],"author":[{"embeddable":true,"href":"https:\/\/hakimiyyet.info.az\/index.php?rest_route=\/wp\/v2\/users\/1"}],"replies":[{"embeddable":true,"href":"https:\/\/hakimiyyet.info.az\/index.php?rest_route=%2Fwp%2Fv2%2Fcomments&post=10239"}],"version-history":[{"count":1,"href":"https:\/\/hakimiyyet.info.az\/index.php?rest_route=\/wp\/v2\/posts\/10239\/revisions"}],"predecessor-version":[{"id":10240,"href":"https:\/\/hakimiyyet.info.az\/index.php?rest_route=\/wp\/v2\/posts\/10239\/revisions\/10240"}],"wp:featuredmedia":[{"embeddable":true,"href":"https:\/\/hakimiyyet.info.az\/index.php?rest_route=\/wp\/v2\/media\/10263"}],"wp:attachment":[{"href":"https:\/\/hakimiyyet.info.az\/index.php?rest_route=%2Fwp%2Fv2%2Fmedia&parent=10239"}],"wp:term":[{"taxonomy":"category","embeddable":true,"href":"https:\/\/hakimiyyet.info.az\/index.php?rest_route=%2Fwp%2Fv2%2Fcategories&post=10239"},{"taxonomy":"post_tag","embeddable":true,"href":"https:\/\/hakimiyyet.info.az\/index.php?rest_route=%2Fwp%2Fv2%2Ftags&post=10239"}],"curies":[{"name":"wp","href":"https:\/\/api.w.org\/{rel}","templated":true}]}}