{"id":10243,"date":"2019-12-18T04:53:16","date_gmt":"2019-12-18T00:53:16","guid":{"rendered":"https:\/\/www.hakimiyyet.com\/?p=10243"},"modified":"2019-12-18T04:53:16","modified_gmt":"2019-12-18T00:53:16","slug":"pasa-holdinq%c9%99-yeni-bas-icraci-direktor-t%c9%99yin-edil%c9%99c%c9%99k","status":"publish","type":"post","link":"https:\/\/hakimiyyet.info.az\/?p=10243","title":{"rendered":"\u201cPA\u015eA Holdinq\u201d\u0259 yeni ba\u015f icra\u00e7\u0131 direktor t\u0259yin edil\u0259c\u0259k"},"content":{"rendered":"<p>2020-ci ilin yanvar ay\u0131ndan etibar\u0259n \u201cPA\u015eA Holding\u201d MMC-nin direktorunun birinci m\u00fcavini C\u0259lal Qas\u0131mov \u015eirk\u0259tin Ba\u015f icra\u00e7\u0131 direktoru v\u0259zif\u0259sin\u0259 t\u0259yin olunacaq.<\/p>\n<p>Bu bar\u0259d\u0259 \u201c<a href=\"http:\/\/marja.az\/news\/51373?title=pasa-holdinq-e-yeni-bas-icraci-direktor-teyin-edilecek&amp;fbclid=IwAR1dcak1KrZuqfURwISxhvxALl_q3LV6Zhye8cE7Wwa6x8dySGi7znOkqnE\" target=\"_blank\" rel=\"noopener noreferrer\">Marja<\/a>\u201dya \u201cPA\u015eA Holding\u201dd\u0259n bildirilib.<\/p>\n<p>Mir Camal Pa\u015fayev is\u0259 \u00f6z n\u00f6vb\u0259sind\u0259 \u015firk\u0259tin idar\u0259etm\u0259sini, korporativ idar\u0259etm\u0259 islahatlar\u0131 n\u0259tic\u0259sind\u0259 yarad\u0131lacaq Holdinqin Direktorlar \u015euras\u0131n\u0131n \u00fczv\u00fc kimi f\u0259aliyy\u0259tini davam etdir\u0259c\u0259k.<\/p>\n<p>\u201cYeni v\u0259zif\u0259sini yerin\u0259 yetir\u0259rk\u0259n, o, ilk n\u00f6vb\u0259d\u0259 strateji biznes v\u0259 insan kapital\u0131n\u0131n inki\u015faf\u0131 m\u0259s\u0259l\u0259l\u0259rin\u0259 diqq\u0259t y\u00f6n\u0259ld\u0259c\u0259k.<\/p>\n<p>Qeyd ed\u0259k ki, s\u00f6z\u00fcged\u0259n q\u0259rar, \u00fcz\u0259rind\u0259 art\u0131q iki ild\u0259n \u00e7ox i\u015fl\u0259nil\u0259n \u201cLiderl\u0259rin inki\u015faf\u0131 v\u0259 davaml\u0131l\u0131q proqram\u0131\u201d n\u0259tic\u0259sind\u0259 Holdinq t\u0259r\u0259find\u0259n q\u0259bul edilib\u201d,- Holdinqin m\u0259lumat\u0131nda deyilir.<\/p>\n<p>M\u0259lumat \u00fc\u00e7\u00fcn bildir\u0259k ki, C\u0259lal Qas\u0131mov \u201cPA\u015eA Holding\u201dd\u0259 karyeras\u0131n\u0131 2015-ci ild\u0259 Bank Qrupunun r\u0259hb\u0259ri v\u0259 direktorun m\u00fcavini v\u0259zif\u0259l\u0259rind\u0259 ba\u015flay\u0131b v\u0259 17 oktyabr 2016-c\u0131 il tarixind\u0259 direktorun birinci m\u00fcavini v\u0259zif\u0259sin\u0259 t\u0259yin edilib.<\/p>\n<p>C\u0259lal Qas\u0131mov \u201cWarwick\u201d\u00a0Universitetinin Biznes M\u0259kt\u0259bind\u0259n MBA d\u0259r\u0259c\u0259sin\u0259 sahibdir. \u201cPA\u015eA Holding\u201d\u0259 qo\u015fulmazdan \u00f6nc\u0259 o, Az\u0259rbaycan\u0131n bir ne\u00e7\u0259 apar\u0131c\u0131 \u015firk\u0259tl\u0259rind\u0259 r\u0259hb\u0259r v\u0259zif\u0259l\u0259rd\u0259 \u00e7al\u0131\u015f\u0131b ki, bura iki yerli bankda ba\u015f icra\u00e7\u0131 direktor v\u0259zif\u0259si d\u0259 daxildir. O, h\u0259m\u00e7inin, d\u00fcnyan\u0131n qabaqc\u0131l pe\u015f\u0259kar m\u0259sl\u0259h\u0259t\u00e7i \u015firk\u0259tind\u0259 i\u015f t\u0259cr\u00fcb\u0259sin\u0259 malikdir.<\/p>\n","protected":false},"excerpt":{"rendered":"<p>2020-ci ilin yanvar ay\u0131ndan etibar\u0259n \u201cPA\u015eA Holding\u201d MMC-nin direktorunun birinci m\u00fcavini C\u0259lal Qas\u0131mov \u015eirk\u0259tin Ba\u015f icra\u00e7\u0131 direktoru v\u0259zif\u0259sin\u0259 t\u0259yin olunacaq.&hellip;<\/p>\n","protected":false},"author":1,"featured_media":0,"comment_status":"closed","ping_status":"closed","sticky":false,"template":"","format":"standard","meta":{"om_disable_all_campaigns":false,"_monsterinsights_skip_tracking":false,"_uf_show_specific_survey":0,"_uf_disable_surveys":false,"footnotes":""},"categories":[2],"tags":[],"aioseo_notices":[],"_links":{"self":[{"href":"https:\/\/hakimiyyet.info.az\/index.php?rest_route=\/wp\/v2\/posts\/10243"}],"collection":[{"href":"https:\/\/hakimiyyet.info.az\/index.php?rest_route=\/wp\/v2\/posts"}],"about":[{"href":"https:\/\/hakimiyyet.info.az\/index.php?rest_route=\/wp\/v2\/types\/post"}],"author":[{"embeddable":true,"href":"https:\/\/hakimiyyet.info.az\/index.php?rest_route=\/wp\/v2\/users\/1"}],"replies":[{"embeddable":true,"href":"https:\/\/hakimiyyet.info.az\/index.php?rest_route=%2Fwp%2Fv2%2Fcomments&post=10243"}],"version-history":[{"count":1,"href":"https:\/\/hakimiyyet.info.az\/index.php?rest_route=\/wp\/v2\/posts\/10243\/revisions"}],"predecessor-version":[{"id":10244,"href":"https:\/\/hakimiyyet.info.az\/index.php?rest_route=\/wp\/v2\/posts\/10243\/revisions\/10244"}],"wp:attachment":[{"href":"https:\/\/hakimiyyet.info.az\/index.php?rest_route=%2Fwp%2Fv2%2Fmedia&parent=10243"}],"wp:term":[{"taxonomy":"category","embeddable":true,"href":"https:\/\/hakimiyyet.info.az\/index.php?rest_route=%2Fwp%2Fv2%2Fcategories&post=10243"},{"taxonomy":"post_tag","embeddable":true,"href":"https:\/\/hakimiyyet.info.az\/index.php?rest_route=%2Fwp%2Fv2%2Ftags&post=10243"}],"curies":[{"name":"wp","href":"https:\/\/api.w.org\/{rel}","templated":true}]}}