{"id":10327,"date":"2019-12-20T09:51:41","date_gmt":"2019-12-20T05:51:41","guid":{"rendered":"http:\/\/hakimiyyet.info.az\/?p=10327"},"modified":"2019-12-20T09:51:41","modified_gmt":"2019-12-20T05:51:41","slug":"impicment-proseduru-trampi-n%c9%99-gozl%c9%99yir","status":"publish","type":"post","link":"https:\/\/hakimiyyet.info.az\/?p=10327","title":{"rendered":"\u0130mpi\u00e7ment proseduru: Tramp\u0131 n\u0259 g\u00f6zl\u0259yir?"},"content":{"rendered":"<p style=\"font-weight: 400;\"><span style=\"font-style: inherit; font-weight: inherit;\">AB\u015e Prezidenti Donald Tramp impi\u00e7ment\u0259 bir add\u0131m da yax\u0131nla\u015fd\u0131. Bel\u0259 ki,\u00a0<\/span><span style=\"font-style: inherit; font-weight: inherit;\">AB\u015e Konqresinin N\u00fcmay\u0259nd\u0259l\u0259r Palatas\u0131 s\u0259sverm\u0259 n\u0259tic\u0259sind\u0259 prezident Donald Trampa qar\u015f\u0131 ittiham\u0131n ilk iki madd\u0259sini impi\u00e7ment prosedurunun bir hiss\u0259si kimi t\u0259sdiql\u0259yib.<\/span><\/p>\n<p style=\"font-weight: 400;\"><span style=\"font-style: inherit; font-weight: inherit;\">Tramp\u0131 v\u0259zif\u0259 s\u0259lahiyy\u0259tl\u0259rind\u0259n sui-istifad\u0259 etm\u0259kd\u0259 v\u0259 Konqres t\u0259r\u0259find\u0259n apar\u0131lan istintaqa mane olmaqda ittiham olunur.<\/span><\/p>\n<p style=\"font-weight: 400;\"><span style=\"font-style: inherit; font-weight: inherit;\">Bundan sonrak\u0131 ittiham akt\u0131 m\u0259hk\u0259m\u0259y\u0259 veril\u0259c\u0259k. Bu proses\u0259 AB\u015e Ali M\u0259hk\u0259m\u0259sinin s\u0259dri r\u0259hb\u0259rlik ed\u0259c\u0259k. N\u00fcmay\u0259nd\u0259l\u0259r Palatas\u0131 bel\u0259 bir prosesd\u0259 \u0259slind\u0259 ittiham t\u0259r\u0259fi kimi \u00e7\u0131x\u0131\u015f edir v\u0259 senatorlar m\u00fcnsifl\u0259r hey\u0259tinin funksiyalar\u0131n\u0131 yerin\u0259 yetirirl\u0259r.<\/span><\/p>\n<p style=\"font-weight: 400;\"><span style=\"font-style: inherit; font-weight: inherit;\">\u0130mpi\u00e7ment ittihamlar\u0131n\u0131 ara\u015fd\u0131rd\u0131qlar\u0131na g\u00f6r\u0259 Demokratlar\u0131 s\u0259rt t\u0259nqid at\u0259\u015fin\u0259 tutan Tramp\u0131n yanvar ay\u0131nda Senatda m\u00fchakim\u0259 olunaca\u011f\u0131 g\u00f6zl\u0259nilir.<\/span><\/p>\n<p style=\"font-weight: 400;\"><span style=\"font-style: inherit; font-weight: inherit;\">Senatdak\u0131 Respublika\u00e7\u0131 \u00e7oxluq Tramp\u0131n prezident v\u0259zif\u0259sind\u0259n k\u0259narla\u015fd\u0131r\u0131lmas\u0131 ehtimal\u0131n\u0131 azald\u0131r ki, bu da A\u011f Ev\u0259 ikinci d\u00f6n\u0259m yiy\u0259l\u0259nm\u0259y\u0259 can atan Tramp\u0131n siyasi taleyini 2020-ci ild\u0259 se\u00e7icil\u0259rin \u00f6hd\u0259sin\u0259 buraxm\u0131\u015f olacaq. Prezident Tramp impi\u00e7ment prosesini &#8220;\u0259cin\u0259 ovu&#8221; adland\u0131r\u0131b.<\/span><\/p>\n<p style=\"font-weight: 400;\"><span style=\"font-style: inherit; font-weight: inherit;\">Xat\u0131rladaq ki, AB\u015e-da Prezident\u0259 qar\u015f\u0131 impi\u00e7ment bir ne\u00e7\u0259 d\u0259f\u0259 m\u00fc\u015fahid\u0259 edilib. 1972-ci ild\u0259 Respublika\u00e7\u0131 prezident Ri\u00e7ard Niksona yax\u0131n b\u0259zi \u015f\u0259xsl\u0259rin Demokrat Partiyas\u0131n\u0131n \u201cUotrgeyt\u201d i\u015f m\u0259rk\u0259zind\u0259ki ofisin\u0259 dinl\u0259m\u0259 cihaz\u0131 yerl\u0259\u015fdirdiyi iddialar\u0131 ortaya \u00e7\u0131x\u0131b. Bundan sonra Niksona qar\u015f\u0131 impi\u00e7ment t\u0259l\u0259b olunub. Prezident m\u0259hk\u0259m\u0259ni aldatmaq v\u0259\u00a0\u00a0d\u0259lill\u0259ri yox etm\u0259kd\u0259 ittiham olunub. Ancaq bu proses ba\u015fa \u00e7atmam\u0131\u015f Nikson istefa verib, bununla da, impi\u00e7ment prosesi ba\u015fa \u00e7atmay\u0131b.<\/span><\/p>\n<p style=\"font-weight: 400;\"><span style=\"font-style: inherit; font-weight: inherit;\">Bundan 27 il sonra Demokrat prezident Bill Klintonun A\u011f Evd\u0259 t\u0259cr\u00fcb\u0259 ke\u00e7\u0259n referent Monika Levinski il\u0259 gizli m\u00fcnasib\u0259tl\u0259rinin olmas\u0131 iddialar\u0131 n\u00f6vb\u0259ti impi\u00e7ment prosesinin ba\u015flad\u0131lmas\u0131na s\u0259b\u0259b olub. Lakin Senatda ke\u00e7iril\u0259n s\u0259sverm\u0259d\u0259 Klinton b\u0259ra\u0259t qazana bilib. Bel\u0259 ki, c\u0259zalanmas\u0131\u00a0\u00a0\u00fc\u00e7\u00fcn laz\u0131m olan say \u0259ld\u0259 edilm\u0259diyi \u00fc\u00e7\u00fcn o, v\u0259zif\u0259sin\u0259 davam edib. Bu bax\u0131mdan, Tramp\u0131 da impi\u00e7ment c\u0259zas\u0131n\u0131n g\u00f6zl\u0259m\u0259diyini s\u00f6yl\u0259y\u0259 bil\u0259rik. Bununla bel\u0259, Demokratlar d\u00fc\u015f\u00fcn\u00fcrl\u0259r ki, bununla onlar Tramp\u0131n n\u00f6vb\u0259ti se\u00e7kil\u0259rd\u0259 q\u0259l\u0259b\u0259 \u015fanslar\u0131n\u0131 azald\u0131rlar. Lakin Tramp\u0131n m\u00f6vqeyini g\u00fccl\u0259ndirm\u0259k \u00fc\u00e7\u00fcn \u0259lind\u0259 t\u0259sir vasit\u0259l\u0259ri d\u0259 yox deyil. Tramp\u0131n prezidentliyi d\u00f6vr\u00fcnd\u0259 AB\u015e \u00c7inl\u0259 m\u00fcqavil\u0259 ba\u011flasa, bu, iqtisadiyyatda u\u011fura s\u0259b\u0259b olacaq. Bu ba\u015f ver\u0259rs\u0259, Tramp\u0131n se\u00e7kil\u0259rd\u0259 qalib g\u0259lm\u0259k \u015fans\u0131 y\u00fcks\u0259l\u0259 bil\u0259r.<\/span><\/p>\n<p style=\"font-weight: 400;\"><span style=\"font-style: inherit; font-weight: inherit;\">Onu da qeyd ed\u0259k ki, AB\u015e Konstitusiyas\u0131na \u0259sas\u0259n, Prezident\u0259 qar\u015f\u0131 impi\u00e7ment N\u00fcmay\u0259nd\u0259l\u0259r Palatas\u0131 t\u0259r\u0259find\u0259n ba\u015flan\u0131l\u0131r v\u0259 q\u0259rar \u00e7\u0131xarmaq \u00fc\u00e7\u00fcn buna adi \u00e7oxlu\u011fun (50%+1) s\u0259s verm\u0259si kifay\u0259t edir. Bundan sonra q\u0259rar Senata t\u0259qdim olunur. Bu qurum da faktiki prezident\u0259 dair m\u0259hk\u0259m\u0259 ara\u015fd\u0131rmas\u0131 apar\u0131r. \u0130mpi\u00e7ment haqda yekun q\u0259rar\u0131n \u00e7\u0131xar\u0131lmas\u0131 \u00fc\u00e7\u00fcn bu qurumun \u00fczvl\u0259rinin (senatorlar\u0131n) 2\/3-nin s\u0259s verm\u0259si vacibdir. Yaln\u0131z bu halda prezident v\u0259zif\u0259sind\u0259n k\u0259narla\u015fd\u0131r\u0131l\u0131r v\u0259 onun s\u0259lahiyy\u0259tl\u0259rini vitse-prezident icra edir. AB\u015e Senat\u0131nda is\u0259 haz\u0131rda Respublika\u00e7\u0131lar \u00e7oxluq t\u0259\u015fkil edir. Bu bax\u0131mdan, N\u00fcmay\u0259nd\u0259l\u0259r Palatas\u0131n\u0131n impi\u00e7ment q\u0259rar\u0131 Respublika\u00e7\u0131lar\u0131n \u00e7oxluq t\u0259\u015fkil etdiyi Senatdan ke\u00e7m\u0259y\u0259 v\u0259 ya \u00fcmumiyy\u0259tl\u0259, orada m\u00fczakir\u0259y\u0259 \u00e7\u0131xar\u0131lmaya da bil\u0259r. Bel\u0259 hallar is\u0259 AB\u015e tarixind\u0259 art\u0131q olub. 1868-ci ild\u0259 AB\u015e-\u0131n 17-ci prezidenti Endr\u00fc Conson, 1998-ci ild\u0259 is\u0259 yuxar\u0131da qeyd etdiyimiz kimi, 42-ci prezident Bill Klinton haqda N\u00fcmay\u0259nd\u0259l\u0259r Palatas\u0131nda impi\u00e7ment q\u0259rar\u0131 q\u0259bul olunsa da, h\u0259min q\u0259rarlar Senatdan ke\u00e7m\u0259yib.<\/span><\/p>\n<p style=\"font-weight: 400;\"><span style=\"font-style: inherit; font-weight: inherit;\">Bu amill\u0259r Donald Tramp\u0131n impi\u00e7ment\u0259 m\u0259ruz qalaca\u011f\u0131 ehtimal\u0131n\u0131 azald\u0131r. Lakin Demokratlar Trampa etimads\u0131zl\u0131q g\u00f6st\u0259rm\u0259k m\u0259s\u0259l\u0259sind\u0259 israrl\u0131d\u0131rlar.<\/span><\/p>\n<p style=\"font-weight: 400;\"><span style=\"font-style: inherit; font-weight: inherit;\">Son zamanlar \u0130ran \u0259traf\u0131nda artan g\u0259rginlik, S\u0259udiyy\u0259 \u018fr\u0259bistan\u0131n\u0131n neft infrastrukturuna h\u00fccumlar Demokratlar\u0131n bel\u0259 add\u0131m\u0131 \u00fc\u00e7\u00fcn b\u0259han\u0259 oldu.<\/span><\/p>\n<p style=\"font-weight: 400;\"><span style=\"font-style: inherit; font-weight: inherit;\">Lakin bu m\u0259s\u0259l\u0259d\u0259 Tramp\u0131 ittiham etm\u0259k \u00fc\u00e7\u00fcn yet\u0259rli arqumentl\u0259r m\u00f6vcud deyil. Onu da unutmaq olmaz ki, AB\u015e-\u0131n i\u015ftirak\u0131 olmadan \u0130rana qar\u015f\u0131 h\u0259r hans\u0131 miqyasda h\u0259rbi \u0259m\u0259liyyatlar u\u011furlu ola bilm\u0259z. Donald Tramp is\u0259 \u0130ranla sava\u015fa t\u0259l\u0259smir v\u0259 anlay\u0131r ki, m\u00fcharib\u0259 onun n\u00f6vb\u0259ti se\u00e7kil\u0259rd\u0259 m\u0259\u011flubiyy\u0259tin\u0259 s\u0259b\u0259b ola bil\u0259r. G\u00f6r\u00fcn\u00fcr, el\u0259 bu s\u0259b\u0259bd\u0259n d\u0259 son bir ne\u00e7\u0259 ayda A\u011f Evin sahibi onu \u0130ranla h\u0259rbi qar\u015f\u0131durmaya s\u00fcr\u00fckl\u0259m\u0259y\u0259 \u00e7al\u0131\u015fan iki yax\u0131n komanda \u00fczv\u00fcn\u00fc &#8211; Yax\u0131n \u015e\u0259rq \u00fczr\u0259 m\u00fc\u015faviri Ceyson Qrinblatt\u0131 v\u0259 Milli T\u0259hl\u00fck\u0259sizlik m\u00fc\u015faviri Con Boltonu istefaya\u00a0\u00a0g\u00f6nd\u0259rdi. Burada bir m\u0259qam da m\u00f6vcuddur. D. Tramp impi\u00e7ment t\u0259hl\u00fck\u0259sinin real oldu\u011funu anlasa, \u0130ranla m\u00fcharib\u0259y\u0259 ba\u015flaya bil\u0259r. Xat\u0131rladaq ki, Bill Klinton Monika Levinski qalmaqal\u0131na g\u00f6r\u0259 impi\u00e7ment t\u0259hl\u00fck\u0259si il\u0259 \u00fczl\u0259\u015fdikd\u0259 Yuqoslaviyan\u0131 bombalama\u011f\u0131 \u0259mr etmi\u015fdi. Eyni taktikadan Tramp da istifad\u0259 ed\u0259 bil\u0259r. Lakin bu sava\u015f q\u0131sa m\u00fcdd\u0259td\u0259 ba\u015fa \u00e7atmal\u0131d\u0131r.\u00a0\u00a0Bel\u0259 ki, \u0130ran \u0259razisind\u0259 apar\u0131lacaq m\u00fcmk\u00fcn h\u0259rbi \u0259m\u0259liyyatda AB\u015e Vyetnam m\u00fcharib\u0259sind\u0259ki m\u0259\u011flubiyy\u0259t\u0259 b\u0259nz\u0259r f\u0259lak\u0259t ya\u015faya bil\u0259r.<\/span><\/p>\n<p style=\"font-weight: 400;\"><span style=\"font-style: inherit; font-weight: inherit;\">Onu da vur\u011fulamaq laz\u0131m g\u0259lir ki, Tramp\u0131n prezidentliyi d\u00f6n\u0259mind\u0259 AB\u015e bir \u00e7ox beyn\u0259lxalq m\u00fcqavil\u0259ni tan\u0131mad\u0131\u011f\u0131n\u0131 b\u0259yan etdi. Tramp Barak Obama Administrasiyas\u0131n\u0131n f\u0259al i\u015ftirak etdiyi v\u0259 b\u00f6y\u00fck \u00e7\u0259tinlikl\u0259rl\u0259 \u0259ld\u0259 edilmi\u015f Sakit Okean iqtisadi raz\u0131la\u015fmas\u0131n\u0131 l\u0259\u011fv etdi. Daha sonra D. Tramp Atlantik Okean iqtisadi raz\u0131la\u015fmas\u0131n\u0131n, y\u0259ni Avropa \u0130ttifaq\u0131 v\u0259 \u015eimali Amerika \u00f6lk\u0259l\u0259ri aras\u0131nda imzalanan s\u0259n\u0259din \u00fcst\u00fcnd\u0259n x\u0259tt \u00e7\u0259kdi. D. Tramp Rusiya il\u0259 bir ne\u00e7\u0259 raket raz\u0131la\u015fmas\u0131n\u0131, \u0130ranla n\u00fcv\u0259 proqram\u0131na dair sazi\u015fi d\u0259 pozdu. Bununla, D. Tramp Birl\u0259\u015fmi\u015f \u015etatlar\u0131n d\u00fcnyada hegemon \u00f6lk\u0259 oldu\u011funu v\u0259\u00a0\u00a0beyn\u0259lxalq h\u00fcququn onun \u00fc\u00e7\u00fcn \u00f6n\u0259m da\u015f\u0131mad\u0131\u011f\u0131n\u0131 n\u00fcmayi\u015f etdirdi. Bu amill\u0259r is\u0259 D. Tramp\u0131 orta statistik amerikal\u0131n\u0131n g\u00f6z\u00fcnd\u0259 q\u0259hr\u0259mana \u00e7evirir.<\/span><\/p>\n","protected":false},"excerpt":{"rendered":"<p>AB\u015e Prezidenti Donald Tramp impi\u00e7ment\u0259 bir add\u0131m da yax\u0131nla\u015fd\u0131. Bel\u0259 ki,\u00a0AB\u015e Konqresinin N\u00fcmay\u0259nd\u0259l\u0259r Palatas\u0131 s\u0259sverm\u0259 n\u0259tic\u0259sind\u0259 prezident Donald Trampa qar\u015f\u0131&hellip;<\/p>\n","protected":false},"author":1,"featured_media":0,"comment_status":"closed","ping_status":"closed","sticky":false,"template":"","format":"standard","meta":{"om_disable_all_campaigns":false,"_monsterinsights_skip_tracking":false,"_uf_show_specific_survey":0,"_uf_disable_surveys":false,"footnotes":""},"categories":[5],"tags":[],"aioseo_notices":[],"_links":{"self":[{"href":"https:\/\/hakimiyyet.info.az\/index.php?rest_route=\/wp\/v2\/posts\/10327"}],"collection":[{"href":"https:\/\/hakimiyyet.info.az\/index.php?rest_route=\/wp\/v2\/posts"}],"about":[{"href":"https:\/\/hakimiyyet.info.az\/index.php?rest_route=\/wp\/v2\/types\/post"}],"author":[{"embeddable":true,"href":"https:\/\/hakimiyyet.info.az\/index.php?rest_route=\/wp\/v2\/users\/1"}],"replies":[{"embeddable":true,"href":"https:\/\/hakimiyyet.info.az\/index.php?rest_route=%2Fwp%2Fv2%2Fcomments&post=10327"}],"version-history":[{"count":1,"href":"https:\/\/hakimiyyet.info.az\/index.php?rest_route=\/wp\/v2\/posts\/10327\/revisions"}],"predecessor-version":[{"id":10328,"href":"https:\/\/hakimiyyet.info.az\/index.php?rest_route=\/wp\/v2\/posts\/10327\/revisions\/10328"}],"wp:attachment":[{"href":"https:\/\/hakimiyyet.info.az\/index.php?rest_route=%2Fwp%2Fv2%2Fmedia&parent=10327"}],"wp:term":[{"taxonomy":"category","embeddable":true,"href":"https:\/\/hakimiyyet.info.az\/index.php?rest_route=%2Fwp%2Fv2%2Fcategories&post=10327"},{"taxonomy":"post_tag","embeddable":true,"href":"https:\/\/hakimiyyet.info.az\/index.php?rest_route=%2Fwp%2Fv2%2Ftags&post=10327"}],"curies":[{"name":"wp","href":"https:\/\/api.w.org\/{rel}","templated":true}]}}