{"id":10397,"date":"2019-12-22T22:35:17","date_gmt":"2019-12-22T18:35:17","guid":{"rendered":"https:\/\/www.hakimiyyet.com\/?p=10397"},"modified":"2019-12-22T22:35:17","modified_gmt":"2019-12-22T18:35:17","slug":"astarada-qarabag-muharib%c9%99si-%c9%99lill%c9%99ri-ucun-insa-edilmis-bes-f%c9%99rdi-yasayis-evi-istifad%c9%99y%c9%99-verilib","status":"publish","type":"post","link":"https:\/\/hakimiyyet.info.az\/?p=10397","title":{"rendered":"Astarada Qaraba\u011f m\u00fcharib\u0259si \u0259lill\u0259ri \u00fc\u00e7\u00fcn in\u015fa edilmi\u015f be\u015f f\u0259rdi ya\u015fay\u0131\u015f evi istifad\u0259y\u0259 verilib"},"content":{"rendered":"<p>Dekabr\u0131n 22-d\u0259 Astara rayonunda \u018fm\u0259k v\u0259 \u018fhalinin Sosial M\u00fcdafi\u0259si Nazirliyinin sifari\u015fi il\u0259 Qaraba\u011f m\u00fcharib\u0259si \u0259lill\u0259ri \u00fc\u00e7\u00fcn in\u015fa edilmi\u015f be\u015f f\u0259rdi ya\u015fay\u0131\u015f evi istifad\u0259y\u0259 verilib.<\/p>\n<p><a class=\"azertac-link\" href=\"https:\/\/azertag.az\/\" target=\"_blank\" rel=\"noopener noreferrer\">AZ\u018fRTAC<\/a>-\u0131n b\u00f6lg\u0259 m\u00fcxbiri x\u0259b\u0259r verir ki, Qaraba\u011f m\u00fcharib\u0259si \u0259lill\u0259ri &#8211; Astara \u015f\u0259h\u0259r sakinl\u0259ri Lo\u011fman Ba\u011f\u0131rov v\u0259 Musa Novruzov, T\u0259ng\u0259r\u00fcd k\u0259nd sakinl\u0259ri Rafiq A\u011facanov v\u0259 \u018fmina\u011fa \u018fliyev, \u015e\u00fcvi k\u0259nd sakini \u018fdal\u0259t R\u00fcst\u0259mov \u00fc\u00e7\u00fcn m\u00fcasir \u00fcslubda in\u015fa edilmi\u015f \u00fc\u00e7otaql\u0131 f\u0259rdi ya\u015fay\u0131\u015f evl\u0259rind\u0259 sakinl\u0259rin rahatl\u0131\u011f\u0131 \u00fc\u00e7\u00fcn h\u0259r c\u00fcr \u015f\u0259rait yarad\u0131l\u0131b.<\/p>\n<p>Yeni ya\u015fay\u0131\u015f evl\u0259rinin a\u00e7\u0131l\u0131\u015f m\u0259rasiml\u0259rind\u0259 \u00e7\u0131x\u0131\u015f ed\u0259nl\u0259r Prezident \u0130lham \u018fliyevin sosial siyas\u0259tinin m\u0259rk\u0259zind\u0259 v\u0259t\u0259nda\u015f \u0259minliyinin dayand\u0131\u011f\u0131n\u0131 vur\u011fulayaraq, \u00f6lk\u0259mizd\u0259 h\u0259ssas \u0259hali qruplar\u0131 il\u0259 ba\u011fl\u0131 m\u00fch\u00fcm sosial proqramlar\u0131n ild\u0259n-il\u0259 geni\u015fl\u0259ndirildiyini diqq\u0259t\u0259 \u00e7atd\u0131r\u0131blar.<\/p>\n<p>Qeyd olunub ki, \u015f\u0259hid ail\u0259l\u0259rinin v\u0259 Qaraba\u011f m\u00fcharib\u0259si \u0259lill\u0259rinin sosial m\u00fcdafi\u0259sinin g\u00fccl\u0259ndirilm\u0259si, onlar\u0131n rifah hal\u0131n\u0131n yax\u015f\u0131la\u015fd\u0131r\u0131lmas\u0131 istiqam\u0259tind\u0259 g\u00f6r\u00fcl\u0259n i\u015fl\u0259r, h\u0259yata ke\u00e7iril\u0259n t\u0259dbirl\u0259r \u00f6lk\u0259mizd\u0259 apar\u0131lan g\u00fccl\u00fc sosial siyas\u0259tin m\u00fch\u00fcm t\u0259rkib hiss\u0259sidir. Bu m\u0259qs\u0259dl\u0259 icra olunan proqramlardan biri d\u0259 \u015f\u0259hid ail\u0259l\u0259rinin v\u0259 Qaraba\u011f m\u00fcharib\u0259si \u0259lill\u0259rinin m\u0259nzill\u0259rl\u0259, f\u0259rdi ya\u015fay\u0131\u015f evl\u0259ri il\u0259 t\u0259min olunmas\u0131d\u0131r.<\/p>\n<p>Diqq\u0259t\u0259 \u00e7atd\u0131r\u0131l\u0131b ki, bu kateqoriyadan olan v\u0259t\u0259nda\u015flara 2018-ci ild\u0259 n\u0259z\u0259rd\u0259 tutuldu\u011fundan 3 d\u0259f\u0259 \u00e7ox olmaqla 626 m\u0259nzil t\u0259qdim edilib. 2019-cu ild\u0259 is\u0259 934 m\u0259nzilin v\u0259 f\u0259rdi ya\u015fay\u0131\u015f evinin tikintisi n\u0259z\u0259rd\u0259 tutulub. Onlar\u0131n b\u00f6y\u00fck \u0259ks\u0259riyy\u0259ti art\u0131q istifad\u0259y\u0259 verilib.<\/p>\n<p>Yeni f\u0259rdi ya\u015fay\u0131\u015f evi il\u0259 t\u0259min olunan Qaraba\u011f m\u00fcharib\u0259si \u0259lill\u0259ri onlar\u0131n sosial t\u0259minat\u0131n\u0131n g\u00fccl\u0259ndirilm\u0259sin\u0259 g\u00f6st\u0259ril\u0259n diqq\u0259t v\u0259 qay\u011f\u0131ya, Yeni il \u0259r\u0259f\u0259sind\u0259 onlara \u0259rma\u011fan edil\u0259n bu g\u00f6z\u0259l t\u00f6hf\u0259y\u0259 g\u00f6r\u0259 Prezident \u0130lham \u018fliyev\u0259 minn\u0259tdarl\u0131qlar\u0131n\u0131 bildiribl\u0259r.<\/p>\n","protected":false},"excerpt":{"rendered":"<p>Dekabr\u0131n 22-d\u0259 Astara rayonunda \u018fm\u0259k v\u0259 \u018fhalinin Sosial M\u00fcdafi\u0259si Nazirliyinin sifari\u015fi il\u0259 Qaraba\u011f m\u00fcharib\u0259si \u0259lill\u0259ri \u00fc\u00e7\u00fcn in\u015fa edilmi\u015f be\u015f f\u0259rdi&hellip;<\/p>\n","protected":false},"author":2,"featured_media":0,"comment_status":"closed","ping_status":"closed","sticky":false,"template":"","format":"standard","meta":{"om_disable_all_campaigns":false,"_monsterinsights_skip_tracking":false,"_uf_show_specific_survey":0,"_uf_disable_surveys":false,"footnotes":""},"categories":[2,4,5],"tags":[],"aioseo_notices":[],"_links":{"self":[{"href":"https:\/\/hakimiyyet.info.az\/index.php?rest_route=\/wp\/v2\/posts\/10397"}],"collection":[{"href":"https:\/\/hakimiyyet.info.az\/index.php?rest_route=\/wp\/v2\/posts"}],"about":[{"href":"https:\/\/hakimiyyet.info.az\/index.php?rest_route=\/wp\/v2\/types\/post"}],"author":[{"embeddable":true,"href":"https:\/\/hakimiyyet.info.az\/index.php?rest_route=\/wp\/v2\/users\/2"}],"replies":[{"embeddable":true,"href":"https:\/\/hakimiyyet.info.az\/index.php?rest_route=%2Fwp%2Fv2%2Fcomments&post=10397"}],"version-history":[{"count":1,"href":"https:\/\/hakimiyyet.info.az\/index.php?rest_route=\/wp\/v2\/posts\/10397\/revisions"}],"predecessor-version":[{"id":10398,"href":"https:\/\/hakimiyyet.info.az\/index.php?rest_route=\/wp\/v2\/posts\/10397\/revisions\/10398"}],"wp:attachment":[{"href":"https:\/\/hakimiyyet.info.az\/index.php?rest_route=%2Fwp%2Fv2%2Fmedia&parent=10397"}],"wp:term":[{"taxonomy":"category","embeddable":true,"href":"https:\/\/hakimiyyet.info.az\/index.php?rest_route=%2Fwp%2Fv2%2Fcategories&post=10397"},{"taxonomy":"post_tag","embeddable":true,"href":"https:\/\/hakimiyyet.info.az\/index.php?rest_route=%2Fwp%2Fv2%2Ftags&post=10397"}],"curies":[{"name":"wp","href":"https:\/\/api.w.org\/{rel}","templated":true}]}}