{"id":10478,"date":"2019-12-24T09:29:32","date_gmt":"2019-12-24T05:29:32","guid":{"rendered":"http:\/\/hakimiyyet.info.az\/?p=10478"},"modified":"2019-12-24T09:29:32","modified_gmt":"2019-12-24T05:29:32","slug":"braziliya-prezidenti-hamamda-yixildi-x%c9%99st%c9%99xanaliq-oldu","status":"publish","type":"post","link":"https:\/\/hakimiyyet.info.az\/?p=10478","title":{"rendered":"Braziliya Prezidenti hamamda y\u0131x\u0131ld\u0131, x\u0259st\u0259xanal\u0131q oldu"},"content":{"rendered":"<p>Braziliya Prezidenti Jair Bolsonaru iqam\u0259tgah\u0131nda y\u0131x\u0131ld\u0131qdan sonra h\u0259rbi hospitala yerl\u0259\u015fdirilib.<\/p>\n<p><strong>Oxu.Az<\/strong>-\u0131n\u00a0m\u0259lumat\u0131na g\u00f6r\u0259, Braziliya K\u0130V-l\u0259ri yaz\u0131b ki, Prezidentin aya\u011f\u0131 hamam ota\u011f\u0131nda s\u00fcr\u00fc\u015fd\u00fckd\u0259n sonra o y\u0131x\u0131l\u0131b.<\/p>\n<p>Bildirilib ki, Prezident h\u0259kiml\u0259r t\u0259r\u0259find\u0259n m\u00fcayin\u0259 olunub. Komp\u00fcter tomoqrafiyas\u0131nda onda h\u0259r hans\u0131 bir travma qeyd\u0259 al\u0131nmay\u0131b.<\/p>\n<p>Bununla bel\u0259 J.Bolsonaru 6-12 saat m\u00fcdd\u0259tind\u0259 tibbi n\u0259zar\u0259t alt\u0131nda qalacaq.<\/p>\n","protected":false},"excerpt":{"rendered":"<p>Braziliya Prezidenti Jair Bolsonaru iqam\u0259tgah\u0131nda y\u0131x\u0131ld\u0131qdan sonra h\u0259rbi hospitala yerl\u0259\u015fdirilib. Oxu.Az-\u0131n\u00a0m\u0259lumat\u0131na g\u00f6r\u0259, Braziliya K\u0130V-l\u0259ri yaz\u0131b ki, Prezidentin aya\u011f\u0131 hamam ota\u011f\u0131nda&hellip;<\/p>\n","protected":false},"author":1,"featured_media":0,"comment_status":"closed","ping_status":"closed","sticky":false,"template":"","format":"standard","meta":{"om_disable_all_campaigns":false,"_monsterinsights_skip_tracking":false,"_uf_show_specific_survey":0,"_uf_disable_surveys":false,"footnotes":""},"categories":[5],"tags":[],"aioseo_notices":[],"_links":{"self":[{"href":"https:\/\/hakimiyyet.info.az\/index.php?rest_route=\/wp\/v2\/posts\/10478"}],"collection":[{"href":"https:\/\/hakimiyyet.info.az\/index.php?rest_route=\/wp\/v2\/posts"}],"about":[{"href":"https:\/\/hakimiyyet.info.az\/index.php?rest_route=\/wp\/v2\/types\/post"}],"author":[{"embeddable":true,"href":"https:\/\/hakimiyyet.info.az\/index.php?rest_route=\/wp\/v2\/users\/1"}],"replies":[{"embeddable":true,"href":"https:\/\/hakimiyyet.info.az\/index.php?rest_route=%2Fwp%2Fv2%2Fcomments&post=10478"}],"version-history":[{"count":1,"href":"https:\/\/hakimiyyet.info.az\/index.php?rest_route=\/wp\/v2\/posts\/10478\/revisions"}],"predecessor-version":[{"id":10479,"href":"https:\/\/hakimiyyet.info.az\/index.php?rest_route=\/wp\/v2\/posts\/10478\/revisions\/10479"}],"wp:attachment":[{"href":"https:\/\/hakimiyyet.info.az\/index.php?rest_route=%2Fwp%2Fv2%2Fmedia&parent=10478"}],"wp:term":[{"taxonomy":"category","embeddable":true,"href":"https:\/\/hakimiyyet.info.az\/index.php?rest_route=%2Fwp%2Fv2%2Fcategories&post=10478"},{"taxonomy":"post_tag","embeddable":true,"href":"https:\/\/hakimiyyet.info.az\/index.php?rest_route=%2Fwp%2Fv2%2Ftags&post=10478"}],"curies":[{"name":"wp","href":"https:\/\/api.w.org\/{rel}","templated":true}]}}