{"id":10480,"date":"2019-12-24T09:30:09","date_gmt":"2019-12-24T05:30:09","guid":{"rendered":"http:\/\/hakimiyyet.info.az\/?p=10480"},"modified":"2019-12-24T09:30:09","modified_gmt":"2019-12-24T05:30:09","slug":"meksikada-s%c9%99h%c9%99r-meri-q%c9%99tl%c9%99-yetirilib","status":"publish","type":"post","link":"https:\/\/hakimiyyet.info.az\/?p=10480","title":{"rendered":"Meksikada \u015f\u0259h\u0259r meri q\u0259tl\u0259 yetirilib"},"content":{"rendered":"<p>Meksikan\u0131n c\u0259nubunda Oaxaka \u015ftat\u0131n\u0131n Xalapa \u015f\u0259h\u0259r meri Arturo Velasqes Yeni il \u015f\u0259nliyind\u0259 q\u0259tl\u0259 yetirilib.<\/p>\n<p><a href=\"https:\/\/apa.az\/\" target=\"_blank\" rel=\"noopener noreferrer\">APA<\/a>\u00a0TASS-a istinad\u0259n x\u0259b\u0259r verir ki, bu bar\u0259d\u0259 yerli \u201cTelevisiz\u201d telekanal\u0131 m\u0259lumat yay\u0131b.<\/p>\n<p>Bildirilib ki, nam\u0259lum \u015f\u0259xsl\u0259r \u015f\u0259nliyin ke\u00e7irildiyi binaya daxil olaraq oradak\u0131 insanlara odlu silahdan at\u0259\u015f a\u00e7\u0131blar.<\/p>\n<p>Silahl\u0131 insident zaman\u0131 Velasqesl\u0259 yana\u015f\u0131, Xavier Terrero \u015f\u0259h\u0259r r\u0259hb\u0259rliyinin i\u015f\u00e7il\u0259rind\u0259n biri d\u0259 \u00f6ld\u00fcr\u00fcl\u00fcb.<\/p>\n<p>Dig\u0259r \u00f6l\u0259n v\u0259 yaralananlar bar\u0259d\u0259 m\u0259lumat verilm\u0259yib.<\/p>\n<p>Hadis\u0259ni t\u00f6r\u0259d\u0259n \u015f\u0259xsl\u0259r hadis\u0259 yerind\u0259n qa\u00e7\u0131b. Polis onlar\u0131n saxlan\u0131lmas\u0131 istiqam\u0259tind\u0259 t\u0259xir\u0259sal\u0131nmaz t\u0259dbirl\u0259r h\u0259yata ke\u00e7irs\u0259 d\u0259 h\u0259l\u0259lik he\u00e7 bir n\u0259tic\u0259 \u0259ld\u0259 edilm\u0259yib. H\u00fcquq-m\u00fchafiz\u0259 orqanlar\u0131 t\u0259r\u0259find\u0259n hadis\u0259nin ba\u015fverm\u0259 s\u0259b\u0259bl\u0259rini ara\u015fd\u0131r\u0131l\u0131r.<\/p>\n<p>Qeyd ed\u0259k ki, yanvar ay\u0131ndan dekabr ay\u0131n\u0131n \u0259vv\u0259lin\u0259 olan d\u00f6vr \u0259rzind\u0259 Meksikada 32,6 min insan zorak\u0131l\u0131\u011f\u0131n qurban\u0131 olub.<\/p>\n<p>&nbsp;<\/p>\n","protected":false},"excerpt":{"rendered":"<p>Meksikan\u0131n c\u0259nubunda Oaxaka \u015ftat\u0131n\u0131n Xalapa \u015f\u0259h\u0259r meri Arturo Velasqes Yeni il \u015f\u0259nliyind\u0259 q\u0259tl\u0259 yetirilib. APA\u00a0TASS-a istinad\u0259n x\u0259b\u0259r verir ki, bu&hellip;<\/p>\n","protected":false},"author":1,"featured_media":0,"comment_status":"closed","ping_status":"closed","sticky":false,"template":"","format":"standard","meta":{"om_disable_all_campaigns":false,"_monsterinsights_skip_tracking":false,"_uf_show_specific_survey":0,"_uf_disable_surveys":false,"footnotes":""},"categories":[5],"tags":[],"aioseo_notices":[],"_links":{"self":[{"href":"https:\/\/hakimiyyet.info.az\/index.php?rest_route=\/wp\/v2\/posts\/10480"}],"collection":[{"href":"https:\/\/hakimiyyet.info.az\/index.php?rest_route=\/wp\/v2\/posts"}],"about":[{"href":"https:\/\/hakimiyyet.info.az\/index.php?rest_route=\/wp\/v2\/types\/post"}],"author":[{"embeddable":true,"href":"https:\/\/hakimiyyet.info.az\/index.php?rest_route=\/wp\/v2\/users\/1"}],"replies":[{"embeddable":true,"href":"https:\/\/hakimiyyet.info.az\/index.php?rest_route=%2Fwp%2Fv2%2Fcomments&post=10480"}],"version-history":[{"count":1,"href":"https:\/\/hakimiyyet.info.az\/index.php?rest_route=\/wp\/v2\/posts\/10480\/revisions"}],"predecessor-version":[{"id":10481,"href":"https:\/\/hakimiyyet.info.az\/index.php?rest_route=\/wp\/v2\/posts\/10480\/revisions\/10481"}],"wp:attachment":[{"href":"https:\/\/hakimiyyet.info.az\/index.php?rest_route=%2Fwp%2Fv2%2Fmedia&parent=10480"}],"wp:term":[{"taxonomy":"category","embeddable":true,"href":"https:\/\/hakimiyyet.info.az\/index.php?rest_route=%2Fwp%2Fv2%2Fcategories&post=10480"},{"taxonomy":"post_tag","embeddable":true,"href":"https:\/\/hakimiyyet.info.az\/index.php?rest_route=%2Fwp%2Fv2%2Ftags&post=10480"}],"curies":[{"name":"wp","href":"https:\/\/api.w.org\/{rel}","templated":true}]}}