{"id":10482,"date":"2019-12-24T09:31:19","date_gmt":"2019-12-24T05:31:19","guid":{"rendered":"http:\/\/hakimiyyet.info.az\/?p=10482"},"modified":"2019-12-24T09:45:11","modified_gmt":"2019-12-24T05:45:11","slug":"bu-gun-az%c9%99rbaycan-prezidenti-ilham-%c9%99liyevin-dogum-gunudur","status":"publish","type":"post","link":"https:\/\/hakimiyyet.info.az\/?p=10482","title":{"rendered":"Bu g\u00fcn Az\u0259rbaycan Prezidenti \u0130lham \u018fliyevin do\u011fum g\u00fcn\u00fcd\u00fcr"},"content":{"rendered":"<p style=\"font-weight: 400;\"><strong><span style=\"font-style: inherit;\">Bu g\u00fcn Az\u0259rbaycan Respublikas\u0131n\u0131n Prezidenti \u0130lham \u018fliyevin do\u011fum g\u00fcn\u00fcd\u00fcr.<\/span><\/strong><\/p>\n<p style=\"font-weight: 400;\"><em><span style=\"font-weight: inherit;\">D\u00f6vl\u0259t ba\u015f\u00e7\u0131s\u0131n\u0131n 58 ya\u015f\u0131 tamam olur.<\/span><\/em><\/p>\n<p style=\"font-weight: 400;\"><em><span style=\"font-weight: inherit;\">\u0130lham Heyd\u0259r o\u011flu \u018fliyev 1961-ci il dekabr\u0131n 24-d\u0259 Bak\u0131 \u015f\u0259h\u0259rind\u0259 anadan olub. Orta t\u0259hsilini 1967-1977-ci ill\u0259rd\u0259 Bak\u0131 \u015f\u0259h\u0259rind\u0259 alan \u0130lham \u018fliyev 1977-ci ild\u0259 Moskva D\u00f6vl\u0259t Beyn\u0259lxalq \u018flaq\u0259l\u0259r \u0130nstitutuna (MDB\u018f\u0130 &#8211; MQ\u0130MO) daxil olub, ali t\u0259hsilini m\u00fcv\u0259ff\u0259qiyy\u0259tl\u0259 ba\u015fa vuraraq elmi f\u0259aliyy\u0259tini institutun aspiranturas\u0131nda davam etdirib.<img decoding=\"async\" src=\"http:\/\/qlobal.az\/photo\/680x365\/2017-05\/1494670821_mtu5mtzknzmwnju3nwe_1.jpg\" alt=\"Image result for \u0130lham \u018fliyev v\u0259 ail\u0259\" \/><\/span><\/em><\/p>\n<p><img decoding=\"async\" src=\"https:\/\/moderator.az\/fotobaza\/orta\/262889.jpg\" alt=\"Image result for \u0130lham \u018fliyev v\u0259 ail\u0259\" \/><\/p>\n<p style=\"font-weight: 400;\"><em><span style=\"font-weight: inherit;\">1985-ci ild\u0259 dissertasiya m\u00fcdafi\u0259 ed\u0259n \u0130lham \u018fliyev tarix elml\u0259ri namiz\u0259di alimlik d\u0259r\u0259c\u0259si al\u0131b v\u0259 1990-c\u0131 il\u0259d\u0259k MDB\u018f\u0130-d\u0259 m\u00fc\u0259llim i\u015fl\u0259yib. 1994-2003-c\u00fc ill\u0259rd\u0259 Az\u0259rbaycan Respublikas\u0131 D\u00f6vl\u0259t Neft \u015eirk\u0259tinin (SOCAR) vitse-prezidenti, sonra is\u0259 birinci vitse-prezidenti v\u0259zif\u0259sind\u0259 \u00e7al\u0131\u015f\u0131b.<\/span><\/em><\/p>\n<p style=\"font-weight: 400;\"><em><span style=\"font-weight: inherit;\">1995-ci v\u0259 2000-ci ill\u0259rd\u0259 Milli M\u0259clis\u0259 \u00fczv se\u00e7il\u0259n \u0130lham \u018fliyev 2001-2003-c\u00fc ill\u0259rd\u0259 Avropa \u015euras\u0131 Parlament Assambleyas\u0131nda (A\u015ePA) Az\u0259rbaycan n\u00fcmay\u0259nd\u0259 hey\u0259tinin r\u0259hb\u0259ri olub. A\u015ePA-da siyasi f\u0259aliyy\u0259ti \u00e7\u0259r\u00e7iv\u0259sind\u0259 2003-c\u00fc ilin yanvar ay\u0131nda qurumun s\u0259dr m\u00fcavini v\u0259 B\u00fcro \u00fczv\u00fc se\u00e7ilib. 2003-c\u00fc ild\u0259 Ba\u015f Nazir v\u0259zif\u0259sin\u0259 t\u0259yin edilm\u0259si il\u0259 \u0259laq\u0259dar \u0130lham \u018fliyevin deputat s\u0259lahiyy\u0259tl\u0259rin\u0259 xitam verilib. 2003-c\u00fc il oktyabr\u0131n 15-d\u0259 Az\u0259rbaycan Respublikas\u0131n\u0131n Prezidenti se\u00e7ilib v\u0259 oktyabr\u0131n 31-d\u0259 v\u0259zif\u0259sinin icras\u0131na ba\u015flay\u0131b. 2008-ci il oktyabr\u0131n 15-d\u0259 ke\u00e7iril\u0259n se\u00e7kil\u0259rd\u0259 se\u00e7icil\u0259rin 88 faizind\u0259n \u00e7oxunun s\u0259sini qazanan \u0130lham \u018fliyev yenid\u0259n Az\u0259rbaycan Respublikas\u0131n\u0131n Prezidenti se\u00e7ilib.<\/span><\/em><\/p>\n<p style=\"font-weight: 400;\"><em><span style=\"font-weight: inherit;\">2013-c\u00fc il oktyabr\u0131n 9-da ke\u00e7iril\u0259n prezident se\u00e7kil\u0259rind\u0259 n\u00f6vb\u0259ti d\u0259f\u0259 q\u0259l\u0259b\u0259 qazan\u0131b.<\/span><\/em><\/p>\n<p style=\"font-weight: 400;\"><em><span style=\"font-weight: inherit;\">2018-ci il aprelin 11-d\u0259 ke\u00e7irilmi\u015f prezident se\u00e7kil\u0259rind\u0259 \u0130lham \u018fliyev 86,03 faiz s\u0259s toplayaraq, yenid\u0259n Az\u0259rbaycan Respublikas\u0131n\u0131n Prezidenti se\u00e7ilib.<\/span><\/em><\/p>\n<p style=\"font-weight: 400;\"><em><span style=\"font-weight: inherit;\">Prezident \u0130lham \u018fliyev hakim Yeni Az\u0259rbaycan Partiyas\u0131n\u0131n s\u0259dridir.\u00a0<\/span><span style=\"font-weight: inherit;\">\u0130lham \u018fliyev, h\u0259m\u00e7inin, 1997-ci ild\u0259n Az\u0259rbaycan\u0131n Milli Olimpiya Komit\u0259sinin prezidentidir. \u0130dman\u0131n v\u0259 Olimpiya h\u0259r\u0259kat\u0131n\u0131n inki\u015faf\u0131nda b\u00f6y\u00fck xidm\u0259tl\u0259rin\u0259 g\u00f6r\u0259 Beyn\u0259lxalq Olimpiya Komit\u0259sinin ali ordeni il\u0259 t\u0259ltif edilib.<\/span><\/em><\/p>\n<p style=\"font-weight: 400;\"><em><span style=\"font-weight: inherit;\">Az\u0259rbaycan, rus, ingilis, frans\u0131z v\u0259 t\u00fcrk dill\u0259rini m\u00fck\u0259mm\u0259l bilir.<\/span><\/em><\/p>\n<p style=\"font-weight: 400;\"><em><span style=\"font-weight: inherit;\">Evlidir. \u00dc\u00e7 \u00f6vlad\u0131 var.<\/span><\/em><\/p>\n<p><strong>Redaksiyadan: <em>Biz d\u0259 kollektivimiz v\u0259 \u00e7oxsayl\u0131 oxucular\u0131m\u0131z ad\u0131ndan Az\u0259rbaycan Respublikas\u0131n\u0131n Prezidenti C\u0259nab \u0130lham Heyd\u0259r o\u011flu \u018fliyevi ad g\u00fcn\u00fc m\u00fcnasib\u0259tiyl\u0259 t\u0259brik edir, ona cansa\u011fl\u0131\u011f\u0131, uzun \u00f6m\u00fcr arzulay\u0131r\u0131q!<\/em><\/strong><\/p>\n<p><strong>&#8220;HAK\u0130M\u0130YY\u018fT&#8221; q\u0259zeti<\/strong><\/p>\n","protected":false},"excerpt":{"rendered":"<p>Bu g\u00fcn Az\u0259rbaycan Respublikas\u0131n\u0131n Prezidenti \u0130lham \u018fliyevin do\u011fum g\u00fcn\u00fcd\u00fcr. D\u00f6vl\u0259t ba\u015f\u00e7\u0131s\u0131n\u0131n 58 ya\u015f\u0131 tamam olur. \u0130lham Heyd\u0259r o\u011flu \u018fliyev 1961-ci&hellip;<\/p>\n","protected":false},"author":1,"featured_media":0,"comment_status":"closed","ping_status":"closed","sticky":false,"template":"","format":"standard","meta":{"om_disable_all_campaigns":false,"_monsterinsights_skip_tracking":false,"_uf_show_specific_survey":0,"_uf_disable_surveys":false,"footnotes":""},"categories":[23,12,2,7,5],"tags":[],"aioseo_notices":[],"_links":{"self":[{"href":"https:\/\/hakimiyyet.info.az\/index.php?rest_route=\/wp\/v2\/posts\/10482"}],"collection":[{"href":"https:\/\/hakimiyyet.info.az\/index.php?rest_route=\/wp\/v2\/posts"}],"about":[{"href":"https:\/\/hakimiyyet.info.az\/index.php?rest_route=\/wp\/v2\/types\/post"}],"author":[{"embeddable":true,"href":"https:\/\/hakimiyyet.info.az\/index.php?rest_route=\/wp\/v2\/users\/1"}],"replies":[{"embeddable":true,"href":"https:\/\/hakimiyyet.info.az\/index.php?rest_route=%2Fwp%2Fv2%2Fcomments&post=10482"}],"version-history":[{"count":3,"href":"https:\/\/hakimiyyet.info.az\/index.php?rest_route=\/wp\/v2\/posts\/10482\/revisions"}],"predecessor-version":[{"id":10514,"href":"https:\/\/hakimiyyet.info.az\/index.php?rest_route=\/wp\/v2\/posts\/10482\/revisions\/10514"}],"wp:attachment":[{"href":"https:\/\/hakimiyyet.info.az\/index.php?rest_route=%2Fwp%2Fv2%2Fmedia&parent=10482"}],"wp:term":[{"taxonomy":"category","embeddable":true,"href":"https:\/\/hakimiyyet.info.az\/index.php?rest_route=%2Fwp%2Fv2%2Fcategories&post=10482"},{"taxonomy":"post_tag","embeddable":true,"href":"https:\/\/hakimiyyet.info.az\/index.php?rest_route=%2Fwp%2Fv2%2Ftags&post=10482"}],"curies":[{"name":"wp","href":"https:\/\/api.w.org\/{rel}","templated":true}]}}