{"id":10511,"date":"2019-12-24T09:44:45","date_gmt":"2019-12-24T05:44:45","guid":{"rendered":"http:\/\/hakimiyyet.info.az\/?p=10511"},"modified":"2019-12-24T09:44:45","modified_gmt":"2019-12-24T05:44:45","slug":"erm%c9%99nistan-silahli-quvv%c9%99l%c9%99ri-at%c9%99sk%c9%99s-rejimini-22-d%c9%99f%c9%99-pozub","status":"publish","type":"post","link":"https:\/\/hakimiyyet.info.az\/?p=10511","title":{"rendered":"Erm\u0259nistan silahl\u0131 q\u00fcvv\u0259l\u0259ri at\u0259\u015fk\u0259s rejimini 22 d\u0259f\u0259 pozub"},"content":{"rendered":"<p>Erm\u0259nistan silahl\u0131 q\u00fcvv\u0259l\u0259rinin b\u00f6lm\u0259l\u0259ri c\u0259bh\u0259nin m\u00fcxt\u0259lif istiqam\u0259tl\u0259rind\u0259 iri\u00e7apl\u0131 pulemyotlardan v\u0259 snayper t\u00fcf\u0259ngl\u0259rind\u0259n d\u0259 istifad\u0259 etm\u0259kl\u0259 sutka \u0259rzind\u0259 at\u0259\u015fk\u0259s rejimini 22 d\u0259f\u0259 pozub.<\/p>\n<p>M\u00fcdafi\u0259 Nazirliyinin m\u0259tbuat xidm\u0259tind\u0259n\u00a0<a class=\"azertac-link\" href=\"https:\/\/azertag.az\/\" target=\"_blank\" rel=\"noopener noreferrer\">AZ\u018fRTAC<\/a>-a bildirilib ki, Erm\u0259nistan Respublikas\u0131 Noyemberyan rayonunun \u015eavar\u015favan k\u0259ndind\u0259 v\u0259 ads\u0131z y\u00fcks\u0259klikl\u0259rd\u0259 yerl\u0259\u015f\u0259n m\u00f6vqel\u0259rd\u0259n Qazax rayonunun F\u0259r\u0259hli k\u0259ndind\u0259 v\u0259 ads\u0131z y\u00fcks\u0259klikl\u0259rd\u0259, Berd rayonunun Ayqepar, \u00c7inari k\u0259ndl\u0259rind\u0259 yerl\u0259\u015f\u0259n m\u00f6vqel\u0259rd\u0259n Tovuz rayonunun \u018flib\u0259yli v\u0259 A\u011fbulaq k\u0259ndl\u0259rind\u0259 yerl\u0259\u015f\u0259n m\u00f6vqel\u0259rimiz at\u0259\u015f\u0259 tutulub.<\/p>\n<p>\u0130\u015f\u011fal alt\u0131nda olan A\u011fdam rayonunun \u015e\u0131xlar, Yusifcanl\u0131, F\u00fczuli rayonunun K\u00fcrdl\u0259r k\u0259ndl\u0259ri yax\u0131nl\u0131\u011f\u0131nda, h\u0259m\u00e7inin Goranboy, T\u0259rt\u0259r, Xocav\u0259nd v\u0259 F\u00fczuli rayonlar\u0131 \u0259razisind\u0259ki ads\u0131z y\u00fcks\u0259klikl\u0259rd\u0259 yerl\u0259\u015f\u0259n m\u00f6vqel\u0259rd\u0259n d\u0259 ordumuzun m\u00f6vqel\u0259ri at\u0259\u015f\u0259 tutulub.<\/p>\n","protected":false},"excerpt":{"rendered":"<p>Erm\u0259nistan silahl\u0131 q\u00fcvv\u0259l\u0259rinin b\u00f6lm\u0259l\u0259ri c\u0259bh\u0259nin m\u00fcxt\u0259lif istiqam\u0259tl\u0259rind\u0259 iri\u00e7apl\u0131 pulemyotlardan v\u0259 snayper t\u00fcf\u0259ngl\u0259rind\u0259n d\u0259 istifad\u0259 etm\u0259kl\u0259 sutka \u0259rzind\u0259 at\u0259\u015fk\u0259s rejimini 22&hellip;<\/p>\n","protected":false},"author":1,"featured_media":0,"comment_status":"closed","ping_status":"closed","sticky":false,"template":"","format":"standard","meta":{"om_disable_all_campaigns":false,"_monsterinsights_skip_tracking":false,"_uf_show_specific_survey":0,"_uf_disable_surveys":false,"footnotes":""},"categories":[5],"tags":[],"aioseo_notices":[],"_links":{"self":[{"href":"https:\/\/hakimiyyet.info.az\/index.php?rest_route=\/wp\/v2\/posts\/10511"}],"collection":[{"href":"https:\/\/hakimiyyet.info.az\/index.php?rest_route=\/wp\/v2\/posts"}],"about":[{"href":"https:\/\/hakimiyyet.info.az\/index.php?rest_route=\/wp\/v2\/types\/post"}],"author":[{"embeddable":true,"href":"https:\/\/hakimiyyet.info.az\/index.php?rest_route=\/wp\/v2\/users\/1"}],"replies":[{"embeddable":true,"href":"https:\/\/hakimiyyet.info.az\/index.php?rest_route=%2Fwp%2Fv2%2Fcomments&post=10511"}],"version-history":[{"count":1,"href":"https:\/\/hakimiyyet.info.az\/index.php?rest_route=\/wp\/v2\/posts\/10511\/revisions"}],"predecessor-version":[{"id":10512,"href":"https:\/\/hakimiyyet.info.az\/index.php?rest_route=\/wp\/v2\/posts\/10511\/revisions\/10512"}],"wp:attachment":[{"href":"https:\/\/hakimiyyet.info.az\/index.php?rest_route=%2Fwp%2Fv2%2Fmedia&parent=10511"}],"wp:term":[{"taxonomy":"category","embeddable":true,"href":"https:\/\/hakimiyyet.info.az\/index.php?rest_route=%2Fwp%2Fv2%2Fcategories&post=10511"},{"taxonomy":"post_tag","embeddable":true,"href":"https:\/\/hakimiyyet.info.az\/index.php?rest_route=%2Fwp%2Fv2%2Ftags&post=10511"}],"curies":[{"name":"wp","href":"https:\/\/api.w.org\/{rel}","templated":true}]}}