{"id":10513,"date":"2019-12-24T09:45:48","date_gmt":"2019-12-24T05:45:48","guid":{"rendered":"http:\/\/hakimiyyet.info.az\/?p=10513"},"modified":"2019-12-24T09:45:48","modified_gmt":"2019-12-24T05:45:48","slug":"avropa-az%c9%99rbaycan-m%c9%99kt%c9%99bind%c9%99-xeyriyy%c9%99-konsert-musabiq%c9%99si-kecirilib","status":"publish","type":"post","link":"https:\/\/hakimiyyet.info.az\/?p=10513","title":{"rendered":"Avropa Az\u0259rbaycan M\u0259kt\u0259bind\u0259 xeyriyy\u0259 konsert-m\u00fcsabiq\u0259si ke\u00e7irilib"},"content":{"rendered":"<p>Avropa Az\u0259rbaycan M\u0259kt\u0259bind\u0259 D\u00fcnya Az\u0259rbaycanl\u0131lar\u0131n\u0131n H\u0259mr\u0259yliyi G\u00fcn\u00fc m\u00fcnasib\u0259til\u0259 konsert-m\u00fcsabiq\u0259 ke\u00e7irilib.<\/p>\n<p><a class=\"azertac-link\" href=\"https:\/\/azertag.az\/\" target=\"_blank\" rel=\"noopener noreferrer\">AZ\u018fRTAC<\/a>\u00a0x\u0259b\u0259r verir ki, \u201c\u0130stedad sora\u011f\u0131nda\u201d layih\u0259si \u0259sas\u0131nda haz\u0131rlanan xeyriyy\u0259 konsert-m\u00fcsabiq\u0259d\u0259 m\u0259kt\u0259bin \u015fagirdl\u0259ri \u00f6z istedadlar\u0131n\u0131 n\u00fcmayi\u015f etdiribl\u0259r. IX sinif \u015fagirdl\u0259rinin biznes layih\u0259si olan t\u0259dbirin t\u0259\u015fkilat\u00e7\u0131lar\u0131 m\u0259hz \u015fagirdl\u0259rin \u00f6zl\u0259ri olub. Valideynl\u0259rin d\u0259 qat\u0131ld\u0131\u011f\u0131 t\u0259dbir b\u00f6y\u00fck co\u015fqu il\u0259 qar\u015f\u0131lan\u0131b.<\/p>\n<p>M\u0259kt\u0259bin m\u00fc\u0259lliml\u0259ri v\u0259 \u015fagirdl\u0259rd\u0259n ibar\u0259t m\u00fcnsifl\u0259r hey\u0259ti m\u00fcxt\u0259lif musiqi n\u00f6mr\u0259l\u0259ri il\u0259 \u00e7\u0131x\u0131\u015f ed\u0259n \u015fagirdl\u0259r\u0259 m\u00fcvafiq ballar ver\u0259r\u0259k sonda qalibl\u0259ri m\u00fc\u0259yy\u0259n edibl\u0259r.<\/p>\n<p>Az\u0259rbaycan Respublikas\u0131n\u0131n Xalq artisti \u0130lqar Muradov da t\u0259dbird\u0259 i\u015ftirak edib.<\/p>\n<p>T\u0259dbird\u0259 m\u00fc\u0259llim, valideyn, \u015fagird v\u0259 qonaqlar\u0131n yard\u0131m\u0131 il\u0259 toplanan 600 manatdan art\u0131q v\u0259sait Yeni il \u0259r\u0259f\u0259sind\u0259 kims\u0259siz u\u015faqlar\u0131n arzular\u0131n\u0131n ger\u00e7\u0259kl\u0259\u015fdirilm\u0259sin\u0259 s\u0259rf edil\u0259c\u0259k.<\/p>\n<p>Sonda konsert-m\u00fcsabiq\u0259nin qalibl\u0259rin\u0259 sertifikat v\u0259 h\u0259diyy\u0259l\u0259r t\u0259qdim olunub.<\/p>\n","protected":false},"excerpt":{"rendered":"<p>Avropa Az\u0259rbaycan M\u0259kt\u0259bind\u0259 D\u00fcnya Az\u0259rbaycanl\u0131lar\u0131n\u0131n H\u0259mr\u0259yliyi G\u00fcn\u00fc m\u00fcnasib\u0259til\u0259 konsert-m\u00fcsabiq\u0259 ke\u00e7irilib. AZ\u018fRTAC\u00a0x\u0259b\u0259r verir ki, \u201c\u0130stedad sora\u011f\u0131nda\u201d layih\u0259si \u0259sas\u0131nda haz\u0131rlanan xeyriyy\u0259 konsert-m\u00fcsabiq\u0259d\u0259&hellip;<\/p>\n","protected":false},"author":1,"featured_media":0,"comment_status":"closed","ping_status":"closed","sticky":false,"template":"","format":"standard","meta":{"om_disable_all_campaigns":false,"_monsterinsights_skip_tracking":false,"_uf_show_specific_survey":0,"_uf_disable_surveys":false,"footnotes":""},"categories":[8],"tags":[],"aioseo_notices":[],"_links":{"self":[{"href":"https:\/\/hakimiyyet.info.az\/index.php?rest_route=\/wp\/v2\/posts\/10513"}],"collection":[{"href":"https:\/\/hakimiyyet.info.az\/index.php?rest_route=\/wp\/v2\/posts"}],"about":[{"href":"https:\/\/hakimiyyet.info.az\/index.php?rest_route=\/wp\/v2\/types\/post"}],"author":[{"embeddable":true,"href":"https:\/\/hakimiyyet.info.az\/index.php?rest_route=\/wp\/v2\/users\/1"}],"replies":[{"embeddable":true,"href":"https:\/\/hakimiyyet.info.az\/index.php?rest_route=%2Fwp%2Fv2%2Fcomments&post=10513"}],"version-history":[{"count":1,"href":"https:\/\/hakimiyyet.info.az\/index.php?rest_route=\/wp\/v2\/posts\/10513\/revisions"}],"predecessor-version":[{"id":10515,"href":"https:\/\/hakimiyyet.info.az\/index.php?rest_route=\/wp\/v2\/posts\/10513\/revisions\/10515"}],"wp:attachment":[{"href":"https:\/\/hakimiyyet.info.az\/index.php?rest_route=%2Fwp%2Fv2%2Fmedia&parent=10513"}],"wp:term":[{"taxonomy":"category","embeddable":true,"href":"https:\/\/hakimiyyet.info.az\/index.php?rest_route=%2Fwp%2Fv2%2Fcategories&post=10513"},{"taxonomy":"post_tag","embeddable":true,"href":"https:\/\/hakimiyyet.info.az\/index.php?rest_route=%2Fwp%2Fv2%2Ftags&post=10513"}],"curies":[{"name":"wp","href":"https:\/\/api.w.org\/{rel}","templated":true}]}}