{"id":10616,"date":"2019-12-27T23:36:39","date_gmt":"2019-12-27T19:36:39","guid":{"rendered":"https:\/\/www.hakimiyyet.com\/?p=10616"},"modified":"2019-12-27T23:36:39","modified_gmt":"2019-12-27T19:36:39","slug":"daha-bir-icra-bascisi-v%c9%99zif%c9%99sind%c9%99n-gedir-yaxud-ogrular-maskalanir","status":"publish","type":"post","link":"https:\/\/hakimiyyet.info.az\/?p=10616","title":{"rendered":"Daha bir icra ba\u015f\u00e7\u0131s\u0131 v\u0259zif\u0259sind\u0259n gedir-yaxud o\u011frular maskalan\u0131r!"},"content":{"rendered":"<p><strong>K\u0259lb\u0259c\u0259r Rayon \u0130cra Hakimiyy\u0259tinin ba\u015f\u00e7\u0131s\u0131 Aqil M\u0259mm\u0259dovun 9 fevral 2020-ci ild\u0259 ke\u00e7iril\u0259c\u0259k n\u00f6vb\u0259d\u0259nk\u0259nar parlament se\u00e7kil\u0259rind\u0259 i\u015ftirak etm\u0259k \u00fc\u00e7\u00fcn123 sayl\u0131 K\u0259lb\u0259c\u0259r Se\u00e7ki Dair\u0259sind\u0259n namiz\u0259dliyi ir\u0259li s\u00fcr\u00fcl\u00fcb.<\/strong><\/p>\n<p>Modern.az-a dan\u0131\u015fan icra ba\u015f\u00e7\u0131s\u0131 Yeni Az\u0259rbaycan Partiyas\u0131 (YAP) t\u0259r\u0259find\u0259n ona g\u00f6st\u0259ril\u0259n etimada g\u00f6r\u0259 t\u0259\u015f\u0259kk\u00fcr edib:<\/p>\n<p>\u201cBug\u00fcnk\u00fc siyah\u0131da m\u0259nim d\u0259 ad\u0131m\u0131n olmas\u0131 sevincl\u0259 yana\u015f\u0131 b\u00f6y\u00fck m\u0259suliyy\u0259t hissi yarad\u0131r. \u00c7al\u0131\u015faca\u011fam YAP t\u0259r\u0259find\u0259n m\u0259n\u0259 g\u00f6st\u0259il\u0259n bu etimad\u0131 do\u011fruldum\u201d.<\/p>\n<p>A.M\u0259mm\u0259dov bildirib ki, qanunvericilikl\u0259 n\u0259z\u0259rd\u0259 tutulmu\u015f qaydada deputat se\u00e7il\u0259c\u0259yi t\u0259qdird\u0259 icra ba\u015f\u00e7\u0131s\u0131 v\u0259zif\u0259sind\u0259n istefa ver\u0259c\u0259k:<\/p>\n<p>\u201cQanunvericiliy\u0259 g\u00f6r\u0259, deputat se\u00e7il\u0259r\u0259ms\u0259, haz\u0131rk\u0131 v\u0259zif\u0259md\u0259n azad olunmal\u0131yam. \u00d6z hesab\u0131ma m\u0259zuniyy\u0259t\u0259 \u00e7\u0131xaca\u011fam, yaxud istefa ver\u0259c\u0259y\u0259m, buna YAP t\u0259r\u0259find\u0259n m\u0259n\u0259 r\u0259smi s\u0259n\u0259d daxil olanda q\u0259rar ver\u0259c\u0259yik\u201d.<\/p>\n<p>Qeyd ed\u0259k ki, bundan \u0259vv\u0259l 123 sayl\u0131 K\u0259lb\u0259c\u0259r Se\u00e7ki Dair\u0259sinin deputat\u0131 Cavid Qurbanov olub.<\/p>\n","protected":false},"excerpt":{"rendered":"<p>K\u0259lb\u0259c\u0259r Rayon \u0130cra Hakimiyy\u0259tinin ba\u015f\u00e7\u0131s\u0131 Aqil M\u0259mm\u0259dovun 9 fevral 2020-ci ild\u0259 ke\u00e7iril\u0259c\u0259k n\u00f6vb\u0259d\u0259nk\u0259nar parlament se\u00e7kil\u0259rind\u0259 i\u015ftirak etm\u0259k \u00fc\u00e7\u00fcn123 sayl\u0131 K\u0259lb\u0259c\u0259r&hellip;<\/p>\n","protected":false},"author":2,"featured_media":0,"comment_status":"closed","ping_status":"closed","sticky":false,"template":"","format":"standard","meta":{"om_disable_all_campaigns":false,"_monsterinsights_skip_tracking":false,"_uf_show_specific_survey":0,"_uf_disable_surveys":false,"footnotes":""},"categories":[23,2,7,5],"tags":[],"aioseo_notices":[],"_links":{"self":[{"href":"https:\/\/hakimiyyet.info.az\/index.php?rest_route=\/wp\/v2\/posts\/10616"}],"collection":[{"href":"https:\/\/hakimiyyet.info.az\/index.php?rest_route=\/wp\/v2\/posts"}],"about":[{"href":"https:\/\/hakimiyyet.info.az\/index.php?rest_route=\/wp\/v2\/types\/post"}],"author":[{"embeddable":true,"href":"https:\/\/hakimiyyet.info.az\/index.php?rest_route=\/wp\/v2\/users\/2"}],"replies":[{"embeddable":true,"href":"https:\/\/hakimiyyet.info.az\/index.php?rest_route=%2Fwp%2Fv2%2Fcomments&post=10616"}],"version-history":[{"count":1,"href":"https:\/\/hakimiyyet.info.az\/index.php?rest_route=\/wp\/v2\/posts\/10616\/revisions"}],"predecessor-version":[{"id":10617,"href":"https:\/\/hakimiyyet.info.az\/index.php?rest_route=\/wp\/v2\/posts\/10616\/revisions\/10617"}],"wp:attachment":[{"href":"https:\/\/hakimiyyet.info.az\/index.php?rest_route=%2Fwp%2Fv2%2Fmedia&parent=10616"}],"wp:term":[{"taxonomy":"category","embeddable":true,"href":"https:\/\/hakimiyyet.info.az\/index.php?rest_route=%2Fwp%2Fv2%2Fcategories&post=10616"},{"taxonomy":"post_tag","embeddable":true,"href":"https:\/\/hakimiyyet.info.az\/index.php?rest_route=%2Fwp%2Fv2%2Ftags&post=10616"}],"curies":[{"name":"wp","href":"https:\/\/api.w.org\/{rel}","templated":true}]}}