{"id":10620,"date":"2019-12-27T23:47:32","date_gmt":"2019-12-27T19:47:32","guid":{"rendered":"https:\/\/www.hakimiyyet.com\/?p=10620"},"modified":"2019-12-27T23:47:32","modified_gmt":"2019-12-27T19:47:32","slug":"zlatan-ibrahimovic-yenid%c9%99n-milana-qayidib","status":"publish","type":"post","link":"https:\/\/hakimiyyet.info.az\/?p=10620","title":{"rendered":"Zlatan \u0130brahimovi\u00e7 yenid\u0259n \u201cMilan\u201da qay\u0131d\u0131b"},"content":{"rendered":"<p>Dekabr\u0131n 27-da \u0130taliyan\u0131n \u201cMilan\u201d klubu q\u0131\u015f fasil\u0259si \u0259r\u0259f\u0259sind\u0259 ilk transferini a\u00e7\u0131qlay\u0131b.<\/p>\n<p><a class=\"azertac-link\" href=\"https:\/\/azertag.az\/\" target=\"_blank\" rel=\"noopener noreferrer\">AZ\u018fRTAC<\/a>\u00a0\u201cMilan\u201d\u0131n r\u0259smi sayt\u0131na istinadla x\u0259b\u0259r verir ki, klubun ilk transferi isve\u00e7li Zlatan \u0130brahimovi\u00e7 olub. M\u00fcqavil\u0259nin detallar\u0131 a\u00e7\u0131qlanmasa da, xarici K\u0130V-l\u0259r Zlatanla 1,5 illik m\u00fcqavil\u0259 imzalanaca\u011f\u0131n\u0131 bildirir.<\/p>\n<p>Zlatan yanvar\u0131n 2-d\u0259 Milan \u015f\u0259h\u0259rind\u0259 g\u0259lib tibbi m\u00fcayin\u0259d\u0259n ke\u00e7\u0259c\u0259k.<\/p>\n<p>\u201c\u00c7ox h\u00f6rm\u0259t etdiyim kluba v\u0259 sevdiyim \u015f\u0259h\u0259r\u0259 qay\u0131d\u0131ram. Bu m\u00f6vs\u00fcm\u00fcn gedi\u015fat\u0131n\u0131 d\u0259yi\u015fdirm\u0259k \u00fc\u00e7\u00fcn komanda yolda\u015flar\u0131mla birg\u0259 m\u00fcbariz\u0259 aparaca\u011fam v\u0259 h\u0259d\u0259fl\u0259rimiz\u0259 \u00e7atmaq \u00fc\u00e7\u00fcn h\u0259r \u015feyi ed\u0259c\u0259y\u0259m\u201d &#8211; dey\u0259 \u0130brahimovi\u00e7 bildirib.<\/p>\n<p>Qeyd ed\u0259k ki, Zlatan 2010-ci ild\u0259n 2013-c\u00fc il\u0259 kimi \u201cMilan\u201d\u0131n formas\u0131n\u0131 geyinib. O, \u201crossoneri\u201dl\u0259rin hey\u0259tind\u0259 61 oyunda meydana \u00e7\u0131x\u0131b v\u0259 42 qolla yadda qal\u0131b.<\/p>\n<p>Daha \u0259vv\u0259l bildirilirdi ki, 36 ya\u015fl\u0131 h\u00fccum\u00e7u il\u0259 &#8220;Everton&#8221;, &#8220;Napoli&#8221; v\u0259 A seriyas\u0131ndan &#8220;Monsa&#8221; maraqlan\u0131r.<\/p>\n","protected":false},"excerpt":{"rendered":"<p>Dekabr\u0131n 27-da \u0130taliyan\u0131n \u201cMilan\u201d klubu q\u0131\u015f fasil\u0259si \u0259r\u0259f\u0259sind\u0259 ilk transferini a\u00e7\u0131qlay\u0131b. AZ\u018fRTAC\u00a0\u201cMilan\u201d\u0131n r\u0259smi sayt\u0131na istinadla x\u0259b\u0259r verir ki, klubun ilk&hellip;<\/p>\n","protected":false},"author":2,"featured_media":0,"comment_status":"closed","ping_status":"closed","sticky":false,"template":"","format":"standard","meta":{"om_disable_all_campaigns":false,"_monsterinsights_skip_tracking":false,"_uf_show_specific_survey":0,"_uf_disable_surveys":false,"footnotes":""},"categories":[13,5],"tags":[],"aioseo_notices":[],"_links":{"self":[{"href":"https:\/\/hakimiyyet.info.az\/index.php?rest_route=\/wp\/v2\/posts\/10620"}],"collection":[{"href":"https:\/\/hakimiyyet.info.az\/index.php?rest_route=\/wp\/v2\/posts"}],"about":[{"href":"https:\/\/hakimiyyet.info.az\/index.php?rest_route=\/wp\/v2\/types\/post"}],"author":[{"embeddable":true,"href":"https:\/\/hakimiyyet.info.az\/index.php?rest_route=\/wp\/v2\/users\/2"}],"replies":[{"embeddable":true,"href":"https:\/\/hakimiyyet.info.az\/index.php?rest_route=%2Fwp%2Fv2%2Fcomments&post=10620"}],"version-history":[{"count":1,"href":"https:\/\/hakimiyyet.info.az\/index.php?rest_route=\/wp\/v2\/posts\/10620\/revisions"}],"predecessor-version":[{"id":10621,"href":"https:\/\/hakimiyyet.info.az\/index.php?rest_route=\/wp\/v2\/posts\/10620\/revisions\/10621"}],"wp:attachment":[{"href":"https:\/\/hakimiyyet.info.az\/index.php?rest_route=%2Fwp%2Fv2%2Fmedia&parent=10620"}],"wp:term":[{"taxonomy":"category","embeddable":true,"href":"https:\/\/hakimiyyet.info.az\/index.php?rest_route=%2Fwp%2Fv2%2Fcategories&post=10620"},{"taxonomy":"post_tag","embeddable":true,"href":"https:\/\/hakimiyyet.info.az\/index.php?rest_route=%2Fwp%2Fv2%2Ftags&post=10620"}],"curies":[{"name":"wp","href":"https:\/\/api.w.org\/{rel}","templated":true}]}}