{"id":10634,"date":"2019-12-28T00:46:05","date_gmt":"2019-12-27T20:46:05","guid":{"rendered":"https:\/\/www.hakimiyyet.com\/?p=10634"},"modified":"2019-12-28T00:48:34","modified_gmt":"2019-12-27T20:48:34","slug":"musavatin-muhacir-alverini-avropa-mediasi-arasdirir","status":"publish","type":"post","link":"https:\/\/hakimiyyet.info.az\/?p=10634","title":{"rendered":"M\u00fcsavat\u0131n m\u00fchacir alverini Avropa medias\u0131 ara\u015fd\u0131r\u0131r"},"content":{"rendered":"<p>M\u00fcsavat Partiyas\u0131n\u0131n Avropa Koordinasiya M\u0259rk\u0259zinin m\u00fchacir alveri qalmaqal\u0131 n\u00fcfuzlu Avropa n\u0259\u015frl\u0259rind\u0259 d\u0259 geni\u015f \u015f\u0259kild\u0259 \u015f\u0259rh edilir.<\/p>\n<p>Trend-in m\u0259lumat\u0131na g\u00f6r\u0259, bu bar\u0259d\u0259 Avropada ya\u015fayan jurnalist Yaf\u0259z \u018fkr\u0259mo\u011flu \u00f6z\u00fcn\u00fcn Facebook s\u0259hif\u0259sind\u0259 yaz\u0131b. Onun s\u00f6zl\u0259rin\u0259 g\u00f6r\u0259, h\u0259tta Avropa Birliyinin maliyy\u04d9 d\u04d9st\u04d9yi il\u04d9 M\u00fcsavat\u0131n m\u00fchacir alveri il\u04d9 ba\u011fl\u0131 geni\u015f v\u04d9 \u04d9hat\u04d9li m\u0259qal\u0259l\u0259r yaz\u0131l\u0131r.<\/p>\n<p>M\u00fcsavat\u0131n m\u00fchacir alverini ard\u0131c\u0131l v\u0259 konkret faktlarla if\u015fa ed\u0259n jurnalist bildirib ki, \u0130sa Q\u04d9mb\u04d9r, Arif Hac\u0131l\u0131 v\u04d9 G\u00fcla\u011fa Aslanl\u0131n\u0131n ba\u015f\u0131nda durdu\u011fu bu \u00e7irkin i\u015fl\u04d9ri if\u015fa ed\u04d9nd\u04d9 g\u00fcnahkarlar v\u04d9ziyy\u04d9td\u04d9n \u00e7\u0131xmaq \u00fc\u00e7\u00fcn ona &#8220;h\u00f6kum\u04d9tin adam\u0131&#8221; dam\u011fas\u0131n\u0131 vurma\u011fa \u00e7al\u0131\u015f\u0131rd\u0131lar. &#8220;M\u04d9nd\u04d9n d\u04d9 k\u04d9skin m\u00f6vqe qoyan m\u04d9qal\u04d9l\u0259rin maliyy\u04d9 d\u04d9st\u04d9k\u00e7isi is\u04d9 Avropa Birliyidir. G\u00f6r\u04d9s\u04d9n, Avropa Birliyini d\u04d9 h\u00f6kum\u04d9tin adam\u0131 \u00e7\u0131xara bil\u04d9c\u04d9kl\u04d9r?&#8221; &#8211; dey\u0259, jurnalist sual edir.<\/p>\n<p>Xat\u0131rladaq ki, \u00f6t\u0259n ay Almaniyan\u0131n h\u00fcquq-m\u00fchafiz\u0259 orqanlar\u0131 Az\u0259rbaycan\u0131n m\u00fcxalif\u0259t partiyas\u0131n\u0131n ke\u00e7mi\u015f \u00fczvl\u0259rini saxlay\u0131b. Cinay\u0259tkar \u015f\u0259b\u0259k\u0259y\u0259 daxil olan 7 n\u0259f\u0259r h\u0259bs edilib. Cinay\u0259tkar d\u0259st\u0259nin saxlan\u0131lan \u00fczvl\u0259ri bar\u0259sind\u0259 yerli federal m\u0259hk\u0259m\u0259l\u0259r t\u0259r\u0259find\u0259n 6 ay m\u00fcdd\u0259tin\u0259 h\u0259bs q\u0259timkan t\u0259dbiri se\u00e7ilib.<\/p>\n<p>Onlar \u018fdliyy\u0259 Nazirliyi Penitensiar Xidm\u0259tinin 9 v\u0259 14 sayl\u0131 m\u0259nt\u0259q\u0259 tipli c\u0259za\u00e7\u0259km\u0259 m\u00fc\u0259ssis\u0259l\u0259rinin sabiq r\u0259isi El\u00e7in \u018fkb\u0259rov, M\u00fcsavat Partiyas\u0131 Avropa Koordinasiya M\u0259rk\u0259zinin (M\u00fcsavat AKM) s\u0259dri, K\u0259lb\u0259c\u0259r rayonunun sabiq icra ba\u015f\u00e7\u0131s\u0131 \u0130lham H\u0259s\u0259n, M\u00fcsavat partiyas\u0131n\u0131n \u00fczv\u00fc, M\u00fcsavat AKM s\u0259drinin m\u00fcavini Mehdi X\u0259lilb\u0259yli, M\u00fcsavat AKM-in \u00fczv\u00fc Abdin Cavadov, sabiq deputat Sabir R\u00fcst\u0259mxanl\u0131n\u0131n qarda\u015f\u0131, &#8220;Leqat&#8221; inteqrasiya m\u0259rk\u0259zinin r\u0259hb\u0259ri, sabiq polis r\u0259isi \u018fl\u00f6vs\u0259t \u018fliyev, Mehdi X\u0259lilb\u0259ylinin s\u00fcr\u00fcc\u00fcs\u00fc R\u0259\u015fad M\u0259mm\u0259dov, M\u00fcsavat Partiyas\u0131n\u0131n \u00fczv\u00fc El\u015f\u0259n Abdullayevdir.<\/p>\n<p>M\u0259lum olub ki, h\u0259bs edil\u0259nl\u0259r Almaniyada &#8220;miqrant alveri&#8221; il\u0259 m\u0259\u015f\u011ful olmaqda , o c\u00fcml\u0259d\u0259n 3-10 min avro aras\u0131 \u00f6d\u0259m\u0259 qar\u015f\u0131l\u0131\u011f\u0131nda insanlar\u0131 qa\u00e7aq yollarla Almaniyaya aparmaqda \u015f\u00fcbh\u0259li bilinirl\u0259r.<\/p>\n","protected":false},"excerpt":{"rendered":"<p>M\u00fcsavat Partiyas\u0131n\u0131n Avropa Koordinasiya M\u0259rk\u0259zinin m\u00fchacir alveri qalmaqal\u0131 n\u00fcfuzlu Avropa n\u0259\u015frl\u0259rind\u0259 d\u0259 geni\u015f \u015f\u0259kild\u0259 \u015f\u0259rh edilir. Trend-in m\u0259lumat\u0131na g\u00f6r\u0259, bu&hellip;<\/p>\n","protected":false},"author":2,"featured_media":0,"comment_status":"closed","ping_status":"closed","sticky":false,"template":"","format":"standard","meta":{"om_disable_all_campaigns":false,"_monsterinsights_skip_tracking":false,"_uf_show_specific_survey":0,"_uf_disable_surveys":false,"footnotes":""},"categories":[23,15,7,5],"tags":[],"aioseo_notices":[],"_links":{"self":[{"href":"https:\/\/hakimiyyet.info.az\/index.php?rest_route=\/wp\/v2\/posts\/10634"}],"collection":[{"href":"https:\/\/hakimiyyet.info.az\/index.php?rest_route=\/wp\/v2\/posts"}],"about":[{"href":"https:\/\/hakimiyyet.info.az\/index.php?rest_route=\/wp\/v2\/types\/post"}],"author":[{"embeddable":true,"href":"https:\/\/hakimiyyet.info.az\/index.php?rest_route=\/wp\/v2\/users\/2"}],"replies":[{"embeddable":true,"href":"https:\/\/hakimiyyet.info.az\/index.php?rest_route=%2Fwp%2Fv2%2Fcomments&post=10634"}],"version-history":[{"count":3,"href":"https:\/\/hakimiyyet.info.az\/index.php?rest_route=\/wp\/v2\/posts\/10634\/revisions"}],"predecessor-version":[{"id":10637,"href":"https:\/\/hakimiyyet.info.az\/index.php?rest_route=\/wp\/v2\/posts\/10634\/revisions\/10637"}],"wp:attachment":[{"href":"https:\/\/hakimiyyet.info.az\/index.php?rest_route=%2Fwp%2Fv2%2Fmedia&parent=10634"}],"wp:term":[{"taxonomy":"category","embeddable":true,"href":"https:\/\/hakimiyyet.info.az\/index.php?rest_route=%2Fwp%2Fv2%2Fcategories&post=10634"},{"taxonomy":"post_tag","embeddable":true,"href":"https:\/\/hakimiyyet.info.az\/index.php?rest_route=%2Fwp%2Fv2%2Ftags&post=10634"}],"curies":[{"name":"wp","href":"https:\/\/api.w.org\/{rel}","templated":true}]}}