{"id":10638,"date":"2019-12-28T02:56:33","date_gmt":"2019-12-27T22:56:33","guid":{"rendered":"https:\/\/www.hakimiyyet.com\/?p=10638"},"modified":"2019-12-28T21:01:03","modified_gmt":"2019-12-28T17:01:03","slug":"%c9%99li-h%c9%99s%c9%99nov-x%c9%99yan%c9%99tkardir-yoxsa-satqin-b%c9%99lk%c9%99-cani","status":"publish","type":"post","link":"https:\/\/hakimiyyet.info.az\/?p=10638","title":{"rendered":"\u018fL\u0130 H\u018fS\u018fNOV X\u018fYAN\u018fTKARDIR, YOXSA SATQIN? B\u018fLK\u018f&#8230; CAN\u0130?"},"content":{"rendered":"<ul>\n<li><em><strong>\u00a0 \u00a0 \u00a0 \u00a0Uzun ill\u0259r m\u0259tbuatda \u00e7al\u0131\u015faraq \u00f6lk\u0259nin maraqlar\u0131na xidm\u0259t ed\u0259n onlarla m\u0259qal\u0259 m\u00fc\u0259llifiy\u0259m. Az\u0259rbaycanla b\u0259rab\u0259r bir s\u0131ra xarici \u00f6lk\u0259 m\u0259tbuat\u0131nda m\u00fcsahib\u0259 v\u0259 m\u0259qal\u0259l\u0259rim d\u0259rc olunub. Bak\u0131 D\u00f6vl\u0259t Universitetind\u0259 t\u0259hsil ald\u0131\u011f\u0131m ill\u0259rd\u0259 (1986-1991) Universitetin &#8220;Lenin t\u0259rbiy\u0259si u\u011frunda&#8221; \u00e7oxtirajl\u0131 q\u0259zetinin 1987-ci ild\u0259n 1991-ci il\u0259d\u0259k m\u00fcnt\u0259z\u0259m n\u0259\u015frind\u0259 b\u00f6y\u00fck z\u0259hm\u0259tim olub. Orada m\u0259sul katib, m\u00fcxbir kimi \u00e7al\u0131\u015fm\u0131\u015fam. 1990-c\u0131 il Qanl\u0131 Yanvar hadis\u0259sind\u0259n sonra (h\u0259min vaxtlar \u018fli H\u0259s\u0259nov harada oldu\u011funu bilmir\u0259m-F.\u018f.) &#8220;Lenin t\u0259rbiy\u0259si u\u011frunda&#8221; q\u0259zetinin ad\u0131n\u0131n d\u0259yi\u015fdiril\u0259r\u0259k &#8220;Bak\u0131 Universiteti&#8221; qoyulmas\u0131nda h\u0259min d\u00f6vrd\u0259 q\u0259zetin Ba\u015f redaktoru A\u011famusa Zeynalovla b\u0259rab\u0259r m\u0259nim d\u0259 z\u0259hm\u0259tim az olmam\u0131\u015fd\u0131r. 1988-ci ill\u0259rd\u0259 Az\u0259rbaycan\u0131m\u0131z\u0131n dilb\u0259r gu\u015f\u0259si olan \u015eu\u015fan\u0131n Topxana me\u015f\u0259sin\u0259 soxulmaqla torpaqlar\u0131m\u0131za uzanan t\u0259cav\u00fczkar erm\u0259nil\u0259r\u0259 qarda\u015fl\u0131q ed\u0259n Az\u0259rbaycan\u0131n h\u0259min vaxtlardak\u0131 r\u0259hb\u0259rl\u0259rin\u0259 qar\u015f\u0131 ilk olaraq etiraza qalxan Az\u0259rbaycan D\u00f6vl\u0259t Universitetinin \u00f6nd\u0259 ged\u0259n t\u0259l\u0259b\u0259l\u0259rind\u0259n biri olmu\u015fam. 1990-c\u0131 il yanvar\u0131n 19-dan 20-n\u0259 ke\u015f\u0259n gec\u0259 Bak\u0131n\u0131n Sovet \u0130mperiyas\u0131 t\u0259r\u0259find\u0259n g\u00fcll\u0259b\u0259ran edildiyi gec\u0259 s\u0259h\u0259r\u0259d\u0259k &#8220;XI Q\u0131z\u0131l Ordu&#8221; metrostansiyas\u0131ndan Salyan kazarmas\u0131n\u0131n a\u015fa\u011f\u0131 qap\u0131s\u0131nad\u0259k m\u00fcbariz\u0259y\u0259 qalxan insanlarla bir yerd\u0259 vuru\u015fmu\u015f, yaral\u0131lara k\u00f6m\u0259k g\u00f6st\u0259rmi\u015f, n\u0259hay\u0259td\u0259 veril\u0259n \u015e\u0259hidl\u0259rin say\u0259sind\u0259 Az\u0259rbaycan\u0131m\u0131z\u0131n m\u00fcst\u0259qilliyin\u0259 qovu\u015fmu\u015fuq. Bu dedikl\u0259rimin \u015fahidl\u0259ri indi d\u0259 h\u0259min olaylar\u0131 q\u00fcrurla xat\u0131rlay\u0131rlar. <\/strong><\/em><\/li>\n<li><em><strong>\u00a0 \u00a0 \u00a0 \u00a0 \u00a0G\u00f6r\u0259s\u0259n uzun ill\u0259r m\u0259n\u0259 qar\u015f\u0131 \u015f\u0259xsi q\u0259r\u0259zlilik z\u0259minind\u0259 d\u00fc\u015fm\u0259n\u00e7ilik ed\u0259n Az\u0259rbaycan Respublikas\u0131 Prezidentinin ictimai-siyasi \u015f\u00f6b\u0259sinin r\u0259isi, k\u00f6m\u0259k\u00e7isi \u018fli H\u0259s\u0259nov bu q\u00fcrura malikdirmi? M\u0259ni h\u0259bs el\u0259tdirm\u0259kd\u0259n \u00f6tr\u00fc bar\u0259md\u0259 danos y\u0131\u011fmaq \u00fc\u00e7\u00fcn Daxili \u0130\u015fl\u0259r Nazirliyinin 7-ci \u015f\u00f6b\u0259sinin sabiq \u0259m\u0259kda\u015f\u0131, polis polkovnik-leytenant\u0131 Tahir Kaz\u0131movu redaksiyaya atd\u0131rmaqla m\u0259qs\u0259din\u0259 nail olduqdan sonra rahatlana bildimi? Bu \u015f\u0259r\u0259fsizin hesab\u0131na anam\u0131n \u00fcr\u0259yi partlad\u0131, atam d\u0259f\u0259l\u0259rl\u0259 infarkt ke\u00e7irtdi, ax\u0131r ki, ba\u015f\u0131ma bu al\u00e7a\u011f\u0131n g\u0259tirdikl\u0259rin\u0259 d\u00f6zm\u0259yib d\u00fcnyas\u0131n\u0131 d\u0259yi\u015fdi. M\u0259ns\u0259 ondan \u00f6z\u00fcm\u00fc qorumaq \u00fc\u00e7\u00fcn b\u00fct\u00fcn bar\u0131\u015fd\u0131r\u0131c\u0131, ona qar\u015f\u0131 yol verdiyim, \u0259g\u0259r varsa, n\u00f6qsanlar\u0131 aradan qald\u0131rma\u011fa can atd\u0131m, n\u0259 q\u0259d\u0259r ki, &#8220;Hakimiyy\u0259t&#8221; q\u0259zetinin arxas\u0131nda m\u0259rhum Prezidentimiz, \u00dcmummilli lider Heyd\u0259r \u018fliyev v\u0259 onun m\u0259rhum qarda\u015f\u0131 akademik C\u0259lal \u018fliyev dayan\u0131rd\u0131, \u018fli H\u0259s\u0259novun m\u0259n\u0259 v\u0259 \u0259traf\u0131mdak\u0131lara qar\u015f\u0131 t\u0259dbirl\u0259ri ba\u015f tutmurdu.<\/strong><\/em><\/li>\n<li><em><strong>\u00a0 \u00a0 \u00a0 \u00a0 \u00a0Ancaq 2002-ci ild\u0259 Heyd\u0259r \u018fliyevin m\u00fcalic\u0259y\u0259 getm\u0259sind\u0259n, h\u0259m\u015finin akademik C\u0259lal \u018fliyevin Londonda olmas\u0131ndan istifad\u0259 ed\u0259n x\u0259yan\u0259tkar \u018fli H\u0259s\u0259nov m\u0259ni qondarma, saxta v\u0259 yalan\u00e7\u0131 ittihamlarla Az\u0259rbaycan Respublikas\u0131 Daxili \u0130\u015fl\u0259r\u00a0 Nazirliyinin M\u00fct\u0259\u015f\u0259kkil Cinay\u0259tkarl\u0131qla M\u00fcbariz\u0259 Ba\u015f \u0130dar\u0259sin\u0259 apartd\u0131raraq \u0259traf\u0131mda b\u00f6y\u00fck \u015fou qurdu. B\u00fct\u00fcn telekanallara tap\u015f\u0131raraq g\u00fcn \u0259rzind\u0259 \u0130raq\u0131n sabiq prezidenti S\u0259ddam H\u00fcseynin devrilm\u0259si\u00a0 x\u0259b\u0259riyl\u0259 eyni vaxta m\u0259nim h\u0259bsimi ictimaiyy\u0259t\u0259 t\u0259qdim etm\u0259yi tap\u015f\u0131ran \u018fli H\u0259s\u0259novun ist\u0259yi yaln\u0131z &#8220;ANS&#8221; telekanal\u0131nda ba\u015f tutdu. B\u0259s \u018fli H\u0259s\u0259novu m\u0259n\u0259 qar\u015f\u0131 bu q\u0259d\u0259r d\u00fc\u015fm\u0259n\u00e7ilk etm\u0259y\u0259 n\u0259 vadar etmi\u015fdi? N\u0259d\u0259n ona qar\u015f\u0131 ehtiyatl\u0131 davrand\u0131\u011f\u0131m halda, o, m\u0259n\u0259 qar\u015f\u0131 bel\u0259 nam\u0259rdlik edirdi? Bu suallar\u0131n ham\u0131s\u0131n\u0131n a\u00e7\u0131qlamas\u0131 var, do\u011frudur, dey\u0259 bil\u0259rsiniz ki, indi o, v\u0259zif\u0259d\u0259n gedib, ba\u015f ver\u0259nl\u0259ri yaz\u0131ram, b\u0259li,\u00a0 bunlara da cavab\u0131m var, yet\u0259r ki, sizl\u0259r h\u00f6vs\u0259l\u0259nizi bas\u0131b m\u0259nim, ail\u0259min ba\u015f\u0131na g\u0259l\u0259nl\u0259ri oxuyun. He\u00e7 d\u0259 \u018fli H\u0259s\u0259nov fikirl\u0259\u015fdiyiniz kimi sad\u0259 deyil, o, qat\u0131 cinay\u0259tkar Hac\u0131 M\u0259mm\u0259dovdan da t\u0259hl\u00fck\u0259li bir m\u0259xluqdur..!\u00a0<\/strong><\/em><\/li>\n<\/ul>\n<h4><em><strong>\u00a0 \u00a0 \u00a0 \u00a0 \u00a0 \u00a0 \u00a0 \u00a0 \u00a0 \u00a0 \u00a0 \u00a0 \u00a0 \u00a0Davam\u0131 var&#8230;<\/strong><\/em><\/h4>\n<h4><em style=\"font-family: inherit; letter-spacing: -0.02em;\"><strong>F\u00fczuli \u018ffqano\u011flu,<\/strong><\/em><em><strong>\u00a0 \u00a0 \u00a0 \u00a0 \u00a0 \u00a0 \u00a0 \u00a0 \u00a0 <img decoding=\"async\" loading=\"lazy\" class=\"alignleft\" src=\"https:\/\/i.mycdn.me\/i?r=AzEPZsRbOZEKgBhR0XGMT1RkU6f_avaGSkgeI2eHqt98eKaKTM5SRkZCeTgDn6uOyic\" width=\"171\" height=\"171\" \/><\/strong><\/em><\/h4>\n<h4><em><strong>&#8220;Hakimiyy\u0259t&#8221; q\u0259zetinin Ba\u015f redaktoru<\/strong><\/em><\/h4>\n","protected":false},"excerpt":{"rendered":"<p>\u00a0 \u00a0 \u00a0 \u00a0Uzun ill\u0259r m\u0259tbuatda \u00e7al\u0131\u015faraq \u00f6lk\u0259nin maraqlar\u0131na xidm\u0259t ed\u0259n onlarla m\u0259qal\u0259 m\u00fc\u0259llifiy\u0259m. Az\u0259rbaycanla b\u0259rab\u0259r bir s\u0131ra xarici \u00f6lk\u0259&hellip;<\/p>\n","protected":false},"author":2,"featured_media":0,"comment_status":"closed","ping_status":"closed","sticky":false,"template":"","format":"standard","meta":{"om_disable_all_campaigns":false,"_monsterinsights_skip_tracking":false,"_uf_show_specific_survey":0,"_uf_disable_surveys":false,"footnotes":""},"categories":[23,15,2,7,5],"tags":[],"aioseo_notices":[],"_links":{"self":[{"href":"https:\/\/hakimiyyet.info.az\/index.php?rest_route=\/wp\/v2\/posts\/10638"}],"collection":[{"href":"https:\/\/hakimiyyet.info.az\/index.php?rest_route=\/wp\/v2\/posts"}],"about":[{"href":"https:\/\/hakimiyyet.info.az\/index.php?rest_route=\/wp\/v2\/types\/post"}],"author":[{"embeddable":true,"href":"https:\/\/hakimiyyet.info.az\/index.php?rest_route=\/wp\/v2\/users\/2"}],"replies":[{"embeddable":true,"href":"https:\/\/hakimiyyet.info.az\/index.php?rest_route=%2Fwp%2Fv2%2Fcomments&post=10638"}],"version-history":[{"count":6,"href":"https:\/\/hakimiyyet.info.az\/index.php?rest_route=\/wp\/v2\/posts\/10638\/revisions"}],"predecessor-version":[{"id":10654,"href":"https:\/\/hakimiyyet.info.az\/index.php?rest_route=\/wp\/v2\/posts\/10638\/revisions\/10654"}],"wp:attachment":[{"href":"https:\/\/hakimiyyet.info.az\/index.php?rest_route=%2Fwp%2Fv2%2Fmedia&parent=10638"}],"wp:term":[{"taxonomy":"category","embeddable":true,"href":"https:\/\/hakimiyyet.info.az\/index.php?rest_route=%2Fwp%2Fv2%2Fcategories&post=10638"},{"taxonomy":"post_tag","embeddable":true,"href":"https:\/\/hakimiyyet.info.az\/index.php?rest_route=%2Fwp%2Fv2%2Ftags&post=10638"}],"curies":[{"name":"wp","href":"https:\/\/api.w.org\/{rel}","templated":true}]}}