{"id":10647,"date":"2019-12-28T03:58:11","date_gmt":"2019-12-27T23:58:11","guid":{"rendered":"https:\/\/www.hakimiyyet.com\/?p=10647"},"modified":"2019-12-28T10:32:50","modified_gmt":"2019-12-28T06:32:50","slug":"deputatliga-namiz%c9%99d-sahin-seyidzad%c9%99-kimdir-dosye","status":"publish","type":"post","link":"https:\/\/hakimiyyet.info.az\/?p=10647","title":{"rendered":"Deputatl\u0131\u011fa namiz\u0259d \u015eahin Seyidzad\u0259 kimdir? &#8211; DOSYE"},"content":{"rendered":"<div>Heyd\u0259r \u018fliyev Fondunun &#8220;Sosial layih\u0259l\u0259r\u201d m\u00fcsabiq\u0259sinin r\u0259hb\u0259ri \u015eahin Seyidzad\u0259 Parlament se\u00e7kil\u0259rind\u0259 i\u015ftirak ed\u0259c\u0259k.<\/div>\n<div>AZXEBER.COM \u015eahin Seyidzad\u0259nin dosyesini t\u0259qdim edir:<\/div>\n<div>\u015eahin Kamil o\u011flu Seyidzad\u0259 15 aprel 1978-ci il tarixind\u0259 Bak\u0131 \u015f\u0259h\u0259rind\u0259 anadan olmu\u015fdur. 1995-ci ild\u0259 akademik Azad Mirz\u0259canzad\u0259nin t\u0259\u015f\u0259bb\u00fcs\u00fc il\u0259 yarad\u0131lm\u0131\u015f H\u0259bib Mahmudb\u0259yov ad\u0131na Texniki-Humanitar Liseyi bitirmi\u015fdir.<\/div>\n<div>\n<div>1999-cu ild\u0259 Az\u0259rbaycan D\u00f6vl\u0259t Pedaqoji Universitetinin bakalavr, 2001-ci ild\u0259 eyni adl\u0131 Universitetin, 2006-ci ild\u0259 Az\u0259rbaycan D\u00f6vl\u0259t \u0130qtisad Universitetinin &#8220;Menecment\u201d ixtisas\u0131, 2007-ci ild\u0259 is\u0259 Man\u00e7estr Universitetinin &#8220;T\u0259hsilin t\u0259\u015fkili v\u0259 idar\u0259etm\u0259si ixtisas\u0131\u201d \u00fczr\u0259 (Master of Education) magistr d\u0259r\u0259c\u0259l\u0259rini alm\u0131\u015fd\u0131r. Daha sonra Rusiya Federasiya H\u00f6kum\u0259ti n\u0259zdind\u0259 Xalq T\u0259s\u0259rr\u00fcfat\u0131 Akademiyas\u0131n\u0131n Sosial v\u0259 \u0130qtisadi elml\u0259r \u00fczr\u0259 Moskva Ali M\u0259kt\u0259binin &#8220;T\u0259hsilin t\u0259\u015fkili v\u0259 idar\u0259etm\u0259si\u201d ixtisas\u0131 \u00fczr\u0259 t\u0259hsil alm\u0131\u015f, hal-haz\u0131rda is\u0259 Az\u0259rbaycan D\u00f6vl\u0259t Pedaqoji Universitetinin &#8220;T\u0259hsilin t\u0259\u015fkili v\u0259 idar\u0259etm\u0259si\u201d \u00fczr\u0259 f\u0259ls\u0259f\u0259 doktorlu\u011fu \u00fczr\u0259 dissertant\u0131d\u0131r.<\/div>\n<div>1999-ci ild\u0259n etibar\u0259n ictimai f\u0259aliyy\u0259tl\u0259 m\u0259\u015f\u011ful olur, h\u0259m\u00e7inin bir \u00e7ox ictimai v\u0259 d\u00f6vl\u0259t \u0259h\u0259miyy\u0259tli layih\u0259l\u0259r\u0259 r\u0259hb\u0259rlik etmi\u015fdir. 2006-2012-c\u0131 ill\u0259rd\u0259 m\u00fcxt\u0259lif biznes qurumlar\u0131n r\u0259hb\u0259r v\u0259zif\u0259l\u0259rind\u0259 \u00e7al\u0131\u015fm\u0131\u015fd\u0131r. 2012-2015-ci ill\u0259rd\u0259 Az\u0259rbaycan Respublikas\u0131 G\u0259ncl\u0259r T\u0259\u015fkilatlar\u0131 Milli \u015euras\u0131n\u0131n s\u0259dri, 2013-2016-c\u0131 ill\u0259r \u0259rzind\u0259 Az\u0259rbaycan Respublikas\u0131n\u0131n Prezidenti yan\u0131nda G\u0259ncl\u0259r Fondunun M\u00fc\u015fahid\u0259 \u015euras\u0131n\u0131n \u00fczv\u00fc, 2015-ci ild\u0259n etibar\u0259n Az\u0259rbaycan Respublikas\u0131 T\u0259hsil Nazirliyinin &#8220;SABAH qruplar\u0131\u201d-n\u0131n r\u0259hb\u0259ri, hal-haz\u0131rda is\u0259 Heyd\u0259r \u018fliyev Fondunun &#8220;Regional \u0130nki\u015faf\u201d \u0130ctimai Birliyinin &#8220;Sosial layih\u0259l\u0259r\u201d m\u00fcsabiq\u0259sinin r\u0259hb\u0259ridir.<\/div>\n<div>Az\u0259rbaycan Respublikas\u0131nda g\u0259ncl\u0259r siyas\u0259tinin h\u0259yata ke\u00e7irilm\u0259sind\u0259 s\u0259m\u0259r\u0259li f\u0259aliyy\u0259tin\u0259 g\u00f6r\u0259 &#8220;Az\u0259rbaycan Respublikas\u0131 Prezidentinin F\u0259xri Diplomu\u201d il\u0259 t\u0259ltif olunmu\u015fdur.<\/div>\n<div>Ail\u0259lidir,iki \u00f6vlad\u0131 var.<\/div>\n<\/div>\n","protected":false},"excerpt":{"rendered":"<p>Heyd\u0259r \u018fliyev Fondunun &#8220;Sosial layih\u0259l\u0259r\u201d m\u00fcsabiq\u0259sinin r\u0259hb\u0259ri \u015eahin Seyidzad\u0259 Parlament se\u00e7kil\u0259rind\u0259 i\u015ftirak ed\u0259c\u0259k. AZXEBER.COM \u015eahin Seyidzad\u0259nin dosyesini t\u0259qdim edir: \u015eahin&hellip;<\/p>\n","protected":false},"author":2,"featured_media":0,"comment_status":"closed","ping_status":"closed","sticky":false,"template":"","format":"standard","meta":{"om_disable_all_campaigns":false,"_monsterinsights_skip_tracking":false,"_uf_show_specific_survey":0,"_uf_disable_surveys":false,"footnotes":""},"categories":[2,7,5],"tags":[],"aioseo_notices":[],"_links":{"self":[{"href":"https:\/\/hakimiyyet.info.az\/index.php?rest_route=\/wp\/v2\/posts\/10647"}],"collection":[{"href":"https:\/\/hakimiyyet.info.az\/index.php?rest_route=\/wp\/v2\/posts"}],"about":[{"href":"https:\/\/hakimiyyet.info.az\/index.php?rest_route=\/wp\/v2\/types\/post"}],"author":[{"embeddable":true,"href":"https:\/\/hakimiyyet.info.az\/index.php?rest_route=\/wp\/v2\/users\/2"}],"replies":[{"embeddable":true,"href":"https:\/\/hakimiyyet.info.az\/index.php?rest_route=%2Fwp%2Fv2%2Fcomments&post=10647"}],"version-history":[{"count":1,"href":"https:\/\/hakimiyyet.info.az\/index.php?rest_route=\/wp\/v2\/posts\/10647\/revisions"}],"predecessor-version":[{"id":10648,"href":"https:\/\/hakimiyyet.info.az\/index.php?rest_route=\/wp\/v2\/posts\/10647\/revisions\/10648"}],"wp:attachment":[{"href":"https:\/\/hakimiyyet.info.az\/index.php?rest_route=%2Fwp%2Fv2%2Fmedia&parent=10647"}],"wp:term":[{"taxonomy":"category","embeddable":true,"href":"https:\/\/hakimiyyet.info.az\/index.php?rest_route=%2Fwp%2Fv2%2Fcategories&post=10647"},{"taxonomy":"post_tag","embeddable":true,"href":"https:\/\/hakimiyyet.info.az\/index.php?rest_route=%2Fwp%2Fv2%2Ftags&post=10647"}],"curies":[{"name":"wp","href":"https:\/\/api.w.org\/{rel}","templated":true}]}}