{"id":10649,"date":"2019-12-28T10:24:03","date_gmt":"2019-12-28T06:24:03","guid":{"rendered":"http:\/\/hakimiyyet.info.az\/?p=10649"},"modified":"2019-12-28T10:24:03","modified_gmt":"2019-12-28T06:24:03","slug":"%c9%99li-h%c9%99s%c9%99nov-saxlanildi","status":"publish","type":"post","link":"https:\/\/hakimiyyet.info.az\/?p=10649","title":{"rendered":"\u018fli H\u0259s\u0259nov saxlan\u0131ld\u0131"},"content":{"rendered":"<p>Ke\u00e7mi\u015f ideoloq, Prezidentin ictimai-siyasi m\u0259s\u0259l\u0259l\u0259r \u00fczr\u0259 sabiq k\u00f6m\u0259k\u00e7isi \u018fli H\u0259s\u0259nov Almaniyaya ged\u0259rk\u0259n aeroportda saxlan\u0131l\u0131b. Bu bar\u0259d\u0259 sabiq mill\u0259t v\u0259kili G\u00fcl\u0259r Mikay\u0131lq\u0131z\u0131 \u00f6z\u00fcn\u00fcn facebook s\u0259hif\u0259sind\u0259 payla\u015f\u0131b.<\/p>\n<p><a href=\"https:\/\/konkret.az\/\" target=\"_blank\" rel=\"noopener noreferrer\"><strong>KONKRET.az<\/strong><\/a>-\u0131n \u0259ld\u0259 etdiyi dig\u0259r m\u0259lumata g\u00f6r\u0259, o, Almaniyaya m\u00fcalic\u0259 ad\u0131 il\u0259 gedirmi\u015f. Onun xaric\u0259 burax\u0131lmamas\u0131n\u0131n s\u0259b\u0259bi is\u0259 ona m\u0259xsus obyektl\u0259rd\u0259 vergi yoxlamalar\u0131 il\u0259 ba\u011fl\u0131 oldu\u011fu bildirilir. Sosial \u015f\u0259b\u0259k\u0259l\u0259rd\u0259 yay\u0131lan dig\u0259r m\u0259lumatlarda deyilir ki, \u018fli H\u0259s\u0259novun \u00f6lk\u0259d\u0259n \u00e7\u0131x\u0131\u015f\u0131na qeyri-m\u00fc\u0259yy\u0259n m\u00fcdd\u0259t\u0259 \u201cStop\u201d qoyulub.<\/p>\n<p><img decoding=\"async\" loading=\"lazy\" class=\"aligncenter size-full wp-image-23684\" src=\"https:\/\/konkret.az\/cloud\/uploads\/2019\/12\/80950700_639354680203821_4093447121234034688_n.jpg\" sizes=\"(max-width: 750px) 100vw, 750px\" srcset=\"https:\/\/konkret.az\/cloud\/uploads\/2019\/12\/80950700_639354680203821_4093447121234034688_n.jpg 750w, https:\/\/konkret.az\/cloud\/uploads\/2019\/12\/80950700_639354680203821_4093447121234034688_n-142x252.jpg 142w, https:\/\/konkret.az\/cloud\/uploads\/2019\/12\/80950700_639354680203821_4093447121234034688_n-354x630.jpg 354w\" alt=\"\" width=\"750\" height=\"1334\" \/><\/p>\n","protected":false},"excerpt":{"rendered":"<p>Ke\u00e7mi\u015f ideoloq, Prezidentin ictimai-siyasi m\u0259s\u0259l\u0259l\u0259r \u00fczr\u0259 sabiq k\u00f6m\u0259k\u00e7isi \u018fli H\u0259s\u0259nov Almaniyaya ged\u0259rk\u0259n aeroportda saxlan\u0131l\u0131b. Bu bar\u0259d\u0259 sabiq mill\u0259t v\u0259kili G\u00fcl\u0259r&hellip;<\/p>\n","protected":false},"author":1,"featured_media":0,"comment_status":"closed","ping_status":"closed","sticky":false,"template":"","format":"standard","meta":{"om_disable_all_campaigns":false,"_monsterinsights_skip_tracking":false,"_uf_show_specific_survey":0,"_uf_disable_surveys":false,"footnotes":""},"categories":[23,2,7,5],"tags":[],"aioseo_notices":[],"_links":{"self":[{"href":"https:\/\/hakimiyyet.info.az\/index.php?rest_route=\/wp\/v2\/posts\/10649"}],"collection":[{"href":"https:\/\/hakimiyyet.info.az\/index.php?rest_route=\/wp\/v2\/posts"}],"about":[{"href":"https:\/\/hakimiyyet.info.az\/index.php?rest_route=\/wp\/v2\/types\/post"}],"author":[{"embeddable":true,"href":"https:\/\/hakimiyyet.info.az\/index.php?rest_route=\/wp\/v2\/users\/1"}],"replies":[{"embeddable":true,"href":"https:\/\/hakimiyyet.info.az\/index.php?rest_route=%2Fwp%2Fv2%2Fcomments&post=10649"}],"version-history":[{"count":1,"href":"https:\/\/hakimiyyet.info.az\/index.php?rest_route=\/wp\/v2\/posts\/10649\/revisions"}],"predecessor-version":[{"id":10650,"href":"https:\/\/hakimiyyet.info.az\/index.php?rest_route=\/wp\/v2\/posts\/10649\/revisions\/10650"}],"wp:attachment":[{"href":"https:\/\/hakimiyyet.info.az\/index.php?rest_route=%2Fwp%2Fv2%2Fmedia&parent=10649"}],"wp:term":[{"taxonomy":"category","embeddable":true,"href":"https:\/\/hakimiyyet.info.az\/index.php?rest_route=%2Fwp%2Fv2%2Fcategories&post=10649"},{"taxonomy":"post_tag","embeddable":true,"href":"https:\/\/hakimiyyet.info.az\/index.php?rest_route=%2Fwp%2Fv2%2Ftags&post=10649"}],"curies":[{"name":"wp","href":"https:\/\/api.w.org\/{rel}","templated":true}]}}