{"id":10652,"date":"2019-12-28T10:31:05","date_gmt":"2019-12-28T06:31:05","guid":{"rendered":"http:\/\/hakimiyyet.info.az\/?p=10652"},"modified":"2019-12-28T10:31:05","modified_gmt":"2019-12-28T06:31:05","slug":"%c9%99li-h%c9%99s%c9%99nov-hava-limaninda-saxlanilmasi-bar%c9%99d%c9%99-x%c9%99b%c9%99rl%c9%99r%c9%99-cavab-verdi","status":"publish","type":"post","link":"https:\/\/hakimiyyet.info.az\/?p=10652","title":{"rendered":"\u018fli H\u0259s\u0259nov hava liman\u0131nda saxlan\u0131lmas\u0131 bar\u0259d\u0259 x\u0259b\u0259rl\u0259r\u0259 cavab verdi"},"content":{"rendered":"<p><strong>Az\u0259rbaycan Prezidentinin ictimai-siyasi m\u0259s\u0259l\u0259l\u0259r \u00fczr\u0259 sabiq k\u00f6m\u0259k\u00e7isi, Prezident Yan\u0131nda D\u00f6vl\u0259t \u0130dar\u0259\u00e7ilik Akademiyas\u0131n\u0131n kafedra m\u00fcdiri \u018fli H\u0259s\u0259nov hava liman\u0131nda saxlan\u0131laraq geri qayatr\u0131lmas\u0131 v\u0259 \u00f6lk\u0259d\u0259n \u00e7\u0131x\u0131\u015f\u0131na qada\u011fa qoyulmas\u0131 bar\u0259d\u0259 yay\u0131lan m\u0259lumatlara m\u00fcnasib\u0259t bildirib.\u00a0<\/strong><\/p>\n<p><a href=\"https:\/\/konkret.az\/\" target=\"_blank\" rel=\"noopener noreferrer\"><strong>KONKRET.az<\/strong><\/a>\u00a0x\u0259b\u0259r verir ki, \u018fli H\u0259s\u0259nov Demokrat.az-a ekskl\u00fcziv a\u00e7\u0131qlamas\u0131nda deyib ki, yay\u0131lan m\u0259lumatlar yaland\u0131r v\u0259 h\u0259qiq\u0259ti \u0259ks etdirmir.<\/p>\n<p>O, haz\u0131rda Almaniyada oldu\u011funu s\u00f6yl\u0259yib:<\/p>\n<p>\u201cBu x\u0259b\u0259rl\u0259r tamamil\u0259 yaland\u0131r. M\u0259n indi Almaniyada x\u0259st\u0259xanadayam, m\u00fcayin\u0259 ke\u00e7ir\u0259m\u201d.<\/p>\n<p>Qeyd ed\u0259k ki, sabiq deputat G\u00fcl\u0259r \u018fhm\u0259dova \u018fli H\u0259s\u0259novun hava liman\u0131nda saxlan\u0131lmas\u0131 bar\u0259d\u0259 sosial \u015f\u0259b\u0259k\u0259d\u0259 \u201cstatus\u201d yaz\u0131b v\u0259 daha sonra h\u0259min fikirl\u0259rini silib.<\/p>\n","protected":false},"excerpt":{"rendered":"<p>Az\u0259rbaycan Prezidentinin ictimai-siyasi m\u0259s\u0259l\u0259l\u0259r \u00fczr\u0259 sabiq k\u00f6m\u0259k\u00e7isi, Prezident Yan\u0131nda D\u00f6vl\u0259t \u0130dar\u0259\u00e7ilik Akademiyas\u0131n\u0131n kafedra m\u00fcdiri \u018fli H\u0259s\u0259nov hava liman\u0131nda saxlan\u0131laraq geri&hellip;<\/p>\n","protected":false},"author":1,"featured_media":0,"comment_status":"closed","ping_status":"closed","sticky":false,"template":"","format":"standard","meta":{"om_disable_all_campaigns":false,"_monsterinsights_skip_tracking":false,"_uf_show_specific_survey":0,"_uf_disable_surveys":false,"footnotes":""},"categories":[5],"tags":[],"aioseo_notices":[],"_links":{"self":[{"href":"https:\/\/hakimiyyet.info.az\/index.php?rest_route=\/wp\/v2\/posts\/10652"}],"collection":[{"href":"https:\/\/hakimiyyet.info.az\/index.php?rest_route=\/wp\/v2\/posts"}],"about":[{"href":"https:\/\/hakimiyyet.info.az\/index.php?rest_route=\/wp\/v2\/types\/post"}],"author":[{"embeddable":true,"href":"https:\/\/hakimiyyet.info.az\/index.php?rest_route=\/wp\/v2\/users\/1"}],"replies":[{"embeddable":true,"href":"https:\/\/hakimiyyet.info.az\/index.php?rest_route=%2Fwp%2Fv2%2Fcomments&post=10652"}],"version-history":[{"count":1,"href":"https:\/\/hakimiyyet.info.az\/index.php?rest_route=\/wp\/v2\/posts\/10652\/revisions"}],"predecessor-version":[{"id":10653,"href":"https:\/\/hakimiyyet.info.az\/index.php?rest_route=\/wp\/v2\/posts\/10652\/revisions\/10653"}],"wp:attachment":[{"href":"https:\/\/hakimiyyet.info.az\/index.php?rest_route=%2Fwp%2Fv2%2Fmedia&parent=10652"}],"wp:term":[{"taxonomy":"category","embeddable":true,"href":"https:\/\/hakimiyyet.info.az\/index.php?rest_route=%2Fwp%2Fv2%2Fcategories&post=10652"},{"taxonomy":"post_tag","embeddable":true,"href":"https:\/\/hakimiyyet.info.az\/index.php?rest_route=%2Fwp%2Fv2%2Ftags&post=10652"}],"curies":[{"name":"wp","href":"https:\/\/api.w.org\/{rel}","templated":true}]}}