{"id":10655,"date":"2019-12-28T19:45:57","date_gmt":"2019-12-28T15:45:57","guid":{"rendered":"https:\/\/www.hakimiyyet.com\/?p=10655"},"modified":"2019-12-28T19:45:57","modified_gmt":"2019-12-28T15:45:57","slug":"serbiyada-yeni-il-nec%c9%99-qeyd-olunur","status":"publish","type":"post","link":"https:\/\/hakimiyyet.info.az\/?p=10655","title":{"rendered":"Serbiyada Yeni il nec\u0259 qeyd olunur"},"content":{"rendered":"<p>Tezlikl\u0259 yeni il t\u0259till\u0259ri ba\u015flayacaq. Bu m\u00fcdd\u0259td\u0259 ba\u015fqa \u00f6lk\u0259l\u0259r\u0259 s\u0259yah\u0259t ed\u0259n insanlar dig\u0259r xalqlar\u0131n \u0259n\u0259n\u0259l\u0259ri il\u0259 yax\u0131ndan tan\u0131\u015f olmaq imkan\u0131 qazan\u0131rlar. Az\u0259rbaycanda oldu\u011fu kimi, Serbiyada da bayram g\u00fcnl\u0259rind\u0259 \u00e7oxsayl\u0131 turist olur. B\u0259s turistl\u0259r n\u0259yi bilm\u0259lidir?<\/p>\n<p><a class=\"azertac-link\" href=\"https:\/\/azertag.az\/\" target=\"_blank\" rel=\"noopener noreferrer\">AZ\u018fRTAC<\/a>-\u0131n x\u00fcsusi m\u00fcxbiri Serbiyan\u0131n Yeni il \u0259n\u0259n\u0259l\u0259rini oxucular \u00fc\u00e7\u00fcn ara\u015fd\u0131r\u0131b. Birincisi, h\u0259r bir turist bilm\u0259lidir ki, serbl\u0259r pravoslav olsalar da dig\u0259rl\u0259ri kimi \u0130sa M\u0259sihin do\u011fulmas\u0131n\u0131 yanvar\u0131n 13-d\u0259 deyil, 7-d\u0259 qeyd edirl\u0259r. Bunun s\u0259b\u0259bi is\u0259 serb kils\u0259sinin Yulian t\u0259qvimin\u0259 \u0259m\u0259l etm\u0259sidir. T\u0259qvim\u0259 \u0259sas\u0259n, Yeni il yanvar\u0131n 1-d\u0259 girir, milad is\u0259 7-d\u0259 qeyd olunur.<\/p>\n<p>\u0130lin son g\u00fcn\u00fc ax\u015fam saatlar\u0131ndan ba\u015flayaraq Belqrad \u0259halisi m\u0259rk\u0259zi k\u00fc\u00e7\u0259l\u0259r\u0259 ax\u0131\u015f\u0131r. Onlar qruplar hal\u0131nda g\u0259zir, klub v\u0259 tavernalarda, h\u0259m\u00e7inin bahal\u0131 restoranlarda \u015fam edir, sonra is\u0259 yeni ili qar\u015f\u0131lamaq \u00fc\u00e7\u00fcn \u015f\u0259h\u0259rin m\u0259rk\u0259zi meydan\u0131na ax\u0131\u015f\u0131r.<\/p>\n<p>\u015e\u0259h\u0259rd\u0259 Milad bayram\u0131nad\u0259k davam ed\u0259n yarmarkalarda is\u0259 h\u0259m yerlil\u0259r, h\u0259m d\u0259 turistl\u0259r maraql\u0131 tama\u015falara \u015fahid olur, suvenirl\u0259r al\u0131r, yerli m\u0259tb\u0259xin dad\u0131na bax\u0131rlar.<\/p>\n<p>H\u0259r bir serbin yeni il s\u00fcfr\u0259sind\u0259 h\u0259r \u015fey olur. Bunlardan biri sarmad\u0131r. Bu yem\u0259k t\u0259xmin\u0259n bizim dolmam\u0131za b\u0259nz\u0259yir. S\u00fcfr\u0259d\u0259, h\u0259m\u00e7inin a\u011f lobyadan prebranas adl\u0131 az sulu yem\u0259k, donuz q\u0131zartmas\u0131, quru meyv\u0259l\u0259r, his\u0259 verilmi\u015f \u0259t \u00e7e\u015fidl\u0259ri v\u0259 \u0259n\u0259n\u0259vi desert olan kala\u00e7 yer al\u0131r. B\u00fct\u00fcn s\u00fcfr\u0259l\u0259rd\u0259 yerli alkoqol m\u0259hsulu olan serb \u015flivovisas\u0131, y\u0259ni qara gaval\u0131dan haz\u0131rlanm\u0131\u015f serb ara\u011f\u0131 da olmal\u0131d\u0131r.<\/p>\n<p>Milad bayram\u0131na is\u0259 dindar serbl\u0259r 40 g\u00fcn \u00f6nc\u0259d\u0259n haz\u0131rla\u015f\u0131r. Onlar x\u00fcsusi p\u0259hriz\u0259 riay\u0259t edir, m\u0259hz bu g\u00fcn \u00fc\u00e7\u00fcn bir donuz balas\u0131 b\u0259sl\u0259yirl\u0259r. Bayrama iki g\u00fcn qalm\u0131\u015f h\u0259min donuzlar k\u0259silir. Bu m\u0259rasimin ad\u0131 \u201cTusindan\u201dd\u0131r. \u00dcmumilikd\u0259 serbl\u0259rin milad ad\u0259tl\u0259rind\u0259 b\u00fctp\u0259r\u0259stlik zaman\u0131ndan qalm\u0131\u015f elementl\u0259r \u00e7oxdur. M\u0259s\u0259l\u0259n, tusindan g\u00fcn\u00fc u\u015faqlar\u0131 c\u0259zaland\u0131rmaq olmaz. Yerli inanclara g\u00f6r\u0259, c\u0259zaland\u0131r\u0131lan u\u015faq il \u0259rzind\u0259 valideynl\u0259rin\u0259 qulaq asmayacaq.<\/p>\n<p>Milad g\u00fcn\u00fc ki\u015fil\u0259r donuz q\u0131zard\u0131r, qad\u0131nlar is\u0259 x\u0259mird\u0259n ratarisa adl\u0131 piroq haz\u0131rlay\u0131rlar. \u018fn b\u00f6y\u00fck piroq ail\u0259 ba\u015f\u00e7\u0131s\u0131, \u0259n ki\u00e7iyi is\u0259 evin sonbe\u015fiyi \u00fc\u00e7\u00fcn bi\u015firilir.<\/p>\n<p><em><strong>Ayg\u00fcn \u018fliyeva<\/strong><\/em><\/p>\n<p><em><strong><a class=\"azertac-link\" href=\"https:\/\/azertag.az\/\" target=\"_blank\" rel=\"noopener noreferrer\">AZ\u018fRTAC<\/a>-\u0131n x\u00fcsusi m\u00fcxbiri<\/strong><\/em><\/p>\n<p><em><strong>Belqrad<\/strong><\/em><\/p>\n","protected":false},"excerpt":{"rendered":"<p>Tezlikl\u0259 yeni il t\u0259till\u0259ri ba\u015flayacaq. Bu m\u00fcdd\u0259td\u0259 ba\u015fqa \u00f6lk\u0259l\u0259r\u0259 s\u0259yah\u0259t ed\u0259n insanlar dig\u0259r xalqlar\u0131n \u0259n\u0259n\u0259l\u0259ri il\u0259 yax\u0131ndan tan\u0131\u015f olmaq imkan\u0131&hellip;<\/p>\n","protected":false},"author":2,"featured_media":10656,"comment_status":"closed","ping_status":"closed","sticky":false,"template":"","format":"standard","meta":{"om_disable_all_campaigns":false,"_monsterinsights_skip_tracking":false,"_uf_show_specific_survey":0,"_uf_disable_surveys":false,"footnotes":""},"categories":[12,5],"tags":[],"aioseo_notices":[],"_links":{"self":[{"href":"https:\/\/hakimiyyet.info.az\/index.php?rest_route=\/wp\/v2\/posts\/10655"}],"collection":[{"href":"https:\/\/hakimiyyet.info.az\/index.php?rest_route=\/wp\/v2\/posts"}],"about":[{"href":"https:\/\/hakimiyyet.info.az\/index.php?rest_route=\/wp\/v2\/types\/post"}],"author":[{"embeddable":true,"href":"https:\/\/hakimiyyet.info.az\/index.php?rest_route=\/wp\/v2\/users\/2"}],"replies":[{"embeddable":true,"href":"https:\/\/hakimiyyet.info.az\/index.php?rest_route=%2Fwp%2Fv2%2Fcomments&post=10655"}],"version-history":[{"count":1,"href":"https:\/\/hakimiyyet.info.az\/index.php?rest_route=\/wp\/v2\/posts\/10655\/revisions"}],"predecessor-version":[{"id":10657,"href":"https:\/\/hakimiyyet.info.az\/index.php?rest_route=\/wp\/v2\/posts\/10655\/revisions\/10657"}],"wp:featuredmedia":[{"embeddable":true,"href":"https:\/\/hakimiyyet.info.az\/index.php?rest_route=\/wp\/v2\/media\/10656"}],"wp:attachment":[{"href":"https:\/\/hakimiyyet.info.az\/index.php?rest_route=%2Fwp%2Fv2%2Fmedia&parent=10655"}],"wp:term":[{"taxonomy":"category","embeddable":true,"href":"https:\/\/hakimiyyet.info.az\/index.php?rest_route=%2Fwp%2Fv2%2Fcategories&post=10655"},{"taxonomy":"post_tag","embeddable":true,"href":"https:\/\/hakimiyyet.info.az\/index.php?rest_route=%2Fwp%2Fv2%2Ftags&post=10655"}],"curies":[{"name":"wp","href":"https:\/\/api.w.org\/{rel}","templated":true}]}}