{"id":10682,"date":"2020-01-02T00:19:54","date_gmt":"2020-01-01T20:19:54","guid":{"rendered":"https:\/\/www.hakimiyyet.com\/?p=10682"},"modified":"2020-01-02T00:28:11","modified_gmt":"2020-01-01T20:28:11","slug":"%c9%99li-h%c9%99s%c9%99nov-x%c9%99yan%c9%99tkardir-yoxsa-satqin-b%c9%99lk%c9%99-cani-2","status":"publish","type":"post","link":"https:\/\/hakimiyyet.info.az\/?p=10682","title":{"rendered":"\u018fL\u0130 H\u018fS\u018fNOV X\u018fYAN\u018fTKARDIR, YOXSA SATQIN? B\u018fLK\u018f&#8230; CAN\u0130?"},"content":{"rendered":"<p>II M\u0259qal\u0259<\/p>\n<p>Xat\u0131rlatmaq yerin\u0259 d\u00fc\u015f\u0259r ki, m\u0259n Universitetin sonuncu kursunda oxuyark\u0259n &#8220;Bak\u0131&#8221;-&#8220;Baku&#8221; q\u0259zetl\u0259rind\u0259 \u015ftatdank\u0259nar m\u00fcxbir kimi \u00e7al\u0131\u015f\u0131rd\u0131m. H\u0259min d\u00f6vrd\u0259 jurnalist Emin Quliyev t\u0259r\u0259find\u0259n yeni a\u00e7\u0131lan &#8220;7 G\u00fcn&#8221; q\u0259zetin\u0259 d\u0259v\u0259t olundum v\u0259 q\u0259zet bir ne\u00e7\u0259 say\u0131ndan sonra populyarl\u0131\u011f\u0131, oxunaql\u0131\u011f\u0131 il\u0259 k\u00fctl\u0259vi oxucu r\u0259\u011fb\u0259ti qazand\u0131. H\u0259min d\u00f6vrd\u0259 \u00f6lk\u0259d\u0259 yaranm\u0131\u015f anarxiya, xaos m\u00fcxt\u0259lif c\u0259bh\u0259l\u0259r\u0259 i\u015fl\u0259y\u0259nl\u0259r \u00fc\u00e7\u00fcn f\u00fcrs\u0259t\u0259 \u00e7evrilmi\u015fdi. \u00d6lk\u0259nin bir t\u0259r\u0259find\u0259 separatizm ocaqlar\u0131, dig\u0259r t\u0259r\u0259find\u0259 erm\u0259ni fa\u015fistl\u0259rinin torpaqlar\u0131m\u0131za basq\u0131n\u0131 v\u0259 bunun n\u0259tic\u0259sind\u0259 blokada \u015f\u0259raitind\u0259 k\u00f6m\u0259ksiz v\u0259ziyy\u0259td\u0259 qalm\u0131\u015f Nax\u00e7\u0131van Muxtar Respublikas\u0131. Batabatda erm\u0259ni terror\u00e7ular t\u0259r\u0259find\u0259n g\u00fcll\u0259b\u0259ran edilmi\u015f Teleq\u00fcll\u0259nin z\u0259d\u0259l\u0259nm\u0259si say\u0259sind\u0259 dem\u0259k olar ki, Nax\u00e7\u0131vandan he\u00e7 bir m\u0259lumat yox idi. Jurnalistl\u0259rin Nax\u00e7\u0131vana gedi\u015fi d\u0259 \u00e7\u0259tinl\u0259\u015fmi\u015fdi. Bel\u0259 olan v\u0259ziyy\u0259td\u0259 m\u0259n ba\u015f redaktor Emin Quliyevd\u0259n Nax\u00e7\u0131vana ezam olunma\u011f\u0131m\u0131 xahi\u015f etdim&#8230;<\/p>\n<p>Nax\u00e7\u0131vana \u00e7\u0259tinlikl\u0259 g\u0259l\u0259 bils\u0259m d\u0259, orada rahatl\u0131qla qar\u015f\u0131lan\u0131b m\u0259n\u0259 yarad\u0131lan \u015f\u0259raitd\u0259n raz\u0131 qalm\u0131\u015fd\u0131m. T\u0259\u0259cc\u00fcbl\u00fcs\u00fc bu idi ki, yerli camaat h\u0259min vaxtlarda Az\u0259rbaycan hakimiyy\u0259tinin Nax\u015f\u0131vana bigan\u0259 m\u00fcnasib\u0259tin\u0259 b\u0259rk q\u0259z\u0259bl\u0259nmi\u015fdi. Qar\u015f\u0131la\u015fd\u0131\u011f\u0131m \u0259n m\u00fch\u00fcm hadis\u0259 is\u0259 insanlar\u0131n Nax\u015f\u0131van Ali Sovetinin qar\u015f\u0131s\u0131na topla\u015faraq Nax\u015f\u0131vana r\u0259hb\u0259rliyin Heyd\u0259r \u018fliyev\u0259 h\u0259val\u0259 olunmas\u0131n\u0131 t\u0259l\u0259b etm\u0259l\u0259ri idi. Bu, Bak\u0131da e\u015fitdikl\u0259rimizin v\u0259 h\u0259min d\u00f6vrd\u0259 Az\u0259rbaycan Televiziyas\u0131n\u0131n, r\u0259smi m\u0259tbuat\u0131n guya nax\u00e7\u0131vanl\u0131lar\u0131n Heyd\u0259r \u018fliyevin r\u0259hb\u0259rliyin\u0259 etiraz etm\u0259l\u0259rin\u0259 aid verdiyi x\u0259b\u0259rin tam ziddin\u0259ydi.<\/p>\n<p>Heyd\u0259r \u018fliyevl\u0259 d\u0259 g\u00f6r\u00fc\u015fm\u0259k, m\u00fcsahib\u0259 almaq v\u0259 m\u0259rk\u0259zi m\u0259tbuatda h\u0259min vaxtlarda d\u0259rc etm\u0259k b\u00f6y\u00fck h\u00fcn\u0259r t\u0259l\u0259b edirdi&#8230;<\/p>\n<p>Nax\u015f\u0131van Ali Sovetind\u0259n \u00f6nc\u0259 Nax\u00e7\u0131vanda Ba\u015f nazir Becan F\u0259rz\u0259liyevl\u0259 g\u00f6r\u00fc\u015fd\u00fcm, \u00fcmumi v\u0259ziyy\u0259tl\u0259 tan\u0131\u015fl\u0131qdan sonra Nax\u00e7\u0131van\u00a0 Ali Sovetinin binas\u0131na g\u0259lib orada ged\u0259n sessiyada i\u015ftirak etdim, Ali Sovetin s\u0259dri Heyd\u0259r \u018fliyevin \u00fcmum\u0259n respublikadak\u0131\u00a0 v\u0259ziyy\u0259ti t\u0259hlil etm\u0259si, Muxtar Respublikan\u0131n a\u011f\u0131r bir durumda ik\u0259n m\u0259murlara ciddi tap\u015f\u0131r\u0131qlar verm\u0259si, insanlar\u0131 dinl\u0259y\u0259r\u0259k \u00e7\u0259tinlikl\u0259rinin h\u0259llin\u0259 k\u00f6m\u0259klik g\u00f6st\u0259rm\u0259si m\u0259ni h\u0259qiq\u0259t\u0259n heyr\u0259t\u0259 g\u0259tirmi\u015fdi, onun haqq\u0131nda oxuduqlar\u0131m v\u0259 e\u015fitdikl\u0259rim indi \u0259yani \u015f\u0259kild\u0259 g\u00f6z qaba\u011f\u0131ndayd\u0131. H\u0259min vaxtlar Heyd\u0259r \u018fliyevin yan\u0131nda Vasif Tal\u0131bovu, B\u0259yl\u0259r Eyyubovu, R\u0259\u015fid H\u0259s\u0259novu, \u015e\u0259ms\u0259ddin Xanbabayevi, Bak\u0131dan g\u0259lmi\u015f akademik F\u0259r\u0259m\u0259z Maqsudovu, C\u0259lal \u018fliyevi g\u00f6rm\u00fc\u015fd\u00fcm. Bir d\u0259 Heyd\u0259r \u018fliyevin tap\u015f\u0131r\u0131\u011f\u0131 il\u0259 m\u0259n\u0259 Batabatdak\u0131 Teleq\u00fcll\u0259y\u0259 getm\u0259kd\u0259\u00a0 b\u0259l\u0259d\u00e7ilik ed\u0259n m\u0259h\u015fur nax\u00e7\u0131vanl\u0131 Fidel Kastro kimi tan\u0131nan Vahid R\u00fcst\u0259movu.\u00a0 \u018fli H\u0259s\u0259nov n\u0259inki orada deyildi, he\u00e7 onun varl\u0131\u011f\u0131n\u0131 bel\u0259 bil\u0259n yox idi&#8230;<\/p>\n<p>1991-ci ilin sentyabr\u0131nda Nax\u00e7\u0131vanda, Batabatda ba\u015f ver\u0259nl\u0259ri g\u00f6r\u00fcb Heyd\u0259r \u018fliyevl\u0259 olan geni\u015f m\u00fcsahib\u0259mi &#8220;7 G\u00fcn&#8221; q\u0259zetinin 3 say\u0131nda d\u0259rc etdim, \u0259lb\u0259tt\u0259 ba\u015f redaktor Emin Quliyevin k\u0259skin m\u00fcdaxil\u0259siyl\u0259. Bak\u0131da v\u0259 do\u011fuldu\u011fum L\u0259nk\u0259randa insanlar m\u0259n\u0259 h\u0259min yaz\u0131lara, Heyd\u0259r \u018fliyevl\u0259 olan m\u00fcsahib\u0259m\u0259 g\u00f6r\u0259 minn\u0259tdarl\u0131\u011f\u0131n\u0131 bildirir, yeni v\u0259 \u0259trafl\u0131 informasiyaya g\u00f6r\u0259 t\u0259\u015f\u0259kk\u00fcr edirdil\u0259r.<\/p>\n<p>1993-c\u00fc il G\u0259nc\u0259 hadis\u0259l\u0259ri v\u0259 \u00f6lk\u0259d\u0259ki v\u0259ziyy\u0259td\u0259n sonra xalq\u0131n t\u0259l\u0259bi v\u0259 G\u0259nc\u0259 qiyam\u015f\u0131s\u0131 Sur\u0259t H\u00fcseynovun qorxusundan\u00a0 \u00f6lk\u0259nin &#8220;c\u0259bh\u0259\u00e7i&#8221; iqtidar\u0131n\u0131n t\u0259kidil\u0259 Bak\u0131ya g\u0259l\u0259n Heyd\u0259r \u018fliyev Az\u0259rbaycana r\u0259hb\u0259rlik etm\u0259y\u0259 ba\u015flad\u0131. Bax\u0131n, ad\u0131 min c\u00fcr hoqqalarda sadalanan \u018fli H\u0259s\u0259nov yen\u0259 d\u0259 komandada yoxuydu. M\u0259tbuat Az\u0259rbaycanda sabitliyin \u0259ld\u0259 edilm\u0259sin\u0259, I Qaraba\u011f sava\u015f\u0131nda at\u0259\u015fk\u0259s\u0259 nail olmu\u015f Heyd\u0259r \u018fliyevin arxas\u0131ndayd\u0131, burada da \u018fli H\u0259s\u0259nov yox idi, indi m\u0259tbuatdan oxuyuruq ki, kiml\u0259rins\u0259 xahi\u015fiyl\u0259 o d\u00f6vrl\u0259r Heyd\u0259r \u018fliyev\u0259 yax\u0131n olan YAP-\u00e7\u0131lardan biri &#8211; \u018fli Na\u011f\u0131yev \u018fli H\u0259s\u0259novun Prezident Aparat\u0131na g\u0259tirilm\u0259sinin xahi\u015fini edibmi\u015f. El\u0259 h\u0259min vaxtdan da Az\u0259rbaycan M\u0259tbuat\u0131n\u0131n qara g\u00fcnl\u0259ri ba\u015flad\u0131. Az\u0259rbaycan hakimiyy\u0259tin\u0259 soxularaq r\u0259hb\u0259rlikl\u0259 m\u0259tbuat aras\u0131nda u\u00e7urum yaratma\u011fa \u00e7al\u0131\u015fan\u00a0 \u018fli H\u0259s\u0259nov \u00f6z\u00fcyl\u0259 b\u0259rab\u0259r arvad\u0131 Sona V\u0259liyevan\u0131 da az qala \u00f6lk\u0259nin birinci xan\u0131m\u0131 s\u0259viyy\u0259sin\u0259 qald\u0131rm\u0131\u015fd\u0131. Getdikc\u0259 iddialar b\u00f6y\u00fcy\u00fcr, tamah g\u00fcc g\u0259lir, \u0259ld\u0259ki s\u0259lahiyy\u0259tl\u0259rd\u0259n istifad\u0259 ed\u0259r\u0259k \u0259r-arvad bu mill\u0259tin\u00a0 \u00e7ox sayda \u00f6vlad\u0131n\u0131 h\u0259bsxanalara atd\u0131rma\u011fa ba\u015flad\u0131lar&#8230;<\/p>\n<p>Bir t\u0259r\u0259fd\u0259n \u0259liyevl\u0259ri v\u0259 haz\u0131rki iqtidar\u0131 Erm\u0259nistan x\u0259fiyy\u0259 orqanlar\u0131 t\u0259r\u0259find\u0259n veril\u0259n ian\u0259yl\u0259 g\u00f6zd\u0259n salma\u011fa \u00e7al\u0131\u015fan ictimai-siyasi \u015f\u00f6b\u0259nin m\u00fcdiri \u018fli H\u0259s\u0259nov, dig\u0259r t\u0259r\u0259fd\u0259n \u00f6z\u00fcn\u00fc \u00f6lk\u0259nin Birinci xan\u0131m\u0131, Heyd\u0259r \u018fliyev Fondunun Prezidenti, I Vitse-prezident Mehriban xan\u0131m \u018fliyevaya ox\u015fadaraq onu h\u00f6rm\u0259td\u0259n salma\u011fa \u00e7al\u0131\u015fan \u018fli N\u0259s\u0259novun arvad\u0131, &#8220;Kaspi&#8221; q\u0259zetinin ba\u015f redaktoru, &#8220;Kaspi&#8221; T\u0259hsil M\u0259rk\u0259zinin r\u0259hb\u0259ri Sona V\u0259liyeva!<\/p>\n<p>B\u0259s bunlar\u0131n \u0259m\u0259ll\u0259ri n\u0259d\u0259n ibar\u0259tdir? Bu haqda davam ed\u0259c\u0259k yaz\u0131lar\u0131m\u0131zda!<\/p>\n<p>F\u00fczuli \u018ffqano\u011flu, &#8220;Hakimiyy\u0259t&#8221; q\u0259zetinin ba\u015f redaktoru<\/p>\n<p>&nbsp;<\/p>\n<p>&nbsp;<\/p>\n","protected":false},"excerpt":{"rendered":"<p>II M\u0259qal\u0259 Xat\u0131rlatmaq yerin\u0259 d\u00fc\u015f\u0259r ki, m\u0259n Universitetin sonuncu kursunda oxuyark\u0259n &#8220;Bak\u0131&#8221;-&#8220;Baku&#8221; q\u0259zetl\u0259rind\u0259 \u015ftatdank\u0259nar m\u00fcxbir kimi \u00e7al\u0131\u015f\u0131rd\u0131m. H\u0259min d\u00f6vrd\u0259 jurnalist&hellip;<\/p>\n","protected":false},"author":2,"featured_media":0,"comment_status":"closed","ping_status":"closed","sticky":false,"template":"","format":"standard","meta":{"om_disable_all_campaigns":false,"_monsterinsights_skip_tracking":false,"_uf_show_specific_survey":0,"_uf_disable_surveys":false,"footnotes":""},"categories":[23,15,2,7,4,5],"tags":[],"aioseo_notices":[],"_links":{"self":[{"href":"https:\/\/hakimiyyet.info.az\/index.php?rest_route=\/wp\/v2\/posts\/10682"}],"collection":[{"href":"https:\/\/hakimiyyet.info.az\/index.php?rest_route=\/wp\/v2\/posts"}],"about":[{"href":"https:\/\/hakimiyyet.info.az\/index.php?rest_route=\/wp\/v2\/types\/post"}],"author":[{"embeddable":true,"href":"https:\/\/hakimiyyet.info.az\/index.php?rest_route=\/wp\/v2\/users\/2"}],"replies":[{"embeddable":true,"href":"https:\/\/hakimiyyet.info.az\/index.php?rest_route=%2Fwp%2Fv2%2Fcomments&post=10682"}],"version-history":[{"count":4,"href":"https:\/\/hakimiyyet.info.az\/index.php?rest_route=\/wp\/v2\/posts\/10682\/revisions"}],"predecessor-version":[{"id":10839,"href":"https:\/\/hakimiyyet.info.az\/index.php?rest_route=\/wp\/v2\/posts\/10682\/revisions\/10839"}],"wp:attachment":[{"href":"https:\/\/hakimiyyet.info.az\/index.php?rest_route=%2Fwp%2Fv2%2Fmedia&parent=10682"}],"wp:term":[{"taxonomy":"category","embeddable":true,"href":"https:\/\/hakimiyyet.info.az\/index.php?rest_route=%2Fwp%2Fv2%2Fcategories&post=10682"},{"taxonomy":"post_tag","embeddable":true,"href":"https:\/\/hakimiyyet.info.az\/index.php?rest_route=%2Fwp%2Fv2%2Ftags&post=10682"}],"curies":[{"name":"wp","href":"https:\/\/api.w.org\/{rel}","templated":true}]}}