{"id":10687,"date":"2019-12-29T10:12:10","date_gmt":"2019-12-29T06:12:10","guid":{"rendered":"http:\/\/hakimiyyet.info.az\/?p=10687"},"modified":"2019-12-29T10:12:10","modified_gmt":"2019-12-29T06:12:10","slug":"isvecd%c9%99-yasayan-soydaslarimiz-dunya-az%c9%99rbaycanlilarinin-h%c9%99mr%c9%99ylik-gununu-qeyd-edibl%c9%99r","status":"publish","type":"post","link":"https:\/\/hakimiyyet.info.az\/?p=10687","title":{"rendered":"\u0130sve\u00e7d\u0259 ya\u015fayan soyda\u015flar\u0131m\u0131z D\u00fcnya Az\u0259rbaycanl\u0131lar\u0131n\u0131n H\u0259mr\u0259ylik G\u00fcn\u00fcn\u00fc qeyd edibl\u0259r"},"content":{"rendered":"<p>\u0130sve\u00e7d\u0259 f\u0259aliyy\u0259t g\u00f6st\u0259r\u0259n \u0130sve\u00e7-Az\u0259rbaycan D\u0259rn\u0259yinin (SAF) t\u0259\u015fkilat\u00e7\u0131l\u0131\u011f\u0131 v\u0259 Diasporla \u0130\u015f \u00fczr\u0259 D\u00f6vl\u0259t Komit\u0259sinin d\u0259st\u0259yi il\u0259 Stokholmda D\u00fcnya Az\u0259rbaycanl\u0131lar\u0131n\u0131n H\u0259mr\u0259ylik G\u00fcn\u00fc v\u0259 Yeni il m\u00fcnasib\u0259til\u0259 t\u0259dbir ke\u00e7irilib.<\/p>\n<p><a class=\"azertac-link\" href=\"https:\/\/azertag.az\/\" target=\"_blank\" rel=\"noopener noreferrer\">AZ\u018fRTAC<\/a>\u00a0x\u0259b\u0259r verir ki, \u00f6lk\u0259mizin s\u0259firliyinin \u0259m\u0259kda\u015flar\u0131n\u0131n, Az\u0259rbaycan v\u0259 t\u00fcrk diasporunun, yerli ictimaiyy\u0259tin v\u0259 K\u0130V n\u00fcmay\u0259nd\u0259l\u0259rinin d\u0259 i\u015ftirak etdikl\u0259ri m\u0259rasim Az\u0259rbaycan Respublikas\u0131n\u0131n d\u00f6vl\u0259t himninin s\u0259sl\u0259ndirilm\u0259si il\u0259 ba\u015flay\u0131b.<\/p>\n<p>\u0130sve\u00e7-Az\u0259rbaycan D\u0259rn\u0259yinin r\u0259hb\u0259ri Sevda Dada\u015fova t\u0259dbir i\u015ftirak\u00e7\u0131lar\u0131n\u0131 D\u00fcnya Az\u0259rbaycanl\u0131lar\u0131n\u0131n H\u0259mr\u0259ylik G\u00fcn\u00fc m\u00fcnasib\u0259til\u0259 t\u0259brik edib, q\u00fcrb\u0259td\u0259 olmalar\u0131na baxmayaraq, az\u0259rbaycanl\u0131lar\u0131n bir araya g\u0259lm\u0259sinin vacibliyini vur\u011fulay\u0131b. O, bu g\u00fcn\u00fcn xaricd\u0259 ya\u015fayan soyda\u015flar\u0131m\u0131z aras\u0131nda \u0259laq\u0259 qurmaq, birlik v\u0259 h\u0259mr\u0259ylik ideyalar\u0131n\u0131 t\u0259\u015fviq etm\u0259kl\u0259 yana\u015f\u0131, xalq\u0131m\u0131z\u0131n m\u0259d\u0259ni v\u0259 m\u0259n\u0259vi z\u0259nginliyini bir daha n\u00fcmayi\u015f etdirm\u0259k \u00fc\u00e7\u00fcn yax\u015f\u0131 imkan oldu\u011funu bildirib. S.Dada\u015fova t\u0259dbirin t\u0259\u015fkilin\u0259 g\u00f6st\u0259rdiyi d\u0259st\u0259y\u0259 g\u00f6r\u0259 Diasporla \u0130\u015f \u00fczr\u0259 D\u00f6vl\u0259t Komit\u0259sin\u0259 minn\u0259tdarl\u0131\u011f\u0131n\u0131 bildirib.<\/p>\n<p>T\u0259dbird\u0259 i\u015ftirak ed\u0259n diaspor f\u0259allar\u0131 \u00e7\u0131x\u0131\u015flar\u0131nda \u0130sve\u00e7d\u0259ki az\u0259rbaycanl\u0131lar\u0131n f\u0259aliyy\u0259tind\u0259n dan\u0131\u015f\u0131b, bayramlar m\u00fcnasib\u0259til\u0259 t\u0259brikl\u0259rini \u00e7atd\u0131r\u0131blar.<\/p>\n<p>Diaspor f\u0259allar\u0131ndan Rahim Sad\u0131qb\u0259yli \u201c\u00d6ppna kanalen\u201d televiziyas\u0131nda Az\u0259rbaycanla ba\u011fl\u0131 proqramlar\u0131n yay\u0131mlanaca\u011f\u0131 haqda m\u0259lumat verib. Bildirib ki, birinci verili\u015f art\u0131q haz\u0131rlan\u0131b. H\u0259min verili\u015f dekabr\u0131n 31-d\u0259n ba\u015flayaraq \u00e7\u0259r\u015f\u0259nb\u0259 ax\u015famlar\u0131 v\u0259 bazar g\u00fcnl\u0259ri \u0130sve\u00e7 auditoriyas\u0131 \u00fc\u00e7\u00fcn yerli dild\u0259 yay\u0131mlanacaq.<\/p>\n<p>Sonra t\u0259dbir musiqili proqramla davam edib. Az\u0259rbaycandan Stokholma t\u0259\u015frif buyuran musiqi\u00e7il\u0259r Zemfira \u0130brahimova, Kamil C\u0259f\u0259rov v\u0259 R\u0259\u015fad Quliyev sevil\u0259n b\u0259st\u0259karlar\u0131n \u0259s\u0259rl\u0259rini v\u0259 xalq mahn\u0131lar\u0131n\u0131 ifa edibl\u0259r. SAF-\u0131n n\u0259zdind\u0259 f\u0259aliyy\u0259t g\u00f6st\u0259r\u0259n \u201cQaraba\u011f\u201d milli r\u0259qs qrupunun \u00fczvl\u0259ri d\u0259 milli r\u0259qsl\u0259rimizi y\u00fcks\u0259k pe\u015f\u0259karl\u0131qla ifa edibl\u0259r.<\/p>\n<p>Daha sonra t\u0259dbird\u0259 i\u015ftirak ed\u0259n u\u015faqlar \u00fc\u00e7\u00fcn m\u00fcxt\u0259lif viktorinalar ke\u00e7irilib v\u0259 \u00f6lk\u0259mizl\u0259 ba\u011fl\u0131 h\u0259diyy\u0259l\u0259r t\u0259qdim olunub. Az\u0259rbaycan\u0131n milli r\u0259qsl\u0259ri il\u0259 davam ed\u0259n m\u0259rasim tama\u015fa\u00e7\u0131lar\u0131n b\u00f6y\u00fck mara\u011f\u0131 il\u0259 qar\u015f\u0131lan\u0131b.<\/p>\n<p>T\u0259dbird\u0259 Az\u0259rbaycan\u0131n \u0130sve\u00e7d\u0259ki s\u0259firliyinin birinci katibi Vaqif Seyidb\u0259yov, \u0130sve\u00e7-Az\u0259rbaycan D\u0259rn\u0259yinin n\u0259zdind\u0259 f\u0259aliyy\u0259t g\u00f6st\u0259r\u0259n \u201cQaraba\u011f\u201d milli r\u0259qs qrupunun b\u0259dii r\u0259hb\u0259ri Sevda Dada\u015fovaya Diasporla \u0130\u015f \u00fczr\u0259 D\u00f6vl\u0259t Komit\u0259sinin f\u0259xri diplomunu t\u0259qdim edib.<\/p>\n<p>Bayram t\u0259dbiri \u00e7\u0259r\u00e7iv\u0259sind\u0259 a\u00e7\u0131lan \u201cAz\u0259rbaycan\u0131n r\u0259ngl\u0259ri\u201d adl\u0131 s\u0259rgid\u0259 tan\u0131nm\u0131\u015f fotoqraf Etibar C\u0259f\u0259rovun \u00e7\u0259kdiyi foto\u015f\u0259kill\u0259r n\u00fcmayi\u015f olunub.<\/p>\n","protected":false},"excerpt":{"rendered":"<p>\u0130sve\u00e7d\u0259 f\u0259aliyy\u0259t g\u00f6st\u0259r\u0259n \u0130sve\u00e7-Az\u0259rbaycan D\u0259rn\u0259yinin (SAF) t\u0259\u015fkilat\u00e7\u0131l\u0131\u011f\u0131 v\u0259 Diasporla \u0130\u015f \u00fczr\u0259 D\u00f6vl\u0259t Komit\u0259sinin d\u0259st\u0259yi il\u0259 Stokholmda D\u00fcnya Az\u0259rbaycanl\u0131lar\u0131n\u0131n H\u0259mr\u0259ylik G\u00fcn\u00fc&hellip;<\/p>\n","protected":false},"author":1,"featured_media":0,"comment_status":"closed","ping_status":"closed","sticky":false,"template":"","format":"standard","meta":{"om_disable_all_campaigns":false,"_monsterinsights_skip_tracking":false,"_uf_show_specific_survey":0,"_uf_disable_surveys":false,"footnotes":""},"categories":[23,7,5],"tags":[],"aioseo_notices":[],"_links":{"self":[{"href":"https:\/\/hakimiyyet.info.az\/index.php?rest_route=\/wp\/v2\/posts\/10687"}],"collection":[{"href":"https:\/\/hakimiyyet.info.az\/index.php?rest_route=\/wp\/v2\/posts"}],"about":[{"href":"https:\/\/hakimiyyet.info.az\/index.php?rest_route=\/wp\/v2\/types\/post"}],"author":[{"embeddable":true,"href":"https:\/\/hakimiyyet.info.az\/index.php?rest_route=\/wp\/v2\/users\/1"}],"replies":[{"embeddable":true,"href":"https:\/\/hakimiyyet.info.az\/index.php?rest_route=%2Fwp%2Fv2%2Fcomments&post=10687"}],"version-history":[{"count":1,"href":"https:\/\/hakimiyyet.info.az\/index.php?rest_route=\/wp\/v2\/posts\/10687\/revisions"}],"predecessor-version":[{"id":10688,"href":"https:\/\/hakimiyyet.info.az\/index.php?rest_route=\/wp\/v2\/posts\/10687\/revisions\/10688"}],"wp:attachment":[{"href":"https:\/\/hakimiyyet.info.az\/index.php?rest_route=%2Fwp%2Fv2%2Fmedia&parent=10687"}],"wp:term":[{"taxonomy":"category","embeddable":true,"href":"https:\/\/hakimiyyet.info.az\/index.php?rest_route=%2Fwp%2Fv2%2Fcategories&post=10687"},{"taxonomy":"post_tag","embeddable":true,"href":"https:\/\/hakimiyyet.info.az\/index.php?rest_route=%2Fwp%2Fv2%2Ftags&post=10687"}],"curies":[{"name":"wp","href":"https:\/\/api.w.org\/{rel}","templated":true}]}}