{"id":10702,"date":"2019-12-29T10:41:44","date_gmt":"2019-12-29T06:41:44","guid":{"rendered":"http:\/\/hakimiyyet.info.az\/?p=10702"},"modified":"2019-12-29T10:41:44","modified_gmt":"2019-12-29T06:41:44","slug":"jirinovskid%c9%99n-putinin-yukunu-azaltmaq-ucun-t%c9%99klif","status":"publish","type":"post","link":"https:\/\/hakimiyyet.info.az\/?p=10702","title":{"rendered":"Jirinovskid\u0259n Putinin \u201cy\u00fck\u00fc\u201dn\u00fc azaltmaq \u00fc\u00e7\u00fcn t\u0259klif"},"content":{"rendered":"<p>Rusiyan\u0131n Liberal Demokrat Partiyas\u0131n\u0131n s\u0259dri Vladimir Jirinovski \u00f6lk\u0259d\u0259 vitse-prezident v\u0259zif\u0259sinin yarad\u0131lmas\u0131n\u0131 t\u0259klif edib.<\/p>\n<p>Gazeta.ru\u00a0x\u0259b\u0259r verir ki, bu bar\u0259d\u0259 Jirinovski \u201cTelegram\u201d kanal\u0131nda yaz\u0131b.<\/p>\n<p>Onun s\u00f6zl\u0259rin\u0259 g\u00f6r\u0259, vitse-prezident v\u0259zif\u0259si t\u0259sis edil\u0259c\u0259yi halda Rusiya liderinin y\u00fck\u00fcn\u00fc azaltmaq m\u00fcmk\u00fcn olacaq.<\/p>\n<p>\u201cBu g\u00fcn \u00f6lk\u0259 ba\u015f\u00e7\u0131s\u0131 \u201cb\u00f6y\u00fck \u00f6hd\u0259lik y\u00fck\u00fc\u201d da\u015f\u0131y\u0131r. \u0130dar\u0259etm\u0259 funksiyalar\u0131 prezident, onun m\u00fcavini v\u0259 ba\u015f nazir aras\u0131nda b\u00f6l\u00fcn\u0259 bil\u0259r\u201d, &#8211; Jirinovski qeyd edib.<\/p>\n","protected":false},"excerpt":{"rendered":"<p>Rusiyan\u0131n Liberal Demokrat Partiyas\u0131n\u0131n s\u0259dri Vladimir Jirinovski \u00f6lk\u0259d\u0259 vitse-prezident v\u0259zif\u0259sinin yarad\u0131lmas\u0131n\u0131 t\u0259klif edib. Gazeta.ru\u00a0x\u0259b\u0259r verir ki, bu bar\u0259d\u0259 Jirinovski \u201cTelegram\u201d&hellip;<\/p>\n","protected":false},"author":1,"featured_media":0,"comment_status":"closed","ping_status":"closed","sticky":false,"template":"","format":"standard","meta":{"om_disable_all_campaigns":false,"_monsterinsights_skip_tracking":false,"_uf_show_specific_survey":0,"_uf_disable_surveys":false,"footnotes":""},"categories":[23,5],"tags":[],"aioseo_notices":[],"_links":{"self":[{"href":"https:\/\/hakimiyyet.info.az\/index.php?rest_route=\/wp\/v2\/posts\/10702"}],"collection":[{"href":"https:\/\/hakimiyyet.info.az\/index.php?rest_route=\/wp\/v2\/posts"}],"about":[{"href":"https:\/\/hakimiyyet.info.az\/index.php?rest_route=\/wp\/v2\/types\/post"}],"author":[{"embeddable":true,"href":"https:\/\/hakimiyyet.info.az\/index.php?rest_route=\/wp\/v2\/users\/1"}],"replies":[{"embeddable":true,"href":"https:\/\/hakimiyyet.info.az\/index.php?rest_route=%2Fwp%2Fv2%2Fcomments&post=10702"}],"version-history":[{"count":1,"href":"https:\/\/hakimiyyet.info.az\/index.php?rest_route=\/wp\/v2\/posts\/10702\/revisions"}],"predecessor-version":[{"id":10703,"href":"https:\/\/hakimiyyet.info.az\/index.php?rest_route=\/wp\/v2\/posts\/10702\/revisions\/10703"}],"wp:attachment":[{"href":"https:\/\/hakimiyyet.info.az\/index.php?rest_route=%2Fwp%2Fv2%2Fmedia&parent=10702"}],"wp:term":[{"taxonomy":"category","embeddable":true,"href":"https:\/\/hakimiyyet.info.az\/index.php?rest_route=%2Fwp%2Fv2%2Fcategories&post=10702"},{"taxonomy":"post_tag","embeddable":true,"href":"https:\/\/hakimiyyet.info.az\/index.php?rest_route=%2Fwp%2Fv2%2Ftags&post=10702"}],"curies":[{"name":"wp","href":"https:\/\/api.w.org\/{rel}","templated":true}]}}