{"id":10712,"date":"2019-12-29T10:44:53","date_gmt":"2019-12-29T06:44:53","guid":{"rendered":"http:\/\/hakimiyyet.info.az\/?p=10712"},"modified":"2019-12-29T10:44:53","modified_gmt":"2019-12-29T06:44:53","slug":"az%c9%99rbaycan-boks-federasiyasi-2019-cu-il%c9%99-yekun-vurub","status":"publish","type":"post","link":"https:\/\/hakimiyyet.info.az\/?p=10712","title":{"rendered":"Az\u0259rbaycan Boks Federasiyas\u0131 2019-cu il\u0259 yekun vurub"},"content":{"rendered":"<p>Az\u0259rbaycan Boks Federasiyas\u0131 (ABF) 2019-cu il\u0259 yekun vurub.<\/p>\n<p>Apasport.az sayt\u0131n\u0131n m\u0259lumat\u0131na g\u00f6r\u0259, bununla ba\u011fl\u0131 milli komandan\u0131n t\u0259lim-m\u0259\u015fq toplan\u0131\u015f\u0131nda oldu\u011fu Ab\u015feron Olimpiya \u0130dman Kompleksind\u0259 g\u00f6r\u00fc\u015f ke\u00e7irilib.<\/p>\n<p>Y\u0131\u011f\u0131ncaqda ABF-in vitse-prezidentl\u0259ri S\u00fcleyman Mikay\u0131lov, R\u00f6v\u015f\u0259n H\u00fcseynov, ba\u015f katib Na\u011f\u0131 S\u0259f\u0259rov, G\u0259ncl\u0259r v\u0259 \u0130dman Nazirliyinin idman \u015f\u00f6b\u0259sinin r\u0259hb\u0259ri F\u0259rid Mansurov, milli komandan\u0131n m\u0259\u015fq\u00e7il\u0259r korpusu v\u0259 y\u0131\u011fma \u00fczvl\u0259ri i\u015ftirak edibl\u0259r.<\/p>\n<div id=\"AdviadNativeVideo0\" class=\"AdviadNativeVideo\"><\/div>\n<p>T\u0259dbird\u0259 S. Mikay\u0131lov ili Az\u0259rbaycan boks\u00e7ular\u0131 \u00fc\u00e7\u00fcn u\u011furlu adland\u0131r\u0131b. O bildirib ki, komandam\u0131z\u0131 yeni ild\u0259 daha ciddi s\u0131naqlar g\u00f6zl\u0259yir: \u201c2020-ci il Olimpiya ili hesab olunur. Biz Tokio Yay Olimpiya Oyunlar\u0131nda i\u015ftirak \u00fc\u00e7\u00fcn ilk n\u00f6vb\u0259d\u0259 lisenziyalar qazanmal\u0131y\u0131q. Bu yar\u0131\u015flara da martdan start veril\u0259c\u0259k. \u00dcmid edir\u0259m ki, boks\u00e7ular\u0131m\u0131z laz\u0131m\u0131 u\u011furlara imza ataraq, bir ne\u00e7\u0259 v\u0259siq\u0259 qazanacaqlar. Bundan sonra is\u0259 Olimpiadada \u00f6z s\u00f6z\u00fcm\u00fcz\u00fc dey\u0259c\u0259yik\u201d.<\/p>\n<p>Federasiya r\u0259smisi t\u0259lim-m\u0259\u015fq toplan\u0131\u015flar\u0131 \u00fc\u00e7\u00fcn laz\u0131m\u0131 tap\u015f\u0131r\u0131qlar\u0131n\u0131 verib. O, ard\u0131nca kollektivi D\u00fcnya Az\u0259rbaycanl\u0131lar\u0131n\u0131n H\u0259mr\u0259yli G\u00fcn\u00fc v\u0259 Yeni il m\u00fcnasib\u0259ti il\u0259 t\u0259brik edib.<\/p>\n<p>Daha sonra N. S\u0259f\u0259rov hesabat xarakterli \u00e7\u0131x\u0131\u015f edib.<\/p>\n<p>G\u0259ncl\u0259r v\u0259 \u0130dman Nazirliyinin r\u0259smisi F\u0259rid Mansurov da boks\u00e7ular\u0131m\u0131za b\u00f6y\u00fck \u00fcmidl\u0259r b\u0259sl\u0259dikl\u0259rini qeyd edib. Onun s\u00f6zl\u0259rin\u0259 g\u00f6r\u0259, bacard\u0131qca \u00e7ox lisenziya qazan\u0131b, Olimpiadada inaml\u0131 \u00e7\u0131x\u0131\u015f vacib m\u0259s\u0259l\u0259l\u0259rd\u0259ndir. O, Olimpiya \u00e7empionu kimi, komandaya t\u00f6vsiy\u0259l\u0259rini d\u0259 verib.<\/p>\n<p>R. H\u00fcseynov da komandam\u0131z\u0131 qar\u015f\u0131da ciddi s\u0131naq g\u00f6zl\u0259diyini vur\u011fulay\u0131b. O bildirib ki, boks\u00e7ular\u0131m\u0131z \u00f6z s\u00f6zl\u0259rini dem\u0259y\u0259 davam ed\u0259c\u0259kl\u0259r: \u201c\u0130nan\u0131r\u0131q ki, lisenziya turnirl\u0259rind\u0259 v\u0259 Tokio-2020-d\u0259 q\u0259l\u0259b\u0259l\u0259rimizl\u0259 yen\u0259 xalq\u0131m\u0131z\u0131 sevindir\u0259c\u0259yik\u201d.<\/p>\n<p>Ard\u0131nca m\u0259\u015fq\u00e7il\u0259r korpusu v\u0259 boks\u00e7ular onlara b\u0259sl\u0259nil\u0259n \u00fcmidl\u0259ri do\u011frultmaq \u00fc\u00e7\u00fcn s\u0259yl\u0259 \u00e7al\u0131\u015fd\u0131qlar\u0131n\u0131 deyibl\u0259r. Qeyd edibl\u0259r ki, bacard\u0131qlar\u0131n\u0131n maksimumunu rinqd\u0259 qoyacaqlar.<\/p>\n<p>T\u0259dbird\u0259n sonra milli komanda ilin son m\u0259\u015fqin\u0259 \u00e7\u0131x\u0131b. Ab\u015feron Olimpiya \u0130dman Kompleksind\u0259 ba\u015f tutan t\u0259lim-m\u0259\u015fq toplan\u0131\u015f\u0131n\u0131n ax\u0131r\u0131nc\u0131 g\u00fcn\u00fcnd\u0259 boks\u00e7ular \u0259sas\u0259n b\u0259rpaedici t\u0259mrinl\u0259r yerin\u0259 yetiribl\u0259r. Onlar\u0131n h\u0259v\u0259sl\u0259 \u00e7al\u0131\u015fmalar\u0131n\u0131 is\u0259 ba\u015f m\u0259\u015fq\u00e7i Umberto Orta Dominqes bel\u0259 d\u0259y\u0259rl\u0259ndirib: \u201cMilli komandan\u0131n haz\u0131rl\u0131q s\u0259viyy\u0259si \u00e7ox g\u00f6z\u0259l v\u0259ziyy\u0259td\u0259dir. Birg\u0259 m\u0259\u015fq etdiyimiz 2 ayda h\u0259r bir boks\u00e7udan raz\u0131yam. \u0130ntizam, fiziki v\u0259 taktiki bax\u0131m\u0131ndan komandada \u00e7ox b\u00f6y\u00fck ir\u0259lil\u0259yi\u015f var. Olimpiya lisenziyal\u0131 turnir\u0259 haz\u0131rl\u0131\u011f\u0131m\u0131z y\u00fcks\u0259k s\u0259viyy\u0259d\u0259 davam edir. M\u0259qs\u0259dimiz m\u00fcmk\u00fcn 8 v\u0259siq\u0259d\u0259n \u0259n az\u0131 6-n\u0131 qazanmaqd\u0131r\u201d.<\/p>\n<p>O bildirib ki, \u0259sas h\u0259d\u0259fi Az\u0259rbaycan y\u0131\u011fmas\u0131na ilk q\u0131z\u0131 medal\u0131 qazand\u0131rmaqd\u0131r: \u201cLisenziyalara sahib olduqdan sonra Tokio Yay Olimpiya Oyunlar\u0131na tam f\u0259rqli haz\u0131rla\u015faca\u011f\u0131q. M\u0259qs\u0259dimiz Olimpiadada Az\u0259rbaycan idman tarixind\u0259 yeni s\u0259hif\u0259 a\u00e7maqd\u0131r. Boks idman n\u00f6v\u00fcnd\u0259 ilk d\u0259f\u0259 q\u0131z\u0131l medala sahib olma\u011f\u0131 h\u0259d\u0259fl\u0259mi\u015fik. Yaln\u0131z bunun \u00fc\u00e7\u00fcn \u00e7al\u0131\u015f\u0131r\u0131q v\u0259 inan\u0131ram ki, bu ist\u0259yimizi h\u0259yata ke\u00e7ir\u0259c\u0259yik\u201d.<\/p>\n<p>Millinin b\u00f6y\u00fck m\u0259\u015fq\u00e7isi N\u0259riman Abdullayev d\u0259 haz\u0131rl\u0131\u011f\u0131n gedi\u015find\u0259n raz\u0131d\u0131r. Onun s\u00f6zl\u0259rin\u0259 g\u00f6r\u0259, y\u00fcks\u0259k s\u0259viyy\u0259d\u0259 ke\u00e7\u0259n haz\u0131rl\u0131\u011f\u0131n b\u0259hr\u0259si yaln\u0131z q\u0259l\u0259b\u0259l\u0259rdir: \u201cYeni ba\u015f m\u0259\u015fq\u00e7i il\u0259 birg\u0259 \u0259sas m\u0259qs\u0259dimiz lisenziya turnirl\u0259rind\u0259 u\u011furlu i\u015ftirakd\u0131r. Komandam\u0131za c\u0259lb olunan g\u0259nc boks\u00e7ular t\u0259cr\u00fcb\u0259lil\u0259rl\u0259 birg\u0259 haz\u0131rl\u0131q ke\u00e7ir. H\u0259r \u015fey y\u00fcks\u0259k s\u0259viyy\u0259d\u0259dir. Haz\u0131rda \u0259sas\u0259n funksional \u2013 fiziki m\u0259\u015fql\u0259r\u0259 diqq\u0259t yetiririk. Xarici komandalarla birg\u0259 t\u0259lim-m\u0259\u015fq toplan\u0131\u015f\u0131 da planla\u015fd\u0131r\u0131r\u0131q. Bu da d\u00fc\u015f\u0259rg\u0259d\u0259 olan b\u00fct\u00fcn boks\u00e7ular yoxlama\u011fa hesablan\u0131b. Az\u0259rbaycan \u00e7empionat\u0131na qat\u0131lan v\u0259 icaz\u0259li i\u015ftirak etm\u0259y\u0259n b\u00fct\u00fcn titullu boks\u00e7ular t\u0259r\u0259fimizd\u0259n izl\u0259nilir. Onlardan haz\u0131r v\u0259 g\u00fccl\u00fc olan\u0131 lisenziya turnirind\u0259 m\u00fcbariz\u0259 aparacaq. \u00dcmidvar\u0131q ki, b\u00fct\u00fcn g\u00fcc\u00fcm\u00fcz\u00fc s\u0259f\u0259rb\u0259r edib, bacard\u0131\u011f\u0131m\u0131z q\u0259d\u0259r lisenziya qazanaca\u011f\u0131q\u201d.<\/p>\n<p>D\u00fcnya \u00e7empionu Cavid \u00c7\u0259l\u0259biyev d\u0259 g\u0259l\u0259c\u0259y\u0259 nikbin bax\u0131r. O qeyd edib ki, yeni ild\u0259n v\u0259 Tokio Olimpiadas\u0131ndan g\u00f6zl\u0259ntil\u0259ri b\u00f6y\u00fckd\u00fcr: \u201cT\u0259lim-m\u0259\u015fq toplan\u0131\u015f\u0131 y\u00fcks\u0259k s\u0259viyy\u0259d\u0259 ke\u00e7ir. M\u0259n d\u0259 formam\u0131 daha da art\u0131r\u0131b, qar\u015f\u0131dak\u0131 yar\u0131\u015flar\u0131 qalib kimi ba\u015fa vurma\u011f\u0131 planla\u015fd\u0131r\u0131ram. M\u0259qs\u0259dim yaln\u0131z inaml\u0131 \u00e7\u0131x\u0131\u015fd\u0131r. \u0130n\u015fallah, \u00f6nc\u0259 lisenziya qazan\u0131b, ard\u0131nca Olimpiya medal\u0131na sahib olaram. H\u0259r bir idman\u00e7\u0131 kimi, m\u0259qs\u0259dim \u00e7empion ad\u0131na yiy\u0259l\u0259nm\u0259kdir\u201d.<\/p>\n<p>Y\u0131\u011fmam\u0131z\u0131n g\u0259nc \u00fczv\u00fc Maqsud Xasmetov (52 kq) is\u0259 b\u00f6y\u00fckl\u0259rd\u0259n ibar\u0259t komandaya ke\u00e7diyi \u00fc\u00e7\u00fcn sevincini gizl\u0259tm\u0259yib. O bildirib ki, \u0259sas m\u0259qs\u0259di ona b\u0259sl\u0259nil\u0259n \u00fcmidl\u0259ri do\u011frultmaq v\u0259 qar\u015f\u0131dak\u0131 yar\u0131\u015flarda \u00fc\u00e7r\u0259ngli bayra\u011f\u0131m\u0131z\u0131 y\u00fcks\u0259kl\u0259r\u0259 qald\u0131rmaqd\u0131r: \u201cYola sald\u0131\u011f\u0131m\u0131z ili u\u011furlu say\u0131ram. Az\u0259rbaycan \u00e7empionat\u0131na ciddi haz\u0131rla\u015fm\u0131\u015fd\u0131m. \u00c7empion ad\u0131na sahib oldum. Qar\u015f\u0131da bizi Olimpiya lisenziya turniri g\u00f6zl\u0259yir. \u0130st\u0259yir\u0259m ki, oraya daha yax\u015f\u0131 haz\u0131rla\u015f\u0131b v\u0259 Olimpiadada i\u015ftirak h\u00fcququna yiy\u0259l\u0259nim. Tokio Yay Olimpiya Oyunlar\u0131nda da medal qazanmaq arzusundayam. H\u0259d\u0259fim \u00fc\u00e7\u00fcn var g\u00fcc\u00fcml\u0259 haz\u0131rla\u015f\u0131ram\u201d.<\/p>\n<p>Millimizin liderl\u0259rind\u0259n olan Alfonso Dominqes d\u0259 ba\u015fa \u00e7atmaqda olan 2019-cu ili d\u0259y\u0259rl\u0259ndirib. Minskd\u0259 ke\u00e7iril\u0259n Avropa Oyunlar\u0131n\u0131n qalibinin s\u00f6zl\u0259rin\u0259 g\u00f6r\u0259, il onun \u00fc\u00e7\u00fcn u\u011furlu al\u0131n\u0131b: \u201cG\u00f6z\u0259l xatir\u0259l\u0259rl\u0259 yadda qald\u0131. Minskd\u0259 ke\u00e7iril\u0259n II Avropa Oyunlar\u0131n\u0131n q\u0131z\u0131l medal\u0131na sahib oldum. \u00c7ox g\u0259z\u0259l hissl\u0259r ya\u015fad\u0131m. Bunu s\u00f6zl\u0259 ifad\u0259 etm\u0259k bel\u0259 \u00e7\u0259tindir. H\u0259m\u00e7inin Yekaterinburqda t\u0259\u015fkil olunan d\u00fcnya \u00e7empionat\u0131nda da i\u015ftirak etdim. Orada h\u0259r \u015fey yax\u015f\u0131 gedirdi. 1\/4 finalad\u0259k inamla ir\u0259lil\u0259s\u0259m d\u0259, hakimin haqs\u0131z q\u0259rar\u0131 s\u0259b\u0259bind\u0259n yar\u0131mfinala y\u00fcks\u0259l\u0259 bilm\u0259dim. T\u0259bii ki, bu qar\u015f\u0131la\u015fmadak\u0131 q\u0259l\u0259b\u0259 il\u0259 \u0259n az\u0131 b\u00fcr\u00fcnc medala da sahib olacaqd\u0131m\u201d.<\/p>\n<p>81 kq \u00e7\u0259ki d\u0259r\u0259c\u0259sind\u0259 \u00e7\u0131x\u0131\u015f ed\u0259n y\u0131\u011fma \u00fczv\u00fc haz\u0131rk\u0131 durumunu da d\u0259y\u0259rl\u0259ndirib: \u201cH\u0259m fiziki, h\u0259m d\u0259 texniki bax\u0131mdan \u00e7ox yax\u015f\u0131 formadayam. Yeni ba\u015f m\u0259\u015fq\u00e7i Umberto Orta Dominqesin r\u0259hb\u0259rliyi alt\u0131nda m\u0259\u015fql\u0259r \u00e7ox y\u00fcks\u0259k s\u0259viyy\u0259d\u0259 ke\u00e7ir. M\u00fc\u0259yy\u0259n m\u00fcdd\u0259tdir t\u0259lim-m\u0259\u015fq toplan\u0131\u015f\u0131nday\u0131q. H\u0259r \u015fey y\u00fcks\u0259k s\u0259viyy\u0259d\u0259dir. \u0130nan\u0131r\u0131q ki, \u0259ziyy\u0259timizin b\u0259hr\u0259sini g\u00f6r\u0259c\u0259yik\u201d.<\/p>\n<p>O, 2020-ci ill\u0259 ba\u011fl\u0131 planlar\u0131n\u0131 da a\u00e7\u0131qlay\u0131b. Dominqesin s\u00f6zl\u0259rin\u0259 g\u00f6r\u0259, \u0259sas m\u0259qs\u0259di lisenziya qazan\u0131b, Tokio Yay Olimpiya Oyunlar\u0131nda Az\u0259rbaycan himnini s\u0259sl\u0259ndirm\u0259kdir: \u201cLisenziya turnirl\u0259rin\u0259 \u00e7ox q\u0131sa zaman qal\u0131b. Bu yar\u0131\u015flarda u\u011furlu \u00e7\u0131x\u0131\u015f \u00fc\u00e7\u00fcn m\u0259\u015fql\u0259rd\u0259 s\u0259yl\u0259 \u00e7al\u0131\u015f\u0131r\u0131q. \u0130nan\u0131ram ki, Olimpiadaya lisenziya qazanaca\u011fam v\u0259 Tokioda da g\u00f6z\u0259l n\u0259tic\u0259 \u0259ld\u0259 ed\u0259c\u0259y\u0259m. Bir s\u00f6zl\u0259, Yaponiyaya medal \u00fc\u00e7\u00fcn yollanaca\u011fam. \u00dcmid edir\u0259m ki, bunun \u0259yar\u0131 q\u0131z\u0131l olacaq\u201d.<\/p>\n<p>Bel\u0259likl\u0259, boks\u00e7ular\u0131m\u0131z \u00fc\u00e7\u00fcn daha bir il v\u0259 bir-birini \u0259v\u0259zl\u0259y\u0259n t\u0259lim-m\u0259\u015fq toplan\u0131\u015f\u0131 yekunla\u015f\u0131b. \u0130stirah\u0259t\u0259 yollanan komandam\u0131z 2020-ci il yanvar\u0131n 4-d\u0259 yenid\u0259n bir araya g\u0259l\u0259c\u0259k. Amma milli zal\u0131 t\u0259rk etm\u0259mi\u015fd\u0259n h\u0259kim n\u0259zar\u0259tind\u0259n ke\u00e7ib. \u0130lin \u0259n yax\u015f\u0131 iki h\u0259kimind\u0259n biri se\u00e7il\u0259n Zaur Abdullayev boks\u00e7ular\u0131 yoxlayaraq, m\u0259\u015fq\u00e7il\u0259r korpusuna hans\u0131sa ciddi problemin v\u0259 z\u0259d\u0259nin olmamas\u0131 bar\u0259d\u0259 m\u0259lumat verib.<\/p>\n<p>Qeyd ed\u0259k ki, g\u0259l\u0259n il mart\u0131n 13-23-d\u0259 Avropa Olimpiya T\u0259snifat Turniri Londonda, may\u0131n 13-24-d\u0259 D\u00fcnya Olimpiya T\u0259snifat Turniri Parisd\u0259 ke\u00e7iril\u0259c\u0259k.<\/p>\n","protected":false},"excerpt":{"rendered":"<p>Az\u0259rbaycan Boks Federasiyas\u0131 (ABF) 2019-cu il\u0259 yekun vurub. Apasport.az sayt\u0131n\u0131n m\u0259lumat\u0131na g\u00f6r\u0259, bununla ba\u011fl\u0131 milli komandan\u0131n t\u0259lim-m\u0259\u015fq toplan\u0131\u015f\u0131nda oldu\u011fu Ab\u015feron&hellip;<\/p>\n","protected":false},"author":1,"featured_media":0,"comment_status":"closed","ping_status":"closed","sticky":false,"template":"","format":"standard","meta":{"om_disable_all_campaigns":false,"_monsterinsights_skip_tracking":false,"_uf_show_specific_survey":0,"_uf_disable_surveys":false,"footnotes":""},"categories":[13],"tags":[],"aioseo_notices":[],"_links":{"self":[{"href":"https:\/\/hakimiyyet.info.az\/index.php?rest_route=\/wp\/v2\/posts\/10712"}],"collection":[{"href":"https:\/\/hakimiyyet.info.az\/index.php?rest_route=\/wp\/v2\/posts"}],"about":[{"href":"https:\/\/hakimiyyet.info.az\/index.php?rest_route=\/wp\/v2\/types\/post"}],"author":[{"embeddable":true,"href":"https:\/\/hakimiyyet.info.az\/index.php?rest_route=\/wp\/v2\/users\/1"}],"replies":[{"embeddable":true,"href":"https:\/\/hakimiyyet.info.az\/index.php?rest_route=%2Fwp%2Fv2%2Fcomments&post=10712"}],"version-history":[{"count":1,"href":"https:\/\/hakimiyyet.info.az\/index.php?rest_route=\/wp\/v2\/posts\/10712\/revisions"}],"predecessor-version":[{"id":10713,"href":"https:\/\/hakimiyyet.info.az\/index.php?rest_route=\/wp\/v2\/posts\/10712\/revisions\/10713"}],"wp:attachment":[{"href":"https:\/\/hakimiyyet.info.az\/index.php?rest_route=%2Fwp%2Fv2%2Fmedia&parent=10712"}],"wp:term":[{"taxonomy":"category","embeddable":true,"href":"https:\/\/hakimiyyet.info.az\/index.php?rest_route=%2Fwp%2Fv2%2Fcategories&post=10712"},{"taxonomy":"post_tag","embeddable":true,"href":"https:\/\/hakimiyyet.info.az\/index.php?rest_route=%2Fwp%2Fv2%2Ftags&post=10712"}],"curies":[{"name":"wp","href":"https:\/\/api.w.org\/{rel}","templated":true}]}}