{"id":10840,"date":"2020-01-03T08:59:24","date_gmt":"2020-01-03T04:59:24","guid":{"rendered":"http:\/\/hakimiyyet.info.az\/?p=10840"},"modified":"2020-01-03T08:59:24","modified_gmt":"2020-01-03T04:59:24","slug":"az%c9%99rbaycanda-sabiq-yuks%c9%99k-v%c9%99zif%c9%99li-m%c9%99mur-v%c9%99fat-etdi","status":"publish","type":"post","link":"https:\/\/hakimiyyet.info.az\/?p=10840","title":{"rendered":"Az\u0259rbaycanda sabiq y\u00fcks\u0259k v\u0259zif\u0259li m\u0259mur v\u0259fat etdi"},"content":{"rendered":"<p>Az\u0259rbaycanda sabiq icra ba\u015f\u00e7\u0131s\u0131 v\u0259fat edib.<\/p>\n<p><a href=\"https:\/\/report.az\/hadise\/azerbaycanda-sabiq-icra-bascisi-vefat-edib\/?fbclid=IwAR0p8PuJMhLFINNKO0n1G34aqEkWt33nMFXwtNWd04XkbLpQ06I59clnY1E\" target=\"_blank\" rel=\"noopener noreferrer\">\u201cReport\u201d<\/a>un m\u0259lumat\u0131na g\u00f6r\u0259, Saatl\u0131 Rayon \u0130cra Hakimiyy\u0259tinin ke\u00e7mi\u015f ba\u015f\u00e7\u0131s\u0131 \u018fhm\u0259dov G\u00fclh\u00fcseyn \u018fli\u0259hm\u0259d o\u011flu bu g\u00fcn d\u00fcnyas\u0131n\u0131 d\u0259yi\u015fib.<\/p>\n<p>Qeyd ed\u0259k ki, 1955-ci il t\u0259v\u0259ll\u00fcdl\u00fc G\u00fclh\u00fcseyn \u018fhm\u0259dov 1993 -2005-ci ill\u0259rd\u0259 Saatl\u0131 Rayon \u0130cra Hakimiyy\u0259tinin ba\u015f\u00e7\u0131s\u0131 i\u015fl\u0259yib.<\/p>\n<div id=\"AdviadNativeVideo0\" class=\"AdviadNativeVideo\"><\/div>\n<p>2005-ci ild\u0259 65 sayl\u0131 Saatl\u0131-Sabirabad-K\u00fcrd\u0259mir se\u00e7ki dair\u0259sind\u0259n mill\u0259t v\u0259kili se\u00e7ilib. O, Milli M\u0259clisin Aqrar siyas\u0259t daimi komissiyas\u0131n\u0131n \u00fczv\u00fc olub.<\/p>\n<p>Az\u0259rbaycan-\u0130ordaniya parlamentl\u0259raras\u0131 \u0259laq\u0259l\u0259r \u00fczr\u0259 i\u015f\u00e7i qrupunun r\u0259hb\u0259ri, Az\u0259rbaycan-Avstraliya, Az\u0259rbaycan-Bosniya-Hersoqovina, Az\u0259rbaycan-\u00c7in parlamentl\u0259raras\u0131 \u0259laq\u0259l\u0259r \u00fczr\u0259 i\u015f\u00e7i qruplar\u0131n\u0131n \u00fczv\u00fc olub.<\/p>\n","protected":false},"excerpt":{"rendered":"<p>Az\u0259rbaycanda sabiq icra ba\u015f\u00e7\u0131s\u0131 v\u0259fat edib. \u201cReport\u201dun m\u0259lumat\u0131na g\u00f6r\u0259, Saatl\u0131 Rayon \u0130cra Hakimiyy\u0259tinin ke\u00e7mi\u015f ba\u015f\u00e7\u0131s\u0131 \u018fhm\u0259dov G\u00fclh\u00fcseyn \u018fli\u0259hm\u0259d o\u011flu bu&hellip;<\/p>\n","protected":false},"author":1,"featured_media":0,"comment_status":"closed","ping_status":"closed","sticky":false,"template":"","format":"standard","meta":{"om_disable_all_campaigns":false,"_monsterinsights_skip_tracking":false,"_uf_show_specific_survey":0,"_uf_disable_surveys":false,"footnotes":""},"categories":[23,7,5],"tags":[],"aioseo_notices":[],"_links":{"self":[{"href":"https:\/\/hakimiyyet.info.az\/index.php?rest_route=\/wp\/v2\/posts\/10840"}],"collection":[{"href":"https:\/\/hakimiyyet.info.az\/index.php?rest_route=\/wp\/v2\/posts"}],"about":[{"href":"https:\/\/hakimiyyet.info.az\/index.php?rest_route=\/wp\/v2\/types\/post"}],"author":[{"embeddable":true,"href":"https:\/\/hakimiyyet.info.az\/index.php?rest_route=\/wp\/v2\/users\/1"}],"replies":[{"embeddable":true,"href":"https:\/\/hakimiyyet.info.az\/index.php?rest_route=%2Fwp%2Fv2%2Fcomments&post=10840"}],"version-history":[{"count":1,"href":"https:\/\/hakimiyyet.info.az\/index.php?rest_route=\/wp\/v2\/posts\/10840\/revisions"}],"predecessor-version":[{"id":10841,"href":"https:\/\/hakimiyyet.info.az\/index.php?rest_route=\/wp\/v2\/posts\/10840\/revisions\/10841"}],"wp:attachment":[{"href":"https:\/\/hakimiyyet.info.az\/index.php?rest_route=%2Fwp%2Fv2%2Fmedia&parent=10840"}],"wp:term":[{"taxonomy":"category","embeddable":true,"href":"https:\/\/hakimiyyet.info.az\/index.php?rest_route=%2Fwp%2Fv2%2Fcategories&post=10840"},{"taxonomy":"post_tag","embeddable":true,"href":"https:\/\/hakimiyyet.info.az\/index.php?rest_route=%2Fwp%2Fv2%2Ftags&post=10840"}],"curies":[{"name":"wp","href":"https:\/\/api.w.org\/{rel}","templated":true}]}}