{"id":10842,"date":"2020-01-03T09:03:02","date_gmt":"2020-01-03T05:03:02","guid":{"rendered":"http:\/\/hakimiyyet.info.az\/?p=10842"},"modified":"2020-01-03T09:03:37","modified_gmt":"2020-01-03T05:03:37","slug":"samaxida-agir-q%c9%99zada-dord-n%c9%99f%c9%99r-yaralandi-video","status":"publish","type":"post","link":"https:\/\/hakimiyyet.info.az\/?p=10842","title":{"rendered":"\u015eamax\u0131da a\u011f\u0131r q\u0259zada d\u00f6rd n\u0259f\u0259r yaraland\u0131 &#8211; V\u0130DEO"},"content":{"rendered":"<p>\u015eamax\u0131da d\u00f6rd n\u0259f\u0259rin x\u0259sar\u0259t almas\u0131 il\u0259 n\u0259tic\u0259l\u0259n\u0259n a\u011f\u0131r avtomobil q\u0259zas\u0131 ba\u015f verib.<\/p>\n<p><strong>Oxu.Az\u00a0<\/strong>x\u0259b\u0259r verir ki, hadis\u0259 \u015eamax\u0131-Pirqulu avtomobil yolunda, M\u0259lh\u0259m k\u0259ndi yax\u0131nl\u0131\u011f\u0131nda qeyd\u0259 al\u0131n\u0131b.<\/p>\n<p>\u015eamax\u0131 \u015f\u0259h\u0259r sakini Elvin \u0130xtiyarovun idar\u0259 etdiyi \u201cNiva\u201d markal\u0131 avtomobill\u0259 \u015f\u0259h\u0259r sakini El\u015fad Etibarovun idar\u0259 etdiyi \u201cVAZ-2106\u201d markal\u0131 avtomobil toqqu\u015fub.<\/p>\n<div id=\"AdviadNativeVideo0\" class=\"AdviadNativeVideo\">\n<div class=\"adviad-inboard sm-screen\">\n<div>\n<p>Q\u0259za zaman\u0131 h\u0259r iki s\u00fcr\u00fcc\u00fc, o c\u00fcml\u0259d\u0259n avtomobild\u0259 olan s\u0259rni\u015finl\u0259r \u0130xtiyarova Arzu v\u0259 Ab\u0131yev R\u00f6v\u015f\u0259n m\u00fcxt\u0259lif b\u0259d\u0259n x\u0259sar\u0259ti alaraq t\u0259cili tibbi yard\u0131m v\u0259 \u0259razid\u0259ki v\u0259t\u0259nda\u015flar\u0131n k\u00f6m\u0259kliyi il\u0259 \u015eamax\u0131 rayon M\u0259rk\u0259zi x\u0259st\u0259xanasas\u0131na apar\u0131l\u0131b.<\/p>\n<p>C\u0259rrahiy\u0259 \u015f\u00f6b\u0259sin\u0259 yerl\u0259\u015fdiril\u0259n x\u0259st\u0259l\u0259rin v\u0259ziyyt\u0259ti orta qa\u011f\u0131r qiym\u0259tl\u0259ndirlir.<\/p>\n<p>Faktla ba\u011fl\u0131 ara\u015fd\u0131rma apar\u0131l\u0131r.<\/p>\n<div><iframe loading=\"lazy\" src=\"https:\/\/player.baku.tv\/embed\/12564\" width=\"560\" height=\"315\" frameborder=\"0\" allowfullscreen=\"allowfullscreen\"><\/iframe><\/div>\n<p>&nbsp;<\/p>\n<\/div>\n<\/div>\n<\/div>\n","protected":false},"excerpt":{"rendered":"<p>\u015eamax\u0131da d\u00f6rd n\u0259f\u0259rin x\u0259sar\u0259t almas\u0131 il\u0259 n\u0259tic\u0259l\u0259n\u0259n a\u011f\u0131r avtomobil q\u0259zas\u0131 ba\u015f verib. Oxu.Az\u00a0x\u0259b\u0259r verir ki, hadis\u0259 \u015eamax\u0131-Pirqulu avtomobil yolunda, M\u0259lh\u0259m&hellip;<\/p>\n","protected":false},"author":1,"featured_media":0,"comment_status":"closed","ping_status":"closed","sticky":false,"template":"","format":"standard","meta":{"om_disable_all_campaigns":false,"_monsterinsights_skip_tracking":false,"_uf_show_specific_survey":0,"_uf_disable_surveys":false,"footnotes":""},"categories":[2,20,5],"tags":[],"aioseo_notices":[],"_links":{"self":[{"href":"https:\/\/hakimiyyet.info.az\/index.php?rest_route=\/wp\/v2\/posts\/10842"}],"collection":[{"href":"https:\/\/hakimiyyet.info.az\/index.php?rest_route=\/wp\/v2\/posts"}],"about":[{"href":"https:\/\/hakimiyyet.info.az\/index.php?rest_route=\/wp\/v2\/types\/post"}],"author":[{"embeddable":true,"href":"https:\/\/hakimiyyet.info.az\/index.php?rest_route=\/wp\/v2\/users\/1"}],"replies":[{"embeddable":true,"href":"https:\/\/hakimiyyet.info.az\/index.php?rest_route=%2Fwp%2Fv2%2Fcomments&post=10842"}],"version-history":[{"count":3,"href":"https:\/\/hakimiyyet.info.az\/index.php?rest_route=\/wp\/v2\/posts\/10842\/revisions"}],"predecessor-version":[{"id":10845,"href":"https:\/\/hakimiyyet.info.az\/index.php?rest_route=\/wp\/v2\/posts\/10842\/revisions\/10845"}],"wp:attachment":[{"href":"https:\/\/hakimiyyet.info.az\/index.php?rest_route=%2Fwp%2Fv2%2Fmedia&parent=10842"}],"wp:term":[{"taxonomy":"category","embeddable":true,"href":"https:\/\/hakimiyyet.info.az\/index.php?rest_route=%2Fwp%2Fv2%2Fcategories&post=10842"},{"taxonomy":"post_tag","embeddable":true,"href":"https:\/\/hakimiyyet.info.az\/index.php?rest_route=%2Fwp%2Fv2%2Ftags&post=10842"}],"curies":[{"name":"wp","href":"https:\/\/api.w.org\/{rel}","templated":true}]}}