{"id":10855,"date":"2020-01-03T10:18:25","date_gmt":"2020-01-03T06:18:25","guid":{"rendered":"http:\/\/hakimiyyet.info.az\/?p=10855"},"modified":"2020-01-03T10:18:25","modified_gmt":"2020-01-03T06:18:25","slug":"iranli-generalin-oldurulm%c9%99si-muharib%c9%99nin-baslangici-ola-bil%c9%99r-senatordan-etiraf","status":"publish","type":"post","link":"https:\/\/hakimiyyet.info.az\/?p=10855","title":{"rendered":"\u0130ranl\u0131 general\u0131n \u00f6ld\u00fcr\u00fclm\u0259si m\u00fcharib\u0259nin ba\u015flan\u011f\u0131c\u0131 ola bil\u0259r \u2013 Senatordan etiraf"},"content":{"rendered":"<p>Ba\u011fdadda \u0130ran \u0130nqilab\u0131 Ke\u015fik\u00e7il\u0259ri Qvardiyas\u0131n\u0131n (\u201cSepah\u201d) \u201cQuds\u201d x\u00fcsusi b\u00f6lm\u0259sinin r\u0259hb\u0259ri, general Qas\u0131m S\u00fcleymaninin \u00f6ld\u00fcr\u00fclm\u0259si Yax\u0131n \u015e\u0259rqd\u0259 yeni m\u00fcharib\u0259y\u0259 s\u0259b\u0259b ola bil\u0259r.<\/p>\n<p>Bu bar\u0259d\u0259 amerikal\u0131 senator Kris Merfi \u00f6z\u00fcn\u00fcn \u201c<a href=\"https:\/\/twitter.com\/chrismurphyct\" target=\"_blank\" rel=\"noopener noreferrer\">Twitter\u00a0<\/a>\u201d s\u0259hif\u0259sind\u0259 yaz\u0131b.<\/p>\n<p>Onun s\u00f6zl\u0259rin\u0259 g\u00f6r\u0259, S\u00fcleymani birm\u0259nal\u0131 olaraq AB\u015e-\u0131n d\u00fc\u015fm\u0259ni olub.<\/p>\n<p>\u201cSual\u0131 ba\u015fqa c\u00fcr qoymaq laz\u0131md\u0131r: Amerika t\u0259sir g\u00fcc\u00fcn\u0259 g\u00f6r\u0259 \u0130ran\u0131n ikinci \u015f\u0259xsini Konqressin icaz\u0259si olmadan \u00f6ld\u00fcr\u0259rk\u0259n irimiqyasl\u0131 regional m\u00fcharib\u0259ni ba\u015flaya bil\u0259c\u0259yini h\u0259qiqiq\u0259t\u0259n\u00a0 anlay\u0131rd\u0131m\u0131?\u201d \u2013 senator qeyd edib.<\/p>\n<p>Daha \u00f6nc\u0259 bildirilmi\u015fdi ki, S\u00fcleymani Ba\u011fdad hava liman\u0131nda\u00a0 \u0130raq\u0131n \u015fi\u0259 qo\u015funlar\u0131n\u0131n komandan m\u00fcavini \u0259bu M\u0259hdi \u0259l-Muh\u0259ndisl\u0259 g\u00f6r\u00fc\u015f\u00fc zaman\u0131 aviaz\u0259rb\u0259 n\u0259tic\u0259sind\u0259 q\u0259tl\u0259 yetirilib. AB\u015e t\u0259r\u0259fi \u0259l-Muh\u0259ndisi Amerika s\u0259firliyin\u0259 h\u00fccumda ittiham edir.<\/p>\n","protected":false},"excerpt":{"rendered":"<p>Ba\u011fdadda \u0130ran \u0130nqilab\u0131 Ke\u015fik\u00e7il\u0259ri Qvardiyas\u0131n\u0131n (\u201cSepah\u201d) \u201cQuds\u201d x\u00fcsusi b\u00f6lm\u0259sinin r\u0259hb\u0259ri, general Qas\u0131m S\u00fcleymaninin \u00f6ld\u00fcr\u00fclm\u0259si Yax\u0131n \u015e\u0259rqd\u0259 yeni m\u00fcharib\u0259y\u0259 s\u0259b\u0259b ola&hellip;<\/p>\n","protected":false},"author":1,"featured_media":0,"comment_status":"closed","ping_status":"closed","sticky":false,"template":"","format":"standard","meta":{"om_disable_all_campaigns":false,"_monsterinsights_skip_tracking":false,"_uf_show_specific_survey":0,"_uf_disable_surveys":false,"footnotes":""},"categories":[7,5],"tags":[],"aioseo_notices":[],"_links":{"self":[{"href":"https:\/\/hakimiyyet.info.az\/index.php?rest_route=\/wp\/v2\/posts\/10855"}],"collection":[{"href":"https:\/\/hakimiyyet.info.az\/index.php?rest_route=\/wp\/v2\/posts"}],"about":[{"href":"https:\/\/hakimiyyet.info.az\/index.php?rest_route=\/wp\/v2\/types\/post"}],"author":[{"embeddable":true,"href":"https:\/\/hakimiyyet.info.az\/index.php?rest_route=\/wp\/v2\/users\/1"}],"replies":[{"embeddable":true,"href":"https:\/\/hakimiyyet.info.az\/index.php?rest_route=%2Fwp%2Fv2%2Fcomments&post=10855"}],"version-history":[{"count":1,"href":"https:\/\/hakimiyyet.info.az\/index.php?rest_route=\/wp\/v2\/posts\/10855\/revisions"}],"predecessor-version":[{"id":10856,"href":"https:\/\/hakimiyyet.info.az\/index.php?rest_route=\/wp\/v2\/posts\/10855\/revisions\/10856"}],"wp:attachment":[{"href":"https:\/\/hakimiyyet.info.az\/index.php?rest_route=%2Fwp%2Fv2%2Fmedia&parent=10855"}],"wp:term":[{"taxonomy":"category","embeddable":true,"href":"https:\/\/hakimiyyet.info.az\/index.php?rest_route=%2Fwp%2Fv2%2Fcategories&post=10855"},{"taxonomy":"post_tag","embeddable":true,"href":"https:\/\/hakimiyyet.info.az\/index.php?rest_route=%2Fwp%2Fv2%2Ftags&post=10855"}],"curies":[{"name":"wp","href":"https:\/\/api.w.org\/{rel}","templated":true}]}}