{"id":10863,"date":"2020-01-03T10:29:44","date_gmt":"2020-01-03T06:29:44","guid":{"rendered":"http:\/\/hakimiyyet.info.az\/?p=10863"},"modified":"2020-01-03T10:29:44","modified_gmt":"2020-01-03T06:29:44","slug":"iranin-ali-lideri-%c9%99ll%c9%99rind%c9%99-suleymaninin-qani-olanlari-s%c9%99rt-qisas-gozl%c9%99yir","status":"publish","type":"post","link":"https:\/\/hakimiyyet.info.az\/?p=10863","title":{"rendered":"\u0130ran\u0131n Ali lideri: \u201c\u018fll\u0259rind\u0259 S\u00fcleymaninin qan\u0131 olanlar\u0131 s\u0259rt qisas g\u00f6zl\u0259yir\u201d"},"content":{"rendered":"<p style=\"font-weight: 400;\"><span style=\"font-style: inherit; font-weight: inherit;\">General Qas\u0131m S\u00fcleymaninin \u00f6l\u00fcm\u00fcn\u0259 g\u00f6r\u0259 \u0130ran AB\u015e-dan qisas alacaq.<\/span><\/p>\n<p style=\"font-weight: 400;\"><span style=\"font-style: inherit; font-weight: inherit;\"><a href=\"https:\/\/apa.az\/\">APA<\/a>-n\u0131n \u201cR\u0130A Novosti\u201d agentliyin\u0259 istinad\u0259n verdiyi x\u0259b\u0259r\u0259 g\u00f6r\u0259, bunu \u0130ran\u0131n Ali lideri ay\u0259tullah Seyid \u018fli Xamenei b\u0259yan edib.<\/span><\/p>\n<p style=\"font-weight: 400;\"><span style=\"font-style: inherit; font-weight: inherit;\">\u201c\u018fll\u0259rind\u0259 S\u00fcleymaninin v\u0259 dig\u0259r \u015f\u0259hidl\u0259rin qan\u0131 olanlar\u0131 s\u0259rt qisas g\u00f6zl\u0259yir\u201d, &#8211; dey\u0259 Xamenei vur\u011fulay\u0131b.<\/span><\/p>\n<p style=\"font-weight: 400;\"><span style=\"font-style: inherit; font-weight: inherit;\">Qeyd ed\u0259k ki, c\u00fcm\u0259 g\u00fcn\u00fc Ba\u011fdad Hava liman\u0131n\u0131n raket z\u0259rb\u0259l\u0259rin\u0259 m\u0259ruz qalmas\u0131 n\u0259tic\u0259sind\u0259 \u0130ran \u0130nqilab Ke\u015fik\u00e7il\u0259ri Korpusunun Q\u00fcds X\u00fcsusi Q\u00fcvv\u0259l\u0259rinin r\u0259hb\u0259ri general Qas\u0131m S\u00fcleymani v\u0259 \u0130ran\u0131n himay\u0259darl\u0131q etdiyi Xalq S\u0259f\u0259rb\u0259rlik Q\u00fcvv\u0259l\u0259rinin (XSQ) komandan\u0131 m\u00fcavini \u018fbu Mehdi \u0259l-M\u00fch\u0259ndisi \u00f6ld\u00fcr\u00fcl\u00fcb.<\/span><\/p>\n","protected":false},"excerpt":{"rendered":"<p>General Qas\u0131m S\u00fcleymaninin \u00f6l\u00fcm\u00fcn\u0259 g\u00f6r\u0259 \u0130ran AB\u015e-dan qisas alacaq. APA-n\u0131n \u201cR\u0130A Novosti\u201d agentliyin\u0259 istinad\u0259n verdiyi x\u0259b\u0259r\u0259 g\u00f6r\u0259, bunu \u0130ran\u0131n Ali&hellip;<\/p>\n","protected":false},"author":1,"featured_media":0,"comment_status":"closed","ping_status":"closed","sticky":false,"template":"","format":"standard","meta":{"om_disable_all_campaigns":false,"_monsterinsights_skip_tracking":false,"_uf_show_specific_survey":0,"_uf_disable_surveys":false,"footnotes":""},"categories":[7,5],"tags":[],"aioseo_notices":[],"_links":{"self":[{"href":"https:\/\/hakimiyyet.info.az\/index.php?rest_route=\/wp\/v2\/posts\/10863"}],"collection":[{"href":"https:\/\/hakimiyyet.info.az\/index.php?rest_route=\/wp\/v2\/posts"}],"about":[{"href":"https:\/\/hakimiyyet.info.az\/index.php?rest_route=\/wp\/v2\/types\/post"}],"author":[{"embeddable":true,"href":"https:\/\/hakimiyyet.info.az\/index.php?rest_route=\/wp\/v2\/users\/1"}],"replies":[{"embeddable":true,"href":"https:\/\/hakimiyyet.info.az\/index.php?rest_route=%2Fwp%2Fv2%2Fcomments&post=10863"}],"version-history":[{"count":1,"href":"https:\/\/hakimiyyet.info.az\/index.php?rest_route=\/wp\/v2\/posts\/10863\/revisions"}],"predecessor-version":[{"id":10864,"href":"https:\/\/hakimiyyet.info.az\/index.php?rest_route=\/wp\/v2\/posts\/10863\/revisions\/10864"}],"wp:attachment":[{"href":"https:\/\/hakimiyyet.info.az\/index.php?rest_route=%2Fwp%2Fv2%2Fmedia&parent=10863"}],"wp:term":[{"taxonomy":"category","embeddable":true,"href":"https:\/\/hakimiyyet.info.az\/index.php?rest_route=%2Fwp%2Fv2%2Fcategories&post=10863"},{"taxonomy":"post_tag","embeddable":true,"href":"https:\/\/hakimiyyet.info.az\/index.php?rest_route=%2Fwp%2Fv2%2Ftags&post=10863"}],"curies":[{"name":"wp","href":"https:\/\/api.w.org\/{rel}","templated":true}]}}