{"id":10882,"date":"2020-01-04T02:51:06","date_gmt":"2020-01-03T22:51:06","guid":{"rendered":"https:\/\/www.hakimiyyet.com\/?p=10882"},"modified":"2020-01-04T02:51:45","modified_gmt":"2020-01-03T22:51:45","slug":"aydin-mirz%c9%99zad%c9%99-g%c9%99ncl%c9%99rin-sosial-m%c9%99suliyy%c9%99t-hissi-gucl%c9%99n%c9%99c%c9%99k","status":"publish","type":"post","link":"https:\/\/hakimiyyet.info.az\/?p=10882","title":{"rendered":"Ayd\u0131n Mirz\u0259zad\u0259: &#8220;G\u0259ncl\u0259rin sosial m\u0259suliyy\u0259t hissi g\u00fccl\u0259n\u0259c\u0259k&#8221;"},"content":{"rendered":"<div class=\"article-header\">\n<p>2020-ci ilin Az\u0259rbaycanda &#8220;K\u00f6n\u00fcll\u00fcl\u0259r ili&#8221; elan edilm\u0259si g\u0259ncl\u0259rin sosial m\u0259suliyy\u0259t hissini g\u00fccl\u0259nm\u0259sin\u0259 s\u0259b\u0259b olacaqd\u0131r.<\/p>\n<\/div>\n<div class=\"article-body\">\n<p>Day.Az x\u0259b\u0259r verir ki, bu bar\u0259d\u0259 mill\u0259t v\u0259kili Ayd\u0131n Mirz\u0259zad\u0259 \u00f6z Facebook s\u0259hif\u0259sind\u0259 yaz\u0131b.<\/p>\n<p>&#8220;Az\u0259rbaycan Respublikas\u0131n\u0131n Prezidenti c\u0259nab \u0130lham \u018fliyevin 30 dekabr 2019-cu il tarixli S\u0259r\u0259ncam\u0131 il\u0259 2020-ci il Az\u0259rbaycanda &#8220;K\u00f6n\u00fcll\u00fcl\u0259r ili&#8221; elan edilmi\u015fdir. K\u00f6n\u00fcll\u00fcl\u00fck \u00f6z irad\u0259si v\u0259 s\u0259rb\u0259st se\u00e7imi \u0259sas\u0131nda \u0259v\u0259zi \u00f6d\u0259nilm\u0259y\u0259n f\u0259aliyy\u0259tdir n\u00f6v\u00fcd\u00fcr. Bu f\u0259aliyy\u0259t c\u0259miyy\u0259tin m\u00fcxt\u0259lif sah\u0259l\u0259rind\u0259 ola bil\u0259r. M\u00fch\u00fcm d\u00f6vl\u0259t t\u0259dbirl\u0259rinin v\u0259 idman yar\u0131\u015flar\u0131n\u0131n ke\u00e7irilm\u0259sind\u0259 k\u00f6n\u00fcll\u00fcl\u00fck \u0259sas\u0131nda i\u015ftirakla yana\u015f\u0131 k\u00f6n\u00fcll\u00fcl\u00fck \u0259lill\u0259r\u0259, \u0259halinin azt\u0259minatl\u0131 t\u0259b\u0259q\u0259sin\u0259, qocalara, qa\u00e7q\u0131n v\u0259 m\u0259cburi k\u00f6\u00e7k\u00fcnl\u0259r\u0259 k\u00f6m\u0259k edilm\u0259sni, u\u015faqlar v\u0259 g\u0259ncl\u0259rl\u0259 i\u015fl\u0259rin apar\u0131lmas\u0131n\u0131, \u0259traf m\u00fchitin m\u00fchafiz\u0259si v\u0259 ekoloji tarazl\u0131\u011f\u0131n saxlanmas\u0131 v\u0259 sair\u0259 sah\u0259l\u0259ri d\u0259 \u0259hat\u0259 ed\u0259 bil\u0259r.Bu g\u00fcn d\u00fcnyada c\u0259miyy\u0259t maraqlar\u0131 namin\u0259 t\u0259m\u0259nnas\u0131z \u0259m\u0259k s\u0259rf ed\u0259n milyonlarla insan vard\u0131r&#8221;, &#8211; deputat bildirib.<\/p>\n<p>Onun s\u00f6zl\u0259rin\u0259 g\u00f6r\u0259, k\u00f6n\u00fcll\u00fcl\u00fck h\u0259r\u0259kat\u0131nda i\u015ftirak insanlara, x\u00fcsus\u0259n d\u0259 g\u0259ncl\u0259r\u0259 insanlarla i\u015f t\u0259cr\u00fcb\u0259si qazanmaq, \u00f6z\u00fcn\u00fc s\u0131naqdan ke\u00e7irm\u0259k, ilk i\u015f t\u0259cr\u00fcb\u0259sin\u0259 malik olma\u011fa imkan verir.<\/p>\n<p>&#8220;C\u0259nab Prezidentin s\u0259r\u0259ncam\u0131nda vur\u011fuland\u0131\u011f\u0131 kimi &#8220;k\u00f6n\u00fcll\u00fcl\u00fck insanlar\u0131 vahid niyy\u0259t \u0259traf\u0131nda birl\u0259\u015fdir\u0259n, v\u0259t\u0259nda\u015f, c\u0259miyy\u0259t v\u0259 d\u00f6vl\u0259tin birg\u0259 f\u0259aliyy\u0259tinin \u0259n u\u011furlu format\u0131d\u0131r. K\u00f6n\u00fcll\u00fcl\u00fck h\u0259m d\u0259 v\u0259t\u0259np\u0259rv\u0259rlik m\u0259kt\u0259bi, \u00f6z xalq\u0131na, d\u00f6vl\u0259tin\u0259, milli-m\u0259n\u0259vi d\u0259y\u0259rl\u0259r\u0259 ba\u011fl\u0131l\u0131q v\u0259 xidm\u0259t \u00f6rn\u0259yidir&#8221;. M\u00fcasir Az\u0259rbaycanda k\u00f6n\u00fcll\u00fcl\u00fck sah\u0259sind\u0259 ilk add\u0131mlar ulu \u00f6nd\u0259r Heyd\u0259r \u018fliyevin hakimiyy\u0259t\u0259 qay\u0131d\u0131\u015f\u0131ndan sonra ba\u015flay\u0131b. Bel\u0259 ki, 1998-ci ild\u0259 G\u0259ncl\u0259r, \u0130dman v\u0259 Turizm Nazirliyi, BMT \u0130nki\u015faf Proqram\u0131 v\u0259 BMT K\u00f6n\u00fcll\u00fcl\u0259ri Proqram\u0131n\u0131n birg\u0259 layih\u0259si f\u0259aliyy\u0259t\u0259 ba\u015flad\u0131. H\u0259min proqram \u0259sas g\u00f6t\u00fcr\u00fcl\u0259r\u0259k 1998-2000-ci ill\u0259rd\u0259n ba\u015flayaraq \u00f6lk\u0259d\u0259 k\u00f6n\u00fcll\u00fcl\u00fck prinsipl\u0259rinin geni\u015f t\u0259bli\u011fin\u0259 ba\u015flan\u0131ld\u0131&#8221;, &#8211; Mirz\u0259zad\u0259 vur\u011fulay\u0131b.<\/p>\n<p>Onun s\u00f6zl\u0259rin\u0259 g\u00f6r\u0259, 2009-cu ild\u0259 Milli M\u0259clisin &#8220;K\u00f6n\u00fcll\u00fc f\u0259aliyy\u0259t haqq\u0131nda&#8221; Qanun q\u0259bulu Az\u0259rbaycanda k\u00f6n\u00fcll\u00fcl\u00fck f\u0259aliyy\u0259tinin yeni inki\u015faf m\u0259rh\u0259l\u0259sin\u0259 g\u00fccl\u00fc t\u0259kan verdi. Ancaq 2013-c\u00fc il q\u0259d\u0259r k\u00f6n\u00fcll\u00fcl\u00fck \u00f6lk\u0259d\u0259 ki\u00e7ik komandalarla f\u0259aliyy\u0259t g\u00f6st\u0259rirdi.<\/p>\n<div id=\"vast_player_wrapper_66481578091605336\">\n<div id=\"vast_player_66481578091605336\">\n<p>&#8220;Ancaq h\u0259min il Az\u0259rbaycan Respublikas\u0131n\u0131n Prezidenti yan\u0131nda V\u0259t\u0259nda\u015flara Xidm\u0259t v\u0259 Sosial \u0130nnovasiyalar \u00fczr\u0259 D\u00f6vl\u0259t Agentliyinin (ASAN Xidm\u0259t) yan\u0131nda aktiv v\u0259 konstant k\u00f6n\u00fcll\u00fc t\u0259\u015fkilat olan ASAN K\u00f6n\u00fcll\u00fcl\u0259ri T\u0259\u015fkilat\u0131 (AKT) yarad\u0131ld\u0131. Bu h\u0259r\u0259kat minl\u0259rl\u0259 g\u0259ncin ilkn i\u015f t\u0259cr\u00fcb\u0259si toplamas\u0131na, \u00f6z pe\u015f\u0259sinin inc\u0259likl\u0259rini \u00f6yr\u0259nm\u0259sin\u0259, \u0259n \u0259sas\u0131 is\u0259 \u00f6z\u00fcn\u00fc tan\u0131ma\u011fa geni\u015f imkan verdi. Son ill\u0259rd\u0259 \u00f6lk\u0259mizin ev sahibliyi etdiyi Avroviziya Mahn\u0131 M\u00fcsabiq\u0259si, I Avropa Oyunlar\u0131, &#8220;Formula 1&#8243; yar\u0131\u015flar\u0131, IV \u0130slam H\u0259mr\u0259yliyi Oyunlar\u0131 kimi irimiqyasl\u0131 beyn\u0259lxalq t\u0259dbirl\u0259rin h\u0259yata ke\u00e7irilm\u0259sind\u0259 v\u0259 dig\u0259r m\u00f6t\u0259b\u0259r v\u0259 irimiqyasl\u0131 t\u0259dbirl\u0259r\u0259 on minl\u0259rl\u0259 k\u00f6n\u00fcll\u00fc \u0259v\u0259zsiz rol oynam\u0131\u015flar&#8221;, &#8211; deputat bildirib.<\/p>\n<\/div>\n<\/div>\n<p>Mill\u0259t v\u0259kili qyed edib ki, Az\u0259rbaycanda d\u00f6vl\u0259tin ciddi d\u0259st\u0259yi v\u0259 c\u0259miyy\u0259tin sosial sifari\u015fi n\u0259tic\u0259sind\u0259 ASAN, &#8220;Regional \u0130nki\u015faf&#8221; \u0130ctimai Birliyi, &#8220;Bir&#8221; T\u0259l\u0259b\u0259 k\u00f6n\u00fcll\u00fcl\u00fcl\u0259ri, Aqrar \u0130nki\u015faf k\u00f6n\u00fcll\u00fcl\u0259ri v\u0259 dig\u0259r k\u00f6n\u00fcll\u00fc h\u0259r\u0259katlar\u0131 yaranm\u0131\u015f, onlar g\u0259ncliyin inam m\u0259rk\u0259zl\u0259rin\u0259 \u00e7evirl\u0259 bilmi\u015fl\u0259r.<\/p>\n<p>&#8220;Bu il 5 dekabr Beyn\u0259lxalq K\u00f6n\u00fcll\u00fc G\u00fcn\u00fc \u0259r\u0259f\u0259sind\u0259 Az\u0259rbaycanda ilk d\u0259f\u0259 K\u00f6n\u00fcll\u00fcl\u00fck H\u0259ft\u0259si ke\u00e7irilmi\u015f v\u0259 \u00f6lk\u0259mizd\u0259 k\u00f6n\u00fcll\u00fcl\u00fck h\u0259r\u0259kat\u0131n\u0131n g\u00fcc\u00fc v\u0259 perspektivl\u0259ri n\u00fcmayi\u015f etdirilmi\u015fdir. Prezident c\u0259nab \u0130lham \u018fliyevin 2020-ci ilin Az\u0259rbaycanda &#8220;K\u00f6n\u00fcll\u00fcl\u0259r ili&#8221; elan edilm\u0259si bar\u0259d\u0259 s\u0259r\u0259ncam\u0131 g\u0259ncl\u0259rin m\u00fcst\u0259qil d\u00f6vl\u0259timiz \u00fc\u00e7\u00fcn sosial m\u0259suliyy\u0259t hissini g\u00fccl\u0259nm\u0259sin\u0259, g\u0259ncliyin \u00f6z potensial\u0131na inam\u0131n\u0131n artmas\u0131na s\u0259b\u0259b olacaqd\u0131r&#8221;, &#8211; Mirz\u0259zad\u0259 bildirib.<\/p>\n<\/div>\n","protected":false},"excerpt":{"rendered":"<p>2020-ci ilin Az\u0259rbaycanda &#8220;K\u00f6n\u00fcll\u00fcl\u0259r ili&#8221; elan edilm\u0259si g\u0259ncl\u0259rin sosial m\u0259suliyy\u0259t hissini g\u00fccl\u0259nm\u0259sin\u0259 s\u0259b\u0259b olacaqd\u0131r. Day.Az x\u0259b\u0259r verir ki, bu bar\u0259d\u0259&hellip;<\/p>\n","protected":false},"author":2,"featured_media":0,"comment_status":"closed","ping_status":"closed","sticky":false,"template":"","format":"standard","meta":{"om_disable_all_campaigns":false,"_monsterinsights_skip_tracking":false,"_uf_show_specific_survey":0,"_uf_disable_surveys":false,"footnotes":""},"categories":[23,2,7,5],"tags":[],"aioseo_notices":[],"_links":{"self":[{"href":"https:\/\/hakimiyyet.info.az\/index.php?rest_route=\/wp\/v2\/posts\/10882"}],"collection":[{"href":"https:\/\/hakimiyyet.info.az\/index.php?rest_route=\/wp\/v2\/posts"}],"about":[{"href":"https:\/\/hakimiyyet.info.az\/index.php?rest_route=\/wp\/v2\/types\/post"}],"author":[{"embeddable":true,"href":"https:\/\/hakimiyyet.info.az\/index.php?rest_route=\/wp\/v2\/users\/2"}],"replies":[{"embeddable":true,"href":"https:\/\/hakimiyyet.info.az\/index.php?rest_route=%2Fwp%2Fv2%2Fcomments&post=10882"}],"version-history":[{"count":2,"href":"https:\/\/hakimiyyet.info.az\/index.php?rest_route=\/wp\/v2\/posts\/10882\/revisions"}],"predecessor-version":[{"id":10884,"href":"https:\/\/hakimiyyet.info.az\/index.php?rest_route=\/wp\/v2\/posts\/10882\/revisions\/10884"}],"wp:attachment":[{"href":"https:\/\/hakimiyyet.info.az\/index.php?rest_route=%2Fwp%2Fv2%2Fmedia&parent=10882"}],"wp:term":[{"taxonomy":"category","embeddable":true,"href":"https:\/\/hakimiyyet.info.az\/index.php?rest_route=%2Fwp%2Fv2%2Fcategories&post=10882"},{"taxonomy":"post_tag","embeddable":true,"href":"https:\/\/hakimiyyet.info.az\/index.php?rest_route=%2Fwp%2Fv2%2Ftags&post=10882"}],"curies":[{"name":"wp","href":"https:\/\/api.w.org\/{rel}","templated":true}]}}