{"id":10892,"date":"2020-01-04T12:45:29","date_gmt":"2020-01-04T08:45:29","guid":{"rendered":"http:\/\/hakimiyyet.info.az\/?p=10892"},"modified":"2020-01-04T12:45:29","modified_gmt":"2020-01-04T08:45:29","slug":"yan-cieci-cin-yaxin-s%c9%99rqd%c9%99-hazirki-v%c9%99ziyy%c9%99td%c9%99n-xeyli-narahatdir","status":"publish","type":"post","link":"https:\/\/hakimiyyet.info.az\/?p=10892","title":{"rendered":"Yan \u00c7ie\u00e7i: \u00c7in Yax\u0131n \u015e\u0259rqd\u0259 haz\u0131rk\u0131 v\u0259ziyy\u0259td\u0259n xeyli narahatd\u0131r"},"content":{"rendered":"<p>\u00c7in Xalq Respublikas\u0131 Yax\u0131n \u015e\u0259rqd\u0259 haz\u0131rk\u0131 v\u0259ziyy\u0259td\u0259n xeyli narahatd\u0131r.<\/p>\n<p><a class=\"azertac-link\" href=\"https:\/\/azertag.az\/\" target=\"_blank\" rel=\"noopener noreferrer\">AZ\u018fRTAC<\/a>\u00a0x\u0259b\u0259r verir ki, bu fikri \u00c7in Kommunist Partiyas\u0131 M\u0259rk\u0259zi Komit\u0259sinin Siyasi B\u00fcrosunun \u00fczv\u00fc, M\u0259rk\u0259zi Komit\u0259nin xarici m\u0259s\u0259l\u0259l\u0259r komissiyas\u0131n\u0131n s\u0259dri Yan \u00c7ie\u00e7i AB\u015e d\u00f6vl\u0259t katibi Mayk Pompeo il\u0259 Birl\u0259\u015fmi\u015f \u015etatlar r\u0259smisinin ist\u0259yi \u0259sas\u0131nda ba\u015f tutan telefon dan\u0131\u015f\u0131\u011f\u0131 zaman\u0131 deyib.<\/p>\n<p>\u00c7in r\u0259smisi \u00f6lk\u0259sinin fikir ayr\u0131l\u0131qlar\u0131n\u0131n dan\u0131\u015f\u0131qlar v\u0259 m\u0259sl\u0259h\u0259tl\u0259\u015fm\u0259l\u0259r yolu il\u0259 h\u0259llin\u0259 t\u0259r\u0259fdar oldu\u011funu, beyn\u0259lxalq m\u00fcnasib\u0259tl\u0259rd\u0259 g\u00fcc t\u0259tbiqin\u0259 qar\u015f\u0131 \u00e7\u0131xd\u0131\u011f\u0131n\u0131 bildirib. \u00c7in r\u0259smisi t\u0259r\u0259fl\u0259rin t\u0259mkinli davranacaqlar\u0131na v\u0259 probleml\u0259rin dialoq vasit\u0259sil\u0259 h\u0259lli yoluna qay\u0131dacaqlar\u0131na \u00fcmid etdiyini deyib.<\/p>\n<p>Mayk Pompeo AB\u015e-\u0131n Yax\u0131n \u015e\u0259rqd\u0259ki v\u0259ziyy\u0259t\u0259 dair m\u00f6vqeyi bar\u0259d\u0259 m\u0259lumat verib.<\/p>\n<p>Telefon dan\u0131\u015f\u0131\u011f\u0131 zaman\u0131 \u00c7in-AB\u015e m\u00fcnasib\u0259tl\u0259rin\u0259 dair fikir m\u00fcbadil\u0259si d\u0259 apar\u0131l\u0131b.<\/p>\n","protected":false},"excerpt":{"rendered":"<p>\u00c7in Xalq Respublikas\u0131 Yax\u0131n \u015e\u0259rqd\u0259 haz\u0131rk\u0131 v\u0259ziyy\u0259td\u0259n xeyli narahatd\u0131r. AZ\u018fRTAC\u00a0x\u0259b\u0259r verir ki, bu fikri \u00c7in Kommunist Partiyas\u0131 M\u0259rk\u0259zi Komit\u0259sinin Siyasi&hellip;<\/p>\n","protected":false},"author":1,"featured_media":0,"comment_status":"closed","ping_status":"closed","sticky":false,"template":"","format":"standard","meta":{"om_disable_all_campaigns":false,"_monsterinsights_skip_tracking":false,"_uf_show_specific_survey":0,"_uf_disable_surveys":false,"footnotes":""},"categories":[23,5],"tags":[],"aioseo_notices":[],"_links":{"self":[{"href":"https:\/\/hakimiyyet.info.az\/index.php?rest_route=\/wp\/v2\/posts\/10892"}],"collection":[{"href":"https:\/\/hakimiyyet.info.az\/index.php?rest_route=\/wp\/v2\/posts"}],"about":[{"href":"https:\/\/hakimiyyet.info.az\/index.php?rest_route=\/wp\/v2\/types\/post"}],"author":[{"embeddable":true,"href":"https:\/\/hakimiyyet.info.az\/index.php?rest_route=\/wp\/v2\/users\/1"}],"replies":[{"embeddable":true,"href":"https:\/\/hakimiyyet.info.az\/index.php?rest_route=%2Fwp%2Fv2%2Fcomments&post=10892"}],"version-history":[{"count":1,"href":"https:\/\/hakimiyyet.info.az\/index.php?rest_route=\/wp\/v2\/posts\/10892\/revisions"}],"predecessor-version":[{"id":10893,"href":"https:\/\/hakimiyyet.info.az\/index.php?rest_route=\/wp\/v2\/posts\/10892\/revisions\/10893"}],"wp:attachment":[{"href":"https:\/\/hakimiyyet.info.az\/index.php?rest_route=%2Fwp%2Fv2%2Fmedia&parent=10892"}],"wp:term":[{"taxonomy":"category","embeddable":true,"href":"https:\/\/hakimiyyet.info.az\/index.php?rest_route=%2Fwp%2Fv2%2Fcategories&post=10892"},{"taxonomy":"post_tag","embeddable":true,"href":"https:\/\/hakimiyyet.info.az\/index.php?rest_route=%2Fwp%2Fv2%2Ftags&post=10892"}],"curies":[{"name":"wp","href":"https:\/\/api.w.org\/{rel}","templated":true}]}}