{"id":10896,"date":"2020-01-04T12:47:32","date_gmt":"2020-01-04T08:47:32","guid":{"rendered":"http:\/\/hakimiyyet.info.az\/?p=10896"},"modified":"2020-01-04T12:47:32","modified_gmt":"2020-01-04T08:47:32","slug":"r%c9%99him-r%c9%99himli-telekanal-r%c9%99hb%c9%99rliyind%c9%99n-cixarildi","status":"publish","type":"post","link":"https:\/\/hakimiyyet.info.az\/?p=10896","title":{"rendered":"R\u0259him R\u0259himli telekanal r\u0259hb\u0259rliyind\u0259n \u00e7\u0131xar\u0131ld\u0131"},"content":{"rendered":"<p>\u201cMTV Az\u0259rbaycan\u201d televiziyas\u0131n\u0131n direktoru m\u00fc\u011f\u0259nni R\u0259him R\u0259himli i\u015fd\u0259n \u00e7\u0131xar\u0131l\u0131b.<\/p>\n<p><strong>Oxu.Az<\/strong>\u00a0x\u0259b\u0259r verir ki, art\u0131q bir ne\u00e7\u0259 m\u00fcdd\u0259tdir m\u00fc\u011f\u0259nni i\u015f\u0259 \u00e7\u0131xm\u0131r. Onun yerin\u0259 ATV-nin ke\u00e7mi\u015f vitse-prezidenti H\u0259s\u0259n Abdullayev g\u0259tirilib. H\u0259s\u0259n Abdullayev\u00a0iki h\u0259ft\u0259y\u0259 yax\u0131nd\u0131r ki, direktor kimi v\u0259zif\u0259sini icra edir.<\/p>\n<p>Televiziya yax\u0131n g\u00fcnl\u0259rd\u0259 \u201c20 Yanvar\u201d \u0259razisind\u0259 yerl\u0259\u015f\u0259n yeni binada f\u0259aliyy\u0259t\u0259 ba\u015flayacaq.<\/p>\n<div id=\"AdviadNativeVideo0\" class=\"AdviadNativeVideo\"><\/div>\n<p>Xat\u0131rladaq ki, R\u0259him R\u0259himli 2018-ci ilin iyunundan kanala direktor t\u0259yin edilib.<\/p>\n<p>H\u0259s\u0259n Abdullayev Az\u0259rbaycan Televiziya v\u0259 Radio Verili\u015fl\u0259ri Qapal\u0131 S\u0259hmdar C\u0259miyy\u0259tinin ba\u015f prod\u00fcseri v\u0259 \u0130TV-nin ba\u015f direktorun m\u00fcavini v\u0259zif\u0259l\u0259rind\u0259 \u00e7al\u0131\u015f\u0131b.<\/p>\n<p>Qeyd ed\u0259k ki, ilk d\u0259f\u0259 m\u0259lumat\u0131 \u201cMediatime\u201d s\u0259hif\u0259si yay\u0131b.<\/p>\n<div class=\"gallery\">\n<div class=\"gallery-i\"><img decoding=\"async\" src=\"https:\/\/assets.oxu.az\/uploads\/W1siZiIsIjIwMjAvMDEvMDQvMTEvNTgvNTgvNGViZDM3ZjctN2Q4Zi00MGIzLWEyM2MtYjUzOTM1ZDhkMzA0L2hlc2VuLmpwZyJdLFsicCIsImVuY29kZSIsImpwZyIsIi1xdWFsaXR5IDgwIl0sWyJwIiwidGh1bWIiLCI1OTB4NTkwXHUwMDNlIl1d?sha=32552f8d9a6b9548\" alt=\"\" \/><\/div>\n<\/div>\n","protected":false},"excerpt":{"rendered":"<p>\u201cMTV Az\u0259rbaycan\u201d televiziyas\u0131n\u0131n direktoru m\u00fc\u011f\u0259nni R\u0259him R\u0259himli i\u015fd\u0259n \u00e7\u0131xar\u0131l\u0131b. Oxu.Az\u00a0x\u0259b\u0259r verir ki, art\u0131q bir ne\u00e7\u0259 m\u00fcdd\u0259tdir m\u00fc\u011f\u0259nni i\u015f\u0259 \u00e7\u0131xm\u0131r. Onun&hellip;<\/p>\n","protected":false},"author":1,"featured_media":0,"comment_status":"closed","ping_status":"closed","sticky":false,"template":"","format":"standard","meta":{"om_disable_all_campaigns":false,"_monsterinsights_skip_tracking":false,"_uf_show_specific_survey":0,"_uf_disable_surveys":false,"footnotes":""},"categories":[2,5],"tags":[],"aioseo_notices":[],"_links":{"self":[{"href":"https:\/\/hakimiyyet.info.az\/index.php?rest_route=\/wp\/v2\/posts\/10896"}],"collection":[{"href":"https:\/\/hakimiyyet.info.az\/index.php?rest_route=\/wp\/v2\/posts"}],"about":[{"href":"https:\/\/hakimiyyet.info.az\/index.php?rest_route=\/wp\/v2\/types\/post"}],"author":[{"embeddable":true,"href":"https:\/\/hakimiyyet.info.az\/index.php?rest_route=\/wp\/v2\/users\/1"}],"replies":[{"embeddable":true,"href":"https:\/\/hakimiyyet.info.az\/index.php?rest_route=%2Fwp%2Fv2%2Fcomments&post=10896"}],"version-history":[{"count":1,"href":"https:\/\/hakimiyyet.info.az\/index.php?rest_route=\/wp\/v2\/posts\/10896\/revisions"}],"predecessor-version":[{"id":10897,"href":"https:\/\/hakimiyyet.info.az\/index.php?rest_route=\/wp\/v2\/posts\/10896\/revisions\/10897"}],"wp:attachment":[{"href":"https:\/\/hakimiyyet.info.az\/index.php?rest_route=%2Fwp%2Fv2%2Fmedia&parent=10896"}],"wp:term":[{"taxonomy":"category","embeddable":true,"href":"https:\/\/hakimiyyet.info.az\/index.php?rest_route=%2Fwp%2Fv2%2Fcategories&post=10896"},{"taxonomy":"post_tag","embeddable":true,"href":"https:\/\/hakimiyyet.info.az\/index.php?rest_route=%2Fwp%2Fv2%2Ftags&post=10896"}],"curies":[{"name":"wp","href":"https:\/\/api.w.org\/{rel}","templated":true}]}}