{"id":10898,"date":"2020-01-04T12:48:35","date_gmt":"2020-01-04T08:48:35","guid":{"rendered":"http:\/\/hakimiyyet.info.az\/?p=10898"},"modified":"2020-01-04T12:48:35","modified_gmt":"2020-01-04T08:48:35","slug":"onlar-ilk-d%c9%99f%c9%99-milli-m%c9%99clis-qarsisinda-hesabat-ver%c9%99c%c9%99kl%c9%99r","status":"publish","type":"post","link":"https:\/\/hakimiyyet.info.az\/?p=10898","title":{"rendered":"Onlar ilk d\u0259f\u0259 Milli M\u0259clis qar\u015f\u0131s\u0131nda hesabat ver\u0259c\u0259kl\u0259r"},"content":{"rendered":"<p>Bu il Nazirl\u0259r Kabinetinin, \u0130nsan h\u00fcquqlar\u0131 \u00fczr\u0259 m\u00fcv\u0259kkilinin (ombudsman\u0131n) illik m\u0259ruz\u0259si, b\u0259l\u0259diyy\u0259l\u0259rin f\u0259aliyy\u0259tin\u0259 inzibati n\u0259zar\u0259ti h\u0259yata ke\u00e7ir\u0259n orqan\u0131n illik m\u0259ruz\u0259si, \u0130nsan alverin\u0259 qar\u015f\u0131 m\u00fcbariz\u0259 \u00fczr\u0259 Milli Koordinatorun illik m\u0259lumat\u0131 Milli M\u0259clis\u0259 t\u0259qdim olunacaq.<\/p>\n<p>Nazirl\u0259r Kabineti h\u0259r il f\u0259aliyy\u0259ti haqq\u0131nda Milli M\u0259clisin yaz sessiyas\u0131nda parlament\u0259 hesabat verir.<\/p>\n<p>Hesablama Palatas\u0131 is\u0259 \u00f6z i\u015fi bar\u0259d\u0259 Milli M\u0259clis\u0259 iki d\u0259f\u0259 (yaz sessiyas\u0131nda &#8211; aprelin 15-d\u0259n gec olmayaraq) v\u0259 pay\u0131z sessiyas\u0131nda &#8211; oktyabr\u0131n 15-d\u0259n gec olmayaraq hesabat verir.<\/p>\n<p>\u0130nsan h\u00fcquqlar\u0131 \u00fczr\u0259 m\u00fcv\u0259kkil (ombudsman) haqq\u0131nda Konstitusiya qanununa g\u00f6r\u0259, cari il bitdikd\u0259n sonra 2 aydan gec olmayaraq M\u00fcv\u0259kkil \u00f6lk\u0259d\u0259 insan h\u00fcquqlar\u0131n\u0131n qorunmas\u0131 haqq\u0131nda Prezident\u0259 illik m\u0259ruz\u0259ni t\u0259qdim edir. H\u0259min m\u0259ruz\u0259 il\u0259 Milli M\u0259clis qar\u015f\u0131s\u0131nda \u00e7\u0131x\u0131\u015f edir.<\/p>\n<p>Qeyd ed\u0259k ki, Nazirl\u0259r Kabinetinin hesabat\u0131n\u0131 Ba\u015f nazir \u018fli \u018fs\u0259dov t\u0259qdim ed\u0259c\u0259k. Bu, Ba\u015f nazir kimi onun parlament qar\u015f\u0131s\u0131nda ilk hesabat\u0131 olacaq.<\/p>\n<p>Ombudsman S\u0259bin\u0259 \u018fliyeva da bu v\u0259zif\u0259d\u0259 ilk hesabat\u0131 parlament\u0259 t\u0259qdim ed\u0259c\u0259k.<\/p>\n<p>Daxili \u0130\u015fl\u0259r nazirinin birinci m\u00fcavini, polis general-mayoru Seyfulla \u018fzimov \u0130nsan Alverin\u0259 Qar\u015f\u0131 M\u00fcbariz\u0259 \u00fczr\u0259 Milli Koordinatordur. O da Milli Koordinator kimi ilk hesabat\u0131n\u0131 t\u0259qdim ed\u0259c\u0259k.<\/p>\n<p>B\u0259l\u0259diyy\u0259l\u0259rin f\u0259aliyy\u0259tin\u0259 inzibati n\u0259zar\u0259ti h\u0259yata ke\u00e7ir\u0259n orqan\u0131n illik m\u0259ruz\u0259sini is\u0259 \u018fdliyy\u0259 nazirinin m\u00fcavini Vilay\u0259t Zahirov t\u0259qdim edir.<\/p>\n<p>Bu ilin fevral\u0131n 9-da Milli M\u0259clis\u0259 n\u00f6vb\u0259d\u0259nk\u0259nar se\u00e7kil\u0259r ke\u00e7iril\u0259c\u0259k.<\/p>\n<p>Milli M\u0259clisin Daxili Nizamnam\u0259sind\u0259 yeni se\u00e7ilmi\u015f Milli M\u0259clisin ilk iclas\u0131n\u0131n ke\u00e7irilm\u0259si vaxt\u0131n\u0131n t\u0259yin edilm\u0259si il\u0259 ba\u011fl\u0131 m\u00fcdd\u0259alar yer al\u0131b.<\/p>\n<p>Milli M\u0259clisin 83 deputat\u0131n\u0131n s\u0259lahiyy\u0259tl\u0259ri t\u0259sdiq edildikd\u0259n sonra Milli M\u0259clisin ilk iclas\u0131 h\u0259min g\u00fcnd\u0259n ba\u015flayaraq bir h\u0259ft\u0259d\u0259n gec olmayaraq \u00e7a\u011f\u0131r\u0131l\u0131r.<\/p>\n","protected":false},"excerpt":{"rendered":"<p>Bu il Nazirl\u0259r Kabinetinin, \u0130nsan h\u00fcquqlar\u0131 \u00fczr\u0259 m\u00fcv\u0259kkilinin (ombudsman\u0131n) illik m\u0259ruz\u0259si, b\u0259l\u0259diyy\u0259l\u0259rin f\u0259aliyy\u0259tin\u0259 inzibati n\u0259zar\u0259ti h\u0259yata ke\u00e7ir\u0259n orqan\u0131n illik m\u0259ruz\u0259si,&hellip;<\/p>\n","protected":false},"author":1,"featured_media":0,"comment_status":"closed","ping_status":"closed","sticky":false,"template":"","format":"standard","meta":{"om_disable_all_campaigns":false,"_monsterinsights_skip_tracking":false,"_uf_show_specific_survey":0,"_uf_disable_surveys":false,"footnotes":""},"categories":[23,7,5],"tags":[],"aioseo_notices":[],"_links":{"self":[{"href":"https:\/\/hakimiyyet.info.az\/index.php?rest_route=\/wp\/v2\/posts\/10898"}],"collection":[{"href":"https:\/\/hakimiyyet.info.az\/index.php?rest_route=\/wp\/v2\/posts"}],"about":[{"href":"https:\/\/hakimiyyet.info.az\/index.php?rest_route=\/wp\/v2\/types\/post"}],"author":[{"embeddable":true,"href":"https:\/\/hakimiyyet.info.az\/index.php?rest_route=\/wp\/v2\/users\/1"}],"replies":[{"embeddable":true,"href":"https:\/\/hakimiyyet.info.az\/index.php?rest_route=%2Fwp%2Fv2%2Fcomments&post=10898"}],"version-history":[{"count":1,"href":"https:\/\/hakimiyyet.info.az\/index.php?rest_route=\/wp\/v2\/posts\/10898\/revisions"}],"predecessor-version":[{"id":10899,"href":"https:\/\/hakimiyyet.info.az\/index.php?rest_route=\/wp\/v2\/posts\/10898\/revisions\/10899"}],"wp:attachment":[{"href":"https:\/\/hakimiyyet.info.az\/index.php?rest_route=%2Fwp%2Fv2%2Fmedia&parent=10898"}],"wp:term":[{"taxonomy":"category","embeddable":true,"href":"https:\/\/hakimiyyet.info.az\/index.php?rest_route=%2Fwp%2Fv2%2Fcategories&post=10898"},{"taxonomy":"post_tag","embeddable":true,"href":"https:\/\/hakimiyyet.info.az\/index.php?rest_route=%2Fwp%2Fv2%2Ftags&post=10898"}],"curies":[{"name":"wp","href":"https:\/\/api.w.org\/{rel}","templated":true}]}}