{"id":10920,"date":"2020-01-04T13:06:21","date_gmt":"2020-01-04T09:06:21","guid":{"rendered":"http:\/\/hakimiyyet.info.az\/?p=10920"},"modified":"2020-01-04T13:06:21","modified_gmt":"2020-01-04T09:06:21","slug":"ekvador-millisini-yordi-kroyff-calisdiracaq","status":"publish","type":"post","link":"https:\/\/hakimiyyet.info.az\/?p=10920","title":{"rendered":"Ekvador millisini Yordi Kroyff \u00e7al\u0131\u015fd\u0131racaq"},"content":{"rendered":"<p>Ekvador milli komandas\u0131n\u0131n yeni ba\u015f m\u0259\u015fq\u00e7isi m\u00fc\u0259yy\u0259nl\u0259\u015fib.<\/p>\n<p>Apasport.az sayt\u0131n\u0131n m\u0259lumat\u0131na g\u00f6r\u0259, C\u0259nubi Amerika t\u0259msil\u00e7isini niderlandl\u0131 Yordi Kroyff \u00e7al\u0131\u015fd\u0131racaq.<\/p>\n<p>\u0130srailin \u201cMakkabi\u201d (T\u0259l-\u018fviv) klubunun sabiq m\u0259\u015fq\u00e7i il\u0259 3 illik m\u00fcqavil\u0259 imzalan\u0131b. 45 ya\u015fl\u0131 m\u00fct\u0259x\u0259ssisin son i\u015f yeri is\u0259 \u00f6t\u0259n ay ayr\u0131ld\u0131\u011f\u0131 \u00c7inin \u201c\u00c7untsin Lifan\u201d komandas\u0131 olub.<\/p>\n<div id=\"AdviadNativeVideo0\" class=\"AdviadNativeVideo\"><\/div>\n<p>Qeyd ed\u0259k ki, Y.Kroyff \u0259fsan\u0259vi Yohan Kroyffun o\u011fludur.<\/p>\n","protected":false},"excerpt":{"rendered":"<p>Ekvador milli komandas\u0131n\u0131n yeni ba\u015f m\u0259\u015fq\u00e7isi m\u00fc\u0259yy\u0259nl\u0259\u015fib. Apasport.az sayt\u0131n\u0131n m\u0259lumat\u0131na g\u00f6r\u0259, C\u0259nubi Amerika t\u0259msil\u00e7isini niderlandl\u0131 Yordi Kroyff \u00e7al\u0131\u015fd\u0131racaq. \u0130srailin \u201cMakkabi\u201d&hellip;<\/p>\n","protected":false},"author":1,"featured_media":0,"comment_status":"closed","ping_status":"closed","sticky":false,"template":"","format":"standard","meta":{"om_disable_all_campaigns":false,"_monsterinsights_skip_tracking":false,"_uf_show_specific_survey":0,"_uf_disable_surveys":false,"footnotes":""},"categories":[13],"tags":[],"aioseo_notices":[],"_links":{"self":[{"href":"https:\/\/hakimiyyet.info.az\/index.php?rest_route=\/wp\/v2\/posts\/10920"}],"collection":[{"href":"https:\/\/hakimiyyet.info.az\/index.php?rest_route=\/wp\/v2\/posts"}],"about":[{"href":"https:\/\/hakimiyyet.info.az\/index.php?rest_route=\/wp\/v2\/types\/post"}],"author":[{"embeddable":true,"href":"https:\/\/hakimiyyet.info.az\/index.php?rest_route=\/wp\/v2\/users\/1"}],"replies":[{"embeddable":true,"href":"https:\/\/hakimiyyet.info.az\/index.php?rest_route=%2Fwp%2Fv2%2Fcomments&post=10920"}],"version-history":[{"count":1,"href":"https:\/\/hakimiyyet.info.az\/index.php?rest_route=\/wp\/v2\/posts\/10920\/revisions"}],"predecessor-version":[{"id":10921,"href":"https:\/\/hakimiyyet.info.az\/index.php?rest_route=\/wp\/v2\/posts\/10920\/revisions\/10921"}],"wp:attachment":[{"href":"https:\/\/hakimiyyet.info.az\/index.php?rest_route=%2Fwp%2Fv2%2Fmedia&parent=10920"}],"wp:term":[{"taxonomy":"category","embeddable":true,"href":"https:\/\/hakimiyyet.info.az\/index.php?rest_route=%2Fwp%2Fv2%2Fcategories&post=10920"},{"taxonomy":"post_tag","embeddable":true,"href":"https:\/\/hakimiyyet.info.az\/index.php?rest_route=%2Fwp%2Fv2%2Ftags&post=10920"}],"curies":[{"name":"wp","href":"https:\/\/api.w.org\/{rel}","templated":true}]}}