{"id":10943,"date":"2020-01-05T02:33:54","date_gmt":"2020-01-04T22:33:54","guid":{"rendered":"https:\/\/www.hakimiyyet.com\/?p=10943"},"modified":"2020-01-05T02:33:54","modified_gmt":"2020-01-04T22:33:54","slug":"ruhani-amerikalilar-n%c9%99-q%c9%99d%c9%99r-boyuk-s%c9%99hv-etdikl%c9%99rini-basa-dusm%c9%99dil%c9%99r","status":"publish","type":"post","link":"https:\/\/hakimiyyet.info.az\/?p=10943","title":{"rendered":"Ruhani: &#8220;Amerikal\u0131lar n\u0259 q\u0259d\u0259r b\u00f6y\u00fck s\u0259hv etdikl\u0259rini ba\u015fa d\u00fc\u015fm\u0259dil\u0259r"},"content":{"rendered":"<p><strong>\u0130ran Prezidenti H\u0259s\u0259n Ruhani, AB\u015e-\u0131n \u0130slam \u0130nqilab\u0131 Ke\u015fik\u00e7il\u0259ri Korpusunun x\u00fcsusi t\u0259yinatl\u0131lar\u0131n\u0131n komandan\u0131 Qas\u0131m S\u00fcleymanini \u00f6ld\u00fcrm\u0259kl\u0259 a\u011f\u0131r bir cinay\u0259t t\u00f6r\u0259tdiyini bildirib.<\/strong><\/p>\n<p>Milli.Az virtualaz.org-a istinad\u0259n bildirir ki, bu bar\u0259d\u0259 R\u0130A Novosti m\u0259lumat yay\u0131b.<\/p>\n<p>\u0130ran h\u00f6kum\u0259tinin r\u0259hb\u0259ri vur\u011fulay\u0131b ki, Tehran Va\u015finqtonun \u0130slam Respublikas\u0131na qar\u015f\u0131 qanunsuzluq tarixind\u0259 \u0259n a\u011f\u0131r cinay\u0259tl\u0259rd\u0259n birini unutmayacaq.<\/p>\n<p>&#8220;Amerikal\u0131lar n\u0259 q\u0259d\u0259r b\u00f6y\u00fck s\u0259hv etdikl\u0259rini ba\u015fa d\u00fc\u015fm\u0259dil\u0259r. Onlar bu cinay\u0259tin n\u0259tic\u0259l\u0259ri il\u0259 t\u0259k bu g\u00fcn yox, sonrak\u0131 ill\u0259rd\u0259 d\u0259 \u00fczl\u0259\u015f\u0259c\u0259kl\u0259r&#8221;, &#8211; H.Ruhani vur\u011fulay\u0131b.<\/p>\n<p>Prezident h\u0259m\u00e7inin qeyd edib ki, S\u00fcleymani t\u0259kc\u0259 \u0130ran\u0131n deyil, \u0130raq, Suriya, Y\u0259m\u0259n, Livan v\u0259 \u018ffqan\u0131stan\u0131n da t\u0259hl\u00fck\u0259sizliyi t\u0259min edirdi: &#8220;General S\u00fcleymani itkisinin yerini doldurmaq asan deyil, \u00e7\u00fcnki o, yaln\u0131z bir h\u0259rbi komandir v\u0259 \u0259n \u0259h\u0259miyy\u0259tli \u0259m\u0259liyyatlar\u0131n memar\u0131 deyildi, h\u0259m d\u0259 olduqca istedadl\u0131 siyas\u0259t\u00e7i v\u0259 strateq idi&#8221;.<\/p>\n","protected":false},"excerpt":{"rendered":"<p>\u0130ran Prezidenti H\u0259s\u0259n Ruhani, AB\u015e-\u0131n \u0130slam \u0130nqilab\u0131 Ke\u015fik\u00e7il\u0259ri Korpusunun x\u00fcsusi t\u0259yinatl\u0131lar\u0131n\u0131n komandan\u0131 Qas\u0131m S\u00fcleymanini \u00f6ld\u00fcrm\u0259kl\u0259 a\u011f\u0131r bir cinay\u0259t t\u00f6r\u0259tdiyini bildirib.&hellip;<\/p>\n","protected":false},"author":2,"featured_media":0,"comment_status":"closed","ping_status":"closed","sticky":false,"template":"","format":"standard","meta":{"om_disable_all_campaigns":false,"_monsterinsights_skip_tracking":false,"_uf_show_specific_survey":0,"_uf_disable_surveys":false,"footnotes":""},"categories":[23,7,5],"tags":[],"aioseo_notices":[],"_links":{"self":[{"href":"https:\/\/hakimiyyet.info.az\/index.php?rest_route=\/wp\/v2\/posts\/10943"}],"collection":[{"href":"https:\/\/hakimiyyet.info.az\/index.php?rest_route=\/wp\/v2\/posts"}],"about":[{"href":"https:\/\/hakimiyyet.info.az\/index.php?rest_route=\/wp\/v2\/types\/post"}],"author":[{"embeddable":true,"href":"https:\/\/hakimiyyet.info.az\/index.php?rest_route=\/wp\/v2\/users\/2"}],"replies":[{"embeddable":true,"href":"https:\/\/hakimiyyet.info.az\/index.php?rest_route=%2Fwp%2Fv2%2Fcomments&post=10943"}],"version-history":[{"count":1,"href":"https:\/\/hakimiyyet.info.az\/index.php?rest_route=\/wp\/v2\/posts\/10943\/revisions"}],"predecessor-version":[{"id":10944,"href":"https:\/\/hakimiyyet.info.az\/index.php?rest_route=\/wp\/v2\/posts\/10943\/revisions\/10944"}],"wp:attachment":[{"href":"https:\/\/hakimiyyet.info.az\/index.php?rest_route=%2Fwp%2Fv2%2Fmedia&parent=10943"}],"wp:term":[{"taxonomy":"category","embeddable":true,"href":"https:\/\/hakimiyyet.info.az\/index.php?rest_route=%2Fwp%2Fv2%2Fcategories&post=10943"},{"taxonomy":"post_tag","embeddable":true,"href":"https:\/\/hakimiyyet.info.az\/index.php?rest_route=%2Fwp%2Fv2%2Ftags&post=10943"}],"curies":[{"name":"wp","href":"https:\/\/api.w.org\/{rel}","templated":true}]}}