{"id":10973,"date":"2020-01-05T12:00:26","date_gmt":"2020-01-05T08:00:26","guid":{"rendered":"http:\/\/hakimiyyet.info.az\/?p=10973"},"modified":"2020-01-05T17:07:52","modified_gmt":"2020-01-05T13:07:52","slug":"sepah-t%c9%99hdid-etdi-suleymaninin-oldurulm%c9%99sin%c9%99-cavabimiz-abs-in-yaxin-s%c9%99rqd%c9%99ki-varligina-son-qoyacaq","status":"publish","type":"post","link":"https:\/\/hakimiyyet.info.az\/?p=10973","title":{"rendered":"H\u00fcseyn Salami:  &#8220;AB\u015e-\u0131n Yax\u0131n \u015e\u0259rqd\u0259ki varl\u0131\u011f\u0131na son qoyaca\u011f\u0131q\u201d"},"content":{"rendered":"<p>Tehran\u0131n general Qas\u0131m S\u00fcleymaninin \u00f6ld\u00fcr\u00fclm\u0259sin\u0259 ver\u0259c\u0259yi cavab AB\u015e-\u0131n Yax\u0131n \u015e\u0259rqd\u0259ki varl\u0131\u011f\u0131na\u00a0son qoyacaq.<\/p>\n<p>\u201cFars\u201d agentliyinin m\u0259lumat\u0131na g\u00f6r\u0259, bu s\u00f6zl\u0259ri \u0130ran \u0130slam \u0130nqilab\u0131 Ke\u015fik\u00e7il\u0259ri Korpusunun (SEPAH) komandan\u0131 H\u00fcseyn Salami deyib.<\/p>\n<p>\u201cGeneral Qas\u0131m S\u00fcleymaninin \u015f\u0259had\u0259tinin arxas\u0131nca strateji qisas g\u0259l\u0259c\u0259k v\u0259 \u015f\u00fcbh\u0259siz ki, bu, regionda AB\u015e-\u0131n varl\u0131\u011f\u0131na son qoyacaq\u201d, &#8211; Salami bildirib.<\/p>\n","protected":false},"excerpt":{"rendered":"<p>Tehran\u0131n general Qas\u0131m S\u00fcleymaninin \u00f6ld\u00fcr\u00fclm\u0259sin\u0259 ver\u0259c\u0259yi cavab AB\u015e-\u0131n Yax\u0131n \u015e\u0259rqd\u0259ki varl\u0131\u011f\u0131na\u00a0son qoyacaq. \u201cFars\u201d agentliyinin m\u0259lumat\u0131na g\u00f6r\u0259, bu s\u00f6zl\u0259ri \u0130ran \u0130slam&hellip;<\/p>\n","protected":false},"author":1,"featured_media":0,"comment_status":"closed","ping_status":"closed","sticky":false,"template":"","format":"standard","meta":{"om_disable_all_campaigns":false,"_monsterinsights_skip_tracking":false,"_uf_show_specific_survey":0,"_uf_disable_surveys":false,"footnotes":""},"categories":[5],"tags":[],"aioseo_notices":[],"_links":{"self":[{"href":"https:\/\/hakimiyyet.info.az\/index.php?rest_route=\/wp\/v2\/posts\/10973"}],"collection":[{"href":"https:\/\/hakimiyyet.info.az\/index.php?rest_route=\/wp\/v2\/posts"}],"about":[{"href":"https:\/\/hakimiyyet.info.az\/index.php?rest_route=\/wp\/v2\/types\/post"}],"author":[{"embeddable":true,"href":"https:\/\/hakimiyyet.info.az\/index.php?rest_route=\/wp\/v2\/users\/1"}],"replies":[{"embeddable":true,"href":"https:\/\/hakimiyyet.info.az\/index.php?rest_route=%2Fwp%2Fv2%2Fcomments&post=10973"}],"version-history":[{"count":3,"href":"https:\/\/hakimiyyet.info.az\/index.php?rest_route=\/wp\/v2\/posts\/10973\/revisions"}],"predecessor-version":[{"id":10984,"href":"https:\/\/hakimiyyet.info.az\/index.php?rest_route=\/wp\/v2\/posts\/10973\/revisions\/10984"}],"wp:attachment":[{"href":"https:\/\/hakimiyyet.info.az\/index.php?rest_route=%2Fwp%2Fv2%2Fmedia&parent=10973"}],"wp:term":[{"taxonomy":"category","embeddable":true,"href":"https:\/\/hakimiyyet.info.az\/index.php?rest_route=%2Fwp%2Fv2%2Fcategories&post=10973"},{"taxonomy":"post_tag","embeddable":true,"href":"https:\/\/hakimiyyet.info.az\/index.php?rest_route=%2Fwp%2Fv2%2Ftags&post=10973"}],"curies":[{"name":"wp","href":"https:\/\/api.w.org\/{rel}","templated":true}]}}