{"id":10985,"date":"2020-01-05T17:22:36","date_gmt":"2020-01-05T13:22:36","guid":{"rendered":"https:\/\/www.hakimiyyet.com\/?p=10985"},"modified":"2020-01-05T17:22:36","modified_gmt":"2020-01-05T13:22:36","slug":"turkiy%c9%99-mudafi%c9%99-nazirliyi-sariqamis-s%c9%99hidl%c9%99rinin-xatir%c9%99sin%c9%99-h%c9%99sr-edilmis-videocarx-yayib","status":"publish","type":"post","link":"https:\/\/hakimiyyet.info.az\/?p=10985","title":{"rendered":"T\u00fcrkiy\u0259 M\u00fcdafi\u0259 Nazirliyi Sar\u0131qam\u0131\u015f \u015f\u0259hidl\u0259rinin xatir\u0259sin\u0259 h\u0259sr edilmi\u015f video\u00e7arx yay\u0131b"},"content":{"rendered":"<p>T\u00fcrkiy\u0259 M\u00fcdafi\u0259 Nazirliyi Sar\u0131qam\u0131\u015f h\u0259r\u0259kat\u0131n\u0131n 105-ci ild\u00f6n\u00fcm\u00fc il\u0259 \u0259laq\u0259dar verio\u00e7arx haz\u0131rlay\u0131b.<\/p>\n<p>\u201cZaman\u0131 donduraraq tarix yazanlar\u0131n xatir\u0259sin\u0259\u201d ithaf olunan \u201cSar\u0131qam\u0131\u015f\u201d adl\u0131 ekran \u0259s\u0259ri Nazirliyin r\u0259smi internet s\u0259hif\u0259sind\u0259 yay\u0131l\u0131b.<\/p>\n<p>Video\u00e7arxda Birinci D\u00fcnya m\u00fcharib\u0259si zaman\u0131 Osmanl\u0131 ordusuna aid, el\u0259c\u0259 d\u0259 T\u00fcrkiy\u0259 Silahl\u0131 Q\u00fcvv\u0259l\u0259rinin qo\u015fun birl\u0259\u015fm\u0259l\u0259rinin m\u00fcasir g\u00f6r\u00fcnt\u00fcl\u0259rini \u0259ks etdir\u0259n kadrlar yer al\u0131b.<\/p>\n<p>Qeyd ed\u0259k ki, 1914-c\u00fc il dekabr\u0131n 22-d\u0259n 1915-ci il yanvar\u0131n 15-d\u0259k davam ed\u0259n Sar\u0131qam\u0131\u015f h\u0259r\u0259kat\u0131 havalar\u0131n qarl\u0131 v\u0259 k\u0259skin \u015faxtal\u0131 ke\u00e7m\u0259si s\u0259b\u0259bind\u0259n b\u00f6y\u00fck faci\u0259y\u0259 s\u0259b\u0259b olub. Osmanl\u0131 d\u00f6vl\u0259tin\u0259 v\u0259 t\u00fcrk xalq\u0131na sars\u0131d\u0131c\u0131 z\u0259rb\u0259 olan bu faci\u0259nin ac\u0131s\u0131 xatir\u0259l\u0259rd\u0259n silinm\u0259y\u0259c\u0259k. T\u00fcrkiy\u0259 xalq\u0131 \u015f\u0259hidl\u0259rinin xatir\u0259sini h\u0259r zaman ehtiramla yad edir.<\/p>\n<p>H\u0259r il oldu\u011fu kimi, bu il d\u0259 T\u00fcrkiy\u0259nin Qars vilay\u0259tinin Sar\u0131qam\u0131\u015f b\u00f6lg\u0259sind\u0259 \u015f\u0259hidl\u0259ri anma y\u00fcr\u00fc\u015f\u00fc ke\u00e7irilib. Doqquz d\u0259r\u0259c\u0259 soyuqda Qars vilay\u0259tinin Sar\u0131qam\u0131\u015f rayonu \u0259razisind\u0259 yerl\u0259\u015f\u0259n So\u011fanl\u0131 v\u0259 Allahu-\u018fkb\u0259r da\u011flar\u0131 aras\u0131ndak\u0131 K\u0131z\u0131l\u00e7ubuk zirv\u0259sin\u0259 y\u00fcr\u00fc\u015f ed\u0259n insanlar \u015f\u0259hidl\u0259rin xatir\u0259sin\u0259 ehtiram g\u00f6st\u0259ribl\u0259r.<\/p>\n<p>Sar\u0131qam\u0131\u015f \u015f\u0259hidl\u0259rinin xatir\u0259sin\u0259 ehtiram olaraq \u00f6lk\u0259 \u0259razisind\u0259 \u00e7oxsayl\u0131 anma m\u0259rasiml\u0259ri t\u0259\u015fkil edilib.<\/p>\n<p><em><strong>Sabir \u015eahtaxt\u0131<\/strong><\/em><\/p>\n<p><em><strong><a class=\"azertac-link\" href=\"https:\/\/azertag.az\/\" target=\"_blank\" rel=\"noopener noreferrer\">AZ\u018fRTAC<\/a>-\u0131n x\u00fcsusi m\u00fcxbiri<\/strong><\/em><\/p>\n<p><em><strong>Ankara<\/strong><\/em><\/p>\n","protected":false},"excerpt":{"rendered":"<p>T\u00fcrkiy\u0259 M\u00fcdafi\u0259 Nazirliyi Sar\u0131qam\u0131\u015f h\u0259r\u0259kat\u0131n\u0131n 105-ci ild\u00f6n\u00fcm\u00fc il\u0259 \u0259laq\u0259dar verio\u00e7arx haz\u0131rlay\u0131b. \u201cZaman\u0131 donduraraq tarix yazanlar\u0131n xatir\u0259sin\u0259\u201d ithaf olunan \u201cSar\u0131qam\u0131\u015f\u201d adl\u0131&hellip;<\/p>\n","protected":false},"author":2,"featured_media":0,"comment_status":"closed","ping_status":"closed","sticky":false,"template":"","format":"standard","meta":{"om_disable_all_campaigns":false,"_monsterinsights_skip_tracking":false,"_uf_show_specific_survey":0,"_uf_disable_surveys":false,"footnotes":""},"categories":[7,5],"tags":[],"aioseo_notices":[],"_links":{"self":[{"href":"https:\/\/hakimiyyet.info.az\/index.php?rest_route=\/wp\/v2\/posts\/10985"}],"collection":[{"href":"https:\/\/hakimiyyet.info.az\/index.php?rest_route=\/wp\/v2\/posts"}],"about":[{"href":"https:\/\/hakimiyyet.info.az\/index.php?rest_route=\/wp\/v2\/types\/post"}],"author":[{"embeddable":true,"href":"https:\/\/hakimiyyet.info.az\/index.php?rest_route=\/wp\/v2\/users\/2"}],"replies":[{"embeddable":true,"href":"https:\/\/hakimiyyet.info.az\/index.php?rest_route=%2Fwp%2Fv2%2Fcomments&post=10985"}],"version-history":[{"count":1,"href":"https:\/\/hakimiyyet.info.az\/index.php?rest_route=\/wp\/v2\/posts\/10985\/revisions"}],"predecessor-version":[{"id":10986,"href":"https:\/\/hakimiyyet.info.az\/index.php?rest_route=\/wp\/v2\/posts\/10985\/revisions\/10986"}],"wp:attachment":[{"href":"https:\/\/hakimiyyet.info.az\/index.php?rest_route=%2Fwp%2Fv2%2Fmedia&parent=10985"}],"wp:term":[{"taxonomy":"category","embeddable":true,"href":"https:\/\/hakimiyyet.info.az\/index.php?rest_route=%2Fwp%2Fv2%2Fcategories&post=10985"},{"taxonomy":"post_tag","embeddable":true,"href":"https:\/\/hakimiyyet.info.az\/index.php?rest_route=%2Fwp%2Fv2%2Ftags&post=10985"}],"curies":[{"name":"wp","href":"https:\/\/api.w.org\/{rel}","templated":true}]}}