{"id":10991,"date":"2020-01-05T17:45:58","date_gmt":"2020-01-05T13:45:58","guid":{"rendered":"https:\/\/www.hakimiyyet.com\/?p=10991"},"modified":"2020-01-05T17:45:58","modified_gmt":"2020-01-05T13:45:58","slug":"samaxidaki-n-sayli-h%c9%99rbi-hiss%c9%99d%c9%99-bayram-konserti-kecirilib","status":"publish","type":"post","link":"https:\/\/hakimiyyet.info.az\/?p=10991","title":{"rendered":"\u015eamax\u0131dak\u0131 \u201cN\u201d sayl\u0131 h\u0259rbi hiss\u0259d\u0259 bayram konserti ke\u00e7irilib"},"content":{"rendered":"<p>\u015eamax\u0131dak\u0131 \u201cN\u201d sayl\u0131 h\u0259rbi hiss\u0259d\u0259 \u0259sg\u0259r v\u0259 zabitl\u0259r \u00fc\u00e7\u00fcn bayram konserti ke\u00e7irilib.<\/p>\n<p><a class=\"azertac-link\" href=\"https:\/\/azertag.az\/\" target=\"_blank\" rel=\"noopener noreferrer\">AZ\u018fRTAC<\/a>-\u0131n b\u00f6lg\u0259 m\u00fcxbiri x\u0259b\u0259r verir ki, \u0130smay\u0131ll\u0131 Regional M\u0259d\u0259niyy\u0259t \u0130dar\u0259sinin \u015eamax\u0131 rayonu \u00fczr\u0259 n\u00fcmay\u0259nd\u0259si R\u0259fail Ta\u011f\u0131zad\u0259 \u0259sg\u0259r v\u0259 zabitl\u0259r qar\u015f\u0131s\u0131nda \u00e7\u0131x\u0131\u015f ed\u0259r\u0259k Az\u0259rbaycanda sosial-iqtisadi sah\u0259d\u0259, o c\u00fcml\u0259d\u0259n ordu quruculu\u011funda qazan\u0131lan b\u00f6y\u00fck u\u011furlardan dan\u0131\u015f\u0131b.<\/p>\n<p>Vur\u011fulan\u0131b ki, Az\u0259rbaycan Ordusu haz\u0131rda regionun \u0259n g\u00fccl\u00fc ordusudur. Ordumuzun qar\u015f\u0131s\u0131nda duran \u0259n vacib v\u0259zif\u0259 i\u015f\u011fal alt\u0131ndak\u0131 torpaqlar\u0131m\u0131z\u0131n azad edilm\u0259si, respublikam\u0131z\u0131n \u0259razi b\u00fct\u00f6vl\u00fcy\u00fcn\u00fcn t\u0259min olunmas\u0131d\u0131r. Silahl\u0131 q\u00fcvv\u0259l\u0259rimiz bu v\u0259zif\u0259ni yerin\u0259 yetirm\u0259y\u0259 haz\u0131rd\u0131r v\u0259 buna qadirdir.<\/p>\n<p>Sonra s\u00f6z musiqiy\u0259 verilib. Respublikan\u0131n \u018fm\u0259kdar m\u0259d\u0259niyy\u0259t i\u015f\u00e7isi Rasim \u018fl\u0259sg\u0259rovun r\u0259hb\u0259rlik etdiyi \u201c\u015eirvan\u201d folklor xalq kollektivinin, a\u015f\u0131q Rza M\u0259mm\u0259dovun, a\u015f\u0131q \u0130xtiyar Qocayevin, saz ifa\u00e7\u0131s\u0131 Elm\u0259ddin Qocayevin, m\u00fc\u011f\u0259nni Elim \u00d6m\u0259rovun v\u0259 dig\u0259r s\u0259n\u0259t\u00e7il\u0259rin \u00e7\u0131x\u0131\u015flar\u0131 b\u00f6y\u00fck maraqla qar\u015f\u0131lan\u0131b.<\/p>\n","protected":false},"excerpt":{"rendered":"<p>\u015eamax\u0131dak\u0131 \u201cN\u201d sayl\u0131 h\u0259rbi hiss\u0259d\u0259 \u0259sg\u0259r v\u0259 zabitl\u0259r \u00fc\u00e7\u00fcn bayram konserti ke\u00e7irilib. AZ\u018fRTAC-\u0131n b\u00f6lg\u0259 m\u00fcxbiri x\u0259b\u0259r verir ki, \u0130smay\u0131ll\u0131 Regional&hellip;<\/p>\n","protected":false},"author":2,"featured_media":0,"comment_status":"closed","ping_status":"closed","sticky":false,"template":"","format":"standard","meta":{"om_disable_all_campaigns":false,"_monsterinsights_skip_tracking":false,"_uf_show_specific_survey":0,"_uf_disable_surveys":false,"footnotes":""},"categories":[12,2,5],"tags":[],"aioseo_notices":[],"_links":{"self":[{"href":"https:\/\/hakimiyyet.info.az\/index.php?rest_route=\/wp\/v2\/posts\/10991"}],"collection":[{"href":"https:\/\/hakimiyyet.info.az\/index.php?rest_route=\/wp\/v2\/posts"}],"about":[{"href":"https:\/\/hakimiyyet.info.az\/index.php?rest_route=\/wp\/v2\/types\/post"}],"author":[{"embeddable":true,"href":"https:\/\/hakimiyyet.info.az\/index.php?rest_route=\/wp\/v2\/users\/2"}],"replies":[{"embeddable":true,"href":"https:\/\/hakimiyyet.info.az\/index.php?rest_route=%2Fwp%2Fv2%2Fcomments&post=10991"}],"version-history":[{"count":1,"href":"https:\/\/hakimiyyet.info.az\/index.php?rest_route=\/wp\/v2\/posts\/10991\/revisions"}],"predecessor-version":[{"id":10992,"href":"https:\/\/hakimiyyet.info.az\/index.php?rest_route=\/wp\/v2\/posts\/10991\/revisions\/10992"}],"wp:attachment":[{"href":"https:\/\/hakimiyyet.info.az\/index.php?rest_route=%2Fwp%2Fv2%2Fmedia&parent=10991"}],"wp:term":[{"taxonomy":"category","embeddable":true,"href":"https:\/\/hakimiyyet.info.az\/index.php?rest_route=%2Fwp%2Fv2%2Fcategories&post=10991"},{"taxonomy":"post_tag","embeddable":true,"href":"https:\/\/hakimiyyet.info.az\/index.php?rest_route=%2Fwp%2Fv2%2Ftags&post=10991"}],"curies":[{"name":"wp","href":"https:\/\/api.w.org\/{rel}","templated":true}]}}