{"id":10993,"date":"2020-01-05T19:53:30","date_gmt":"2020-01-05T15:53:30","guid":{"rendered":"https:\/\/www.hakimiyyet.com\/?p=10993"},"modified":"2020-01-05T19:53:30","modified_gmt":"2020-01-05T15:53:30","slug":"tramp-%c9%99vv%c9%99lc%c9%99-generalin-olumun%c9%99-icaz%c9%99-verm%c9%99yibmis","status":"publish","type":"post","link":"https:\/\/hakimiyyet.info.az\/?p=10993","title":{"rendered":"Tramp \u0259vv\u0259lc\u0259 general\u0131n \u00f6l\u00fcm\u00fcn\u0259 icaz\u0259 verm\u0259yibmi\u015f"},"content":{"rendered":"<p>AB\u015e Prezidenti Donald Tramp Pentaqonun v\u0259 AB\u015e k\u0259\u015ffiyyat\u0131n\u0131n son m\u0259lumatlar\u0131na zidd ged\u0259r\u0259k \u0130ran \u0130slam \u0130nqilab\u0131 Ke\u015fik\u00e7il\u0259ri Korpusunun general\u0131 Qas\u0131m S\u00fcleymaninin z\u0259r\u0259rsizl\u0259\u015fdirilm\u0259si \u0259mrini verib.<\/p>\n<p>&#8220;The New York Times&#8221; bu bar\u0259d\u0259 Donald Tramp administrasiyas\u0131ndak\u0131 m\u0259nb\u0259l\u0259r\u0259 istinad\u0259n informasiya yay\u0131b.<\/p>\n<p>M\u0259lumata g\u00f6r\u0259, h\u0259l\u0259 dekabr\u0131n 28-d\u0259 AB\u015e prezidenti S\u00fcleymaninin birba\u015fa m\u0259hv edilm\u0259sind\u0259n imtina edib, \u0259v\u0259zind\u0259 is\u0259 dekabr\u0131n 30-da \u0130raq\u0131n Suriya s\u0259rh\u0259di yax\u0131nl\u0131\u011f\u0131ndak\u0131 \u018fl-Qaim \u015f\u0259h\u0259rind\u0259ki \u015fi\u0259 qrupu &#8220;Kataib Hizbullah&#8221;\u0131n d\u00fc\u015f\u0259rg\u0259sin\u0259 h\u00fccum \u0259mri verib.<\/p>\n<p>Bu q\u0259rar n\u0259tic\u0259sind\u0259 25 n\u0259f\u0259r h\u0259lak olub, 50 n\u0259f\u0259r is\u0259 yaralan\u0131b. S\u00f6z\u00fcged\u0259n hadis\u0259 AB\u015e-\u0131n Ba\u011fdaddak\u0131 s\u0259firliyi yax\u0131nl\u0131\u011f\u0131nda etiraz aksiyalar\u0131na s\u0259b\u0259b olub.<\/p>\n<p>&nbsp;<\/p>\n<div id=\"vast_player_wrapper_64101578239451592\">\n<div id=\"vast_player_64101578239451592\"><center><\/p>\n<div>N\u0259\u015fr qeyd edir ki, dekabr\u0131n 30-da k\u0259\u015ffiyyat m\u0259lumatlar\u0131 Yax\u0131n \u015e\u0259rqd\u0259 ciddi he\u00e7 bir \u015feyin ba\u015f verm\u0259diyini g\u00f6st\u0259rib. K\u0259\u015ffiyyat h\u0259m\u00e7inin, bel\u0259 q\u0259na\u0259t\u0259 g\u0259lib ki, AB\u015e s\u0259firliyi yax\u0131nl\u0131\u011f\u0131nda ba\u015f ver\u0259n etirazlar g\u00f6zl\u0259nil\u0259n olub. Bel\u0259 bir m\u0259qamda Tramp\u0131n S\u00fcleymaninin m\u0259hv edilm\u0259si \u0259mrini verm\u0259si Pentaqon n\u00fcmay\u0259nd\u0259l\u0259ri \u00fc\u00e7\u00fcn d\u0259 g\u00f6zl\u0259nilm\u0259z olub.<\/div>\n<p><\/center><\/div>\n<\/div>\n","protected":false},"excerpt":{"rendered":"<p>AB\u015e Prezidenti Donald Tramp Pentaqonun v\u0259 AB\u015e k\u0259\u015ffiyyat\u0131n\u0131n son m\u0259lumatlar\u0131na zidd ged\u0259r\u0259k \u0130ran \u0130slam \u0130nqilab\u0131 Ke\u015fik\u00e7il\u0259ri Korpusunun general\u0131 Qas\u0131m S\u00fcleymaninin&hellip;<\/p>\n","protected":false},"author":2,"featured_media":0,"comment_status":"closed","ping_status":"closed","sticky":false,"template":"","format":"standard","meta":{"om_disable_all_campaigns":false,"_monsterinsights_skip_tracking":false,"_uf_show_specific_survey":0,"_uf_disable_surveys":false,"footnotes":""},"categories":[23,7,5],"tags":[],"aioseo_notices":[],"_links":{"self":[{"href":"https:\/\/hakimiyyet.info.az\/index.php?rest_route=\/wp\/v2\/posts\/10993"}],"collection":[{"href":"https:\/\/hakimiyyet.info.az\/index.php?rest_route=\/wp\/v2\/posts"}],"about":[{"href":"https:\/\/hakimiyyet.info.az\/index.php?rest_route=\/wp\/v2\/types\/post"}],"author":[{"embeddable":true,"href":"https:\/\/hakimiyyet.info.az\/index.php?rest_route=\/wp\/v2\/users\/2"}],"replies":[{"embeddable":true,"href":"https:\/\/hakimiyyet.info.az\/index.php?rest_route=%2Fwp%2Fv2%2Fcomments&post=10993"}],"version-history":[{"count":1,"href":"https:\/\/hakimiyyet.info.az\/index.php?rest_route=\/wp\/v2\/posts\/10993\/revisions"}],"predecessor-version":[{"id":10994,"href":"https:\/\/hakimiyyet.info.az\/index.php?rest_route=\/wp\/v2\/posts\/10993\/revisions\/10994"}],"wp:attachment":[{"href":"https:\/\/hakimiyyet.info.az\/index.php?rest_route=%2Fwp%2Fv2%2Fmedia&parent=10993"}],"wp:term":[{"taxonomy":"category","embeddable":true,"href":"https:\/\/hakimiyyet.info.az\/index.php?rest_route=%2Fwp%2Fv2%2Fcategories&post=10993"},{"taxonomy":"post_tag","embeddable":true,"href":"https:\/\/hakimiyyet.info.az\/index.php?rest_route=%2Fwp%2Fv2%2Ftags&post=10993"}],"curies":[{"name":"wp","href":"https:\/\/api.w.org\/{rel}","templated":true}]}}