{"id":11003,"date":"2020-01-05T20:20:58","date_gmt":"2020-01-05T16:20:58","guid":{"rendered":"https:\/\/www.hakimiyyet.com\/?p=11003"},"modified":"2020-01-05T20:24:00","modified_gmt":"2020-01-05T16:24:00","slug":"iran-abs-nin-h%c9%99rbi-obyektl%c9%99rin%c9%99-z%c9%99rb%c9%99-endirm%c9%99y%c9%99-hazirlasir","status":"publish","type":"post","link":"https:\/\/hakimiyyet.info.az\/?p=11003","title":{"rendered":"Iran AB\u015e-n\u0131n h\u0259rbi obyektl\u0259rin\u0259 z\u0259rb\u0259 endirm\u0259y\u0259 haz\u0131rla\u015f\u0131r"},"content":{"rendered":"<p>\u0130ran \u0130nqilab Ke\u015fik\u00e7il\u0259ri Qvardiyas\u0131n\u0131n (\u201cSepah\u201d) \u201cQ\u00fcds\u201d qanad\u0131n\u0131n komandan\u0131, general Qas\u0131m S\u00fcleymaninin \u00f6ld\u00fcr\u00fclm\u0259sin\u0259 cavab olaraq AB\u015e-\u0131n h\u0259rbi obyektl\u0259rin\u0259 z\u0259rb\u0259 haz\u0131rlay\u0131r.<\/p>\n<p>Bel\u0259 b\u0259yanatla \u0130ran\u0131n ali dini r\u0259hb\u0259ri Ay\u0259tullah \u018fli Xameneyinin h\u0259rbi m\u00fc\u015faviri H\u00fcseyn Dehqan CNN televiziyas\u0131na m\u00fcsahib\u0259sind\u0259 bildirib.<\/p>\n<p><strong>\u201cM\u00fcharib\u0259ni Amerika ba\u015flad\u0131. Buna g\u00f6r\u0259 onlar h\u0259r\u0259k\u0259tl\u0259rin\u0259 m\u0259qs\u0259d\u0259uy\u011fun reaksiyaya haz\u0131r olmal\u0131d\u0131r. Bu m\u00fcharib\u0259 d\u00f6vr\u00fcn\u0259 son qoyacaq yegan\u0259 \u015fey amerikal\u0131lar\u0131n vurduqlar\u0131 z\u0259rb\u0259y\u0259 b\u0259rab\u0259r z\u0259rb\u0259 almalar\u0131d\u0131r\u201d,<\/strong>\u00a0\u2013 dey\u0259 H\u00fcseyn Dehqan bildirib.<\/p>\n<p>H\u0259rbi m\u00fc\u015favir vur\u011fulay\u0131b ki, cavab \u015f\u00fcbh\u0259siz ki, h\u0259rbi olacaq v\u0259 h\u0259rbi obyektl\u0259r\u0259 qar\u015f\u0131 y\u00f6n\u0259ldil\u0259c\u0259k.<\/p>\n<p>O, h\u0259m\u00e7inin \u0259lav\u0259 edib ki, \u0130ran r\u0259hb\u0259rliyi he\u00e7 vaxt m\u00fcharib\u0259y\u0259 c\u0259hd etm\u0259yib v\u0259 c\u0259hd etm\u0259y\u0259c\u0259kd\u0259.<\/p>\n","protected":false},"excerpt":{"rendered":"<p>\u0130ran \u0130nqilab Ke\u015fik\u00e7il\u0259ri Qvardiyas\u0131n\u0131n (\u201cSepah\u201d) \u201cQ\u00fcds\u201d qanad\u0131n\u0131n komandan\u0131, general Qas\u0131m S\u00fcleymaninin \u00f6ld\u00fcr\u00fclm\u0259sin\u0259 cavab olaraq AB\u015e-\u0131n h\u0259rbi obyektl\u0259rin\u0259 z\u0259rb\u0259 haz\u0131rlay\u0131r. Bel\u0259&hellip;<\/p>\n","protected":false},"author":2,"featured_media":0,"comment_status":"closed","ping_status":"closed","sticky":false,"template":"","format":"standard","meta":{"om_disable_all_campaigns":false,"_monsterinsights_skip_tracking":false,"_uf_show_specific_survey":0,"_uf_disable_surveys":false,"footnotes":""},"categories":[23,7,5],"tags":[],"aioseo_notices":[],"_links":{"self":[{"href":"https:\/\/hakimiyyet.info.az\/index.php?rest_route=\/wp\/v2\/posts\/11003"}],"collection":[{"href":"https:\/\/hakimiyyet.info.az\/index.php?rest_route=\/wp\/v2\/posts"}],"about":[{"href":"https:\/\/hakimiyyet.info.az\/index.php?rest_route=\/wp\/v2\/types\/post"}],"author":[{"embeddable":true,"href":"https:\/\/hakimiyyet.info.az\/index.php?rest_route=\/wp\/v2\/users\/2"}],"replies":[{"embeddable":true,"href":"https:\/\/hakimiyyet.info.az\/index.php?rest_route=%2Fwp%2Fv2%2Fcomments&post=11003"}],"version-history":[{"count":3,"href":"https:\/\/hakimiyyet.info.az\/index.php?rest_route=\/wp\/v2\/posts\/11003\/revisions"}],"predecessor-version":[{"id":11006,"href":"https:\/\/hakimiyyet.info.az\/index.php?rest_route=\/wp\/v2\/posts\/11003\/revisions\/11006"}],"wp:attachment":[{"href":"https:\/\/hakimiyyet.info.az\/index.php?rest_route=%2Fwp%2Fv2%2Fmedia&parent=11003"}],"wp:term":[{"taxonomy":"category","embeddable":true,"href":"https:\/\/hakimiyyet.info.az\/index.php?rest_route=%2Fwp%2Fv2%2Fcategories&post=11003"},{"taxonomy":"post_tag","embeddable":true,"href":"https:\/\/hakimiyyet.info.az\/index.php?rest_route=%2Fwp%2Fv2%2Ftags&post=11003"}],"curies":[{"name":"wp","href":"https:\/\/api.w.org\/{rel}","templated":true}]}}