{"id":11121,"date":"2020-01-08T09:40:05","date_gmt":"2020-01-08T05:40:05","guid":{"rendered":"http:\/\/hakimiyyet.info.az\/?p=11121"},"modified":"2020-01-08T09:40:05","modified_gmt":"2020-01-08T05:40:05","slug":"abs-la-iran-savasin-bir-addimliginda","status":"publish","type":"post","link":"https:\/\/hakimiyyet.info.az\/?p=11121","title":{"rendered":"AB\u015e-la \u0130ran sava\u015f\u0131n bir add\u0131ml\u0131\u011f\u0131nda"},"content":{"rendered":"<p style=\"font-weight: 400;\"><span style=\"font-style: inherit; font-weight: inherit;\">Yanvar\u0131n 3-n\u0259 ke\u00e7\u0259n gec\u0259 Yax\u0131n \u015e\u0259rqd\u0259, el\u0259c\u0259 d\u0259 Az\u0259rbaycan\u0131n qon\u015fulu\u011funda regional d\u00fcz\u0259n\u0259 ciddi t\u0259qsir ed\u0259 bil\u0259c\u0259k ciddi hadis\u0259 ba\u015f verib.<\/span><\/p>\n<p style=\"font-weight: 400;\"><span style=\"font-style: inherit; font-weight: inherit;\">AB\u015e pilotsuz u\u00e7u\u015f aparatlar\u0131n\u0131n \u0130raq\u0131n paytaxt\u0131 Ba\u011fdadda d\u0259qiq raket z\u0259rb\u0259l\u0259ri il\u0259 \u0130ran \u0130slam \u0130nqilab Ke\u015fik\u00e7il\u0259ri Korpusunun (SEPAH) x\u00fcsusi t\u0259yinatl\u0131 \u201c\u018fl-Q\u00fcds\u201d briqadas\u0131n\u0131n komandiri, m\u0259\u015fhur general Qas\u0131m S\u00fcleymani \u00f6ld\u00fcr\u00fcl\u00fcb. M\u0259lumatda bildirilir ki, \u0259m\u0259liyyat Ba\u011fdad aeroportu rayonunda AB\u015e-\u0131n x\u00fcsusi \u0259m\u0259liyyatlar \u00fczr\u0259 Birl\u0259\u015fmi\u015f Komandanl\u0131\u011f\u0131 &#8211; USSOCOM t\u0259r\u0259find\u0259n, Prezident Tramp\u0131n g\u00f6st\u0259ri\u015fi il\u0259 h\u0259yata ke\u00e7irilib. General S\u00fcleymaninin d\u0259 oldu\u011fu avtomobil karvan\u0131na raket z\u0259rb\u0259l\u0259ri endirilib. N\u0259tic\u0259d\u0259 Qas\u0131m S\u00fcleymani il\u0259 yana\u015f\u0131 daha d\u00f6rd n\u0259f\u0259r, o c\u00fcml\u0259d\u0259n \u0130raqdak\u0131 &#8220;H\u0259\u015fdi \u015eabi&#8221; \u015fi\u0259 qrupla\u015fmas\u0131n\u0131n liderl\u0259rind\u0259n \u018fbu Mehdi \u0259l-M\u00fch\u0259ndis d\u0259 h\u0259lak olub.<\/span><\/p>\n<p style=\"font-weight: 400;\"><span style=\"font-style: inherit; font-weight: inherit;\">\u0130raqda general S\u00fcleymaninin \u00f6ld\u00fcr\u00fclm\u0259si il\u0259 n\u0259tic\u0259l\u0259n\u0259n x\u00fcsusi \u0259m\u0259liyyat\u0131n ke\u00e7irildiyini Pentaqon t\u0259sdiql\u0259yib. AB\u015e M\u00fcdafi\u0259 Nazirliyind\u0259n bildiribl\u0259r ki, h\u0259rb\u00e7il\u0259r \u201cPrezidentin g\u00f6st\u0259ri\u015fi \u0259sas\u0131nda q\u0259tiyy\u0259tli \u00f6z\u00fcn\u00fcm\u00fcdafi\u0259 \u0259m\u0259liyyat\u0131\u201d h\u0259yata ke\u00e7iribl\u0259r. Pentaqonun m\u0259lumat\u0131nda deyilir ki, S\u00fcleymani \u0130raqdak\u0131 AB\u015e diplomatlar\u0131na v\u0259 h\u0259rb\u00e7il\u0259rin\u0259 qar\u015f\u0131 h\u00fccumlar t\u0259\u015fkil edib, \u00fcmumiyy\u0259tl\u0259 b\u00fct\u00fcn Yax\u0131n \u015e\u0259rq regionunda Birl\u0259\u015fmi\u015f \u015etatlar\u0131n maraqlar\u0131n\u0131 h\u0259d\u0259f alan h\u00fccumlar\u0131n ba\u015f\u0131nda durub. \u201cBu z\u0259rb\u0259 \u0130ran\u0131 g\u0259l\u0259c\u0259k h\u00fccumlardan \u00e7\u0259kindirm\u0259k m\u0259qs\u0259di da\u015f\u0131y\u0131r. Birl\u0259\u015fmi\u015f \u015etatlar bundan sonra da \u00f6z v\u0259t\u0259nda\u015flar\u0131n\u0131 v\u0259 maraqlar\u0131n\u0131 d\u00fcnyan\u0131n ist\u0259nil\u0259n n\u00f6qt\u0259sind\u0259 qorumaq \u00fc\u00e7\u00fcn b\u00fct\u00fcn z\u0259ruri add\u0131mlar\u0131 atacaq\u201d, &#8211; dey\u0259 Pentaqonun m\u0259lumat\u0131nda deyilir.<\/span><\/p>\n<p style=\"font-weight: 400;\"><span style=\"font-style: inherit; font-weight: inherit;\">Qeyd ed\u0259k ki, 2018-ci ild\u0259 r\u0259smi Va\u015finqton SEPAH-\u0131 terror t\u0259\u015fkilat\u0131 kimi tan\u0131m\u0131\u015fd\u0131, bu bax\u0131mdan da Qas\u0131m S\u00fcleymaninin \u00f6ld\u00fcr\u00fcl\u0259c\u0259yi ehtimal\u0131 m\u00f6vcud idi.\u00a0<\/span><\/p>\n<p style=\"font-weight: 400;\"><span style=\"font-style: inherit; font-weight: inherit;\">Tehran da general S\u00fcleymaninin \u00f6ld\u00fcr\u00fcld\u00fcy\u00fcn\u00fc t\u0259sdiq edib. Xarici i\u015fl\u0259r naziri M\u0259h\u0259mm\u0259d Cavad Z\u0259rif general Qas\u0131m S\u00fcleymaninin \u00f6ld\u00fcr\u00fclm\u0259sini \u201cbeyn\u0259lxalq terror akt\u0131 adland\u0131r\u0131b. Onun s\u00f6zl\u0259rin\u0259 g\u00f6r\u0259, AB\u015e-\u0131n h\u0259r\u0259k\u0259tl\u0259ri \u201colduqca t\u0259hl\u00fck\u0259li v\u0259 axmaq eskalasiyad\u0131r\u201d. \u0130ran\u0131n Ali r\u0259hb\u0259ri Xamenei, Prezident H\u0259s\u0259n Ruhani d\u0259 ba\u015f ver\u0259nl\u0259rd\u0259n hidd\u0259tl\u0259ndikl\u0259rini bildirib, general S\u00fcleymaninin \u00f6ld\u00fcr\u00fclm\u0259sin\u0259 g\u00f6r\u0259 \u0130ran\u0131n AB\u015e-dan amans\u0131z qisas alaca\u011f\u0131n\u0131 b\u0259yan edib.<\/span><\/p>\n<p style=\"font-weight: 400;\"><span style=\"font-style: inherit; font-weight: inherit;\">Son m\u0259lumatlara g\u00f6r\u0259, general S\u00fcleymaninin \u00f6ld\u00fcr\u00fclm\u0259sind\u0259n sonra AB\u015e Silahl\u0131 Q\u00fcvv\u0259l\u0259ri tam d\u00f6y\u00fc\u015f haz\u0131rl\u0131\u011f\u0131 v\u0259ziyy\u0259tin\u0259 g\u0259tirilib. Yax\u0131n \u015e\u0259rq regionuna Birl\u0259\u015fmi\u015f \u015etatlar\u0131n \u0259lav\u0259 q\u00fcvv\u0259l\u0259rinin g\u00f6nd\u0259ril\u0259c\u0259yi g\u00f6zl\u0259nilir.<\/span><\/p>\n<p style=\"font-weight: 400;\"><span style=\"font-style: inherit; font-weight: inherit;\">Qas\u0131m S\u00fcleymaninin \u00f6ld\u00fcr\u00fclm\u0259si x\u0259b\u0259ri d\u00fcnya neft bazar\u0131na d\u0259rhal t\u0259sirini g\u00f6st\u0259rib. Son hadis\u0259ni t\u0259hlil ed\u0259n ekspertl\u0259r d\u00fc\u015f\u00fcn\u00fcrl\u0259r ki, neftin qiym\u0259ti 100 dollar ola v\u0259 daha da y\u00fcks\u0259y\u0259 bil\u0259r. Enerjiy\u0259 olan ehtiyac\u0131n artmas\u0131 bundan \u0259vv\u0259lki b\u00f6hranda neftin qiym\u0259tl\u0259rini v\u0259 inflyasiyan\u0131 art\u0131r\u0131b d\u00fcnya iqtisadiyyat\u0131n\u0131n inki\u015faf\u0131n\u0131n l\u0259ngim\u0259sin\u0259 s\u0259b\u0259b olmu\u015fdu. G\u00f6r\u00fcn\u0259n budur ki, art\u0131q d\u00fcnyada n\u00f6vb\u0259ti b\u00f6hran yeti\u015fm\u0259kd\u0259dir.<\/span><\/p>\n<p style=\"font-weight: 400;\"><span style=\"font-style: inherit; font-weight: inherit;\">Bel\u0259likl\u0259, Yax\u0131n \u015e\u0259rqd\u0259 g\u0259rginliyin geni\u015f miqyas alaca\u011f\u0131 dan\u0131lmazd\u0131r. S\u00fcleymaninin q\u0259tlinin b\u00fct\u00f6vl\u00fckd\u0259 regionu \u00e7ox m\u00fcr\u0259kk\u0259b, xaotik situasiyaya s\u00fcr\u00fckl\u0259y\u0259 bil\u0259c\u0259yi bar\u0259d\u0259 proqnozlar s\u0259sl\u0259ndirilir. AB\u015e prezidenti Tramp\u0131n faktiki olaraq \u0130rana m\u00fcharib\u0259 elan etdiyini d\u00fc\u015f\u00fcn\u0259n ekspertl\u0259r bu add\u0131m\u0131n b\u00f6lg\u0259d\u0259 v\u0259ziyy\u0259ti son d\u0259r\u0259c\u0259 g\u0259rginl\u0259\u015fdiridiyini proqnozla\u015fd\u0131r\u0131r. B\u00f6lg\u0259d\u0259 yeni sava\u015f r\u00fczgarlar\u0131 \u0259sir. General Qas\u0131m S\u00fcleymaninin \u00f6l\u00fcm\u00fc il\u0259 b\u00f6lg\u0259d\u0259 yeni m\u0259zh\u0259b sava\u015f\u0131 da alovlana bil\u0259r. Bu q\u0259tlin b\u00fct\u00f6v regionu silk\u0259l\u0259y\u0259 bilm\u0259si ehtimal\u0131 istisna edilmir. N\u0259tic\u0259nin nec\u0259 olaca\u011f\u0131n\u0131 dem\u0259k \u00e7\u0259tindir. Lakin indid\u0259n ayd\u0131nd\u0131r ki, Yax\u0131n \u015e\u0259rq v\u0259 ona yax\u0131n regionlar riskli bir geosiyasi v\u0259ziyy\u0259t\u0259 s\u00fcr\u00fckl\u0259nir. Ehtimal etm\u0259k olar ki, general S\u00fcleymaninin q\u0259tlin\u0259 Tehran cavab t\u0259dbiri kimi terror aktlar\u0131 h\u0259yata ke\u00e7ir\u0259c\u0259k v\u0259 bundan istifad\u0259 ed\u0259n Tramp \u0130rana z\u0259rb\u0259l\u0259r endir\u0259c\u0259k. B\u0259llidir ki, \u0130ran\u0131n cavab add\u0131mlar\u0131 ataca\u011f\u0131 t\u0259qdird\u0259, v\u0259ziyy\u0259t daha da g\u0259rginl\u0259\u015f\u0259c\u0259k. \u0130lk n\u00f6vb\u0259d\u0259, AB\u015e-\u0131n \u0130raqda, Livanda, Suriyada, S\u0259udiyy\u0259 \u018fr\u0259bistan\u0131nda v\u0259 Avropa \u00f6lk\u0259l\u0259rind\u0259 obyektl\u0259rin\u0259 v\u0259 v\u0259t\u0259nda\u015flar\u0131na Tehran\u0131n h\u00fccumlar t\u0259\u015fkil etm\u0259si m\u00fcmk\u00fcn g\u00f6r\u00fcn\u00fcr. \u0130st\u0259nil\u0259n halda, Tehran\u0131n Qas\u0131m S\u00fcleymaninin \u00f6l\u00fcm\u00fcn\u00fc cavabs\u0131z qoymayaca\u011f\u0131n\u0131 g\u00f6zl\u0259m\u0259k olar. \u00c7\u00fcnki o, \u0130ran \u00fc\u00e7\u00fcn \u0259h\u0259miyy\u0259tli fiqur idi v\u0259 \u00f6ld\u00fcr\u00fclm\u0259si il\u0259 Tehran\u0131n n\u00fcfuzuna ciddi z\u0259rb\u0259 vurulmu\u015f oldu. General S\u00fcleymaninin \u0130ran \u00fc\u00e7\u00fcn, \u0130ran ordusu \u00fc\u00e7\u00fcn, el\u0259c\u0259 d\u0259 \u0130ran\u0131n Ali r\u0259hb\u0259ri Xamenei \u00fc\u00e7\u00fcn n\u0259 d\u0259r\u0259c\u0259d\u0259 vacib fiqur olmas\u0131n\u0131 onun \u00f6l\u00fcm\u00fc il\u0259 \u0259laq\u0259dar Xameneinin \u0130randa 3 g\u00fcnl\u00fck mat\u0259m elan etm\u0259si d\u0259 g\u00f6st\u0259rir.<\/span><\/p>\n<p style=\"font-weight: 400;\"><span style=\"font-style: inherit; font-weight: inherit;\">M\u00fcmk\u00fcn versiyalardan biri odur ki, Tramp impi\u00e7mentl\u0259 \u00fczl\u0259\u015fdiyini, hakimiyy\u0259ti itirm\u0259k \u00fczr\u0259 oldu\u011funu ehtimal etdiyi \u00fc\u00e7\u00fcn general S\u00fcleymaninin \u00f6ld\u00fcr\u00fclm\u0259sind\u0259n b\u0259hr\u0259l\u0259nm\u0259k ist\u0259y\u0259c\u0259k. Bu bax\u0131mdan, h\u0259r hans\u0131 formada \u0130rana qar\u015f\u0131 m\u00fcharib\u0259 d\u0259 g\u00f6zl\u0259nil\u0259ndir. Lakin bu add\u0131m\u0131n impi\u00e7ment prosedurunu s\u0259ngid\u0259c\u0259yi inand\u0131r\u0131c\u0131 g\u00f6r\u00fcnm\u00fcr. Art\u0131q AB\u015e N\u00fcmay\u0259nd\u0259l\u0259r Palatas\u0131n\u0131n spikeri, Trampa qar\u015f\u0131 impi\u00e7ment prosedurunun \u0259sas t\u0259\u015f\u0259bb\u00fcskarlar\u0131ndan olan Demokrat Nensi Pelosi ba\u015f ver\u0259nl\u0259rd\u0259n narahatl\u0131\u011f\u0131n\u0131 bildirib, b\u00f6lg\u0259d\u0259 eskalasiyan\u0131n g\u00fccl\u0259n\u0259c\u0259yi, AB\u015e h\u0259rb\u00e7il\u0259rinin h\u0259yat\u0131n\u0131n risk qar\u015f\u0131s\u0131nda qoyulmas\u0131 t\u0259hl\u00fck\u0259sinin m\u00f6vcudlu\u011funu vur\u011fulay\u0131b. Xan\u0131m Pelosi Konqresin raz\u0131l\u0131\u011f\u0131 olmadan AB\u015e Administrasiyas\u0131n\u0131n \u0130rana qar\u015f\u0131 bu c\u00fcr akt h\u0259yata ke\u00e7irm\u0259sini yolverilm\u0259z adland\u0131r\u0131b, ba\u015f ver\u0259nl\u0259r bar\u0259d\u0259 Konqresin m\u0259lumatland\u0131r\u0131lmas\u0131n\u0131n z\u0259ruriliyini vur\u011fulay\u0131b. Bundan ba\u015fqa, b\u0259zi senatorlar \u0130ranla m\u00fcharib\u0259nin qar\u015f\u0131s\u0131n\u0131n al\u0131nmas\u0131 \u00fc\u00e7\u00fcn Konqresin m\u0259s\u0259l\u0259 qar\u0131\u015fmal\u0131 oldu\u011funu bildiribl\u0259r.<\/span><\/p>\n<p style=\"font-weight: 400;\"><span style=\"font-style: inherit; font-weight: inherit;\">\u0130ndi n\u00f6vb\u0259 \u0130ran\u0131nd\u0131r. Tehran\u0131n hans\u0131 add\u0131mlar\u0131 ataca\u011f\u0131 maraqla g\u00f6zl\u0259nilir.<\/span><\/p>\n","protected":false},"excerpt":{"rendered":"<p>Yanvar\u0131n 3-n\u0259 ke\u00e7\u0259n gec\u0259 Yax\u0131n \u015e\u0259rqd\u0259, el\u0259c\u0259 d\u0259 Az\u0259rbaycan\u0131n qon\u015fulu\u011funda regional d\u00fcz\u0259n\u0259 ciddi t\u0259qsir ed\u0259 bil\u0259c\u0259k ciddi hadis\u0259 ba\u015f verib.&hellip;<\/p>\n","protected":false},"author":1,"featured_media":0,"comment_status":"closed","ping_status":"closed","sticky":false,"template":"","format":"standard","meta":{"om_disable_all_campaigns":false,"_monsterinsights_skip_tracking":false,"_uf_show_specific_survey":0,"_uf_disable_surveys":false,"footnotes":""},"categories":[5],"tags":[],"aioseo_notices":[],"_links":{"self":[{"href":"https:\/\/hakimiyyet.info.az\/index.php?rest_route=\/wp\/v2\/posts\/11121"}],"collection":[{"href":"https:\/\/hakimiyyet.info.az\/index.php?rest_route=\/wp\/v2\/posts"}],"about":[{"href":"https:\/\/hakimiyyet.info.az\/index.php?rest_route=\/wp\/v2\/types\/post"}],"author":[{"embeddable":true,"href":"https:\/\/hakimiyyet.info.az\/index.php?rest_route=\/wp\/v2\/users\/1"}],"replies":[{"embeddable":true,"href":"https:\/\/hakimiyyet.info.az\/index.php?rest_route=%2Fwp%2Fv2%2Fcomments&post=11121"}],"version-history":[{"count":1,"href":"https:\/\/hakimiyyet.info.az\/index.php?rest_route=\/wp\/v2\/posts\/11121\/revisions"}],"predecessor-version":[{"id":11122,"href":"https:\/\/hakimiyyet.info.az\/index.php?rest_route=\/wp\/v2\/posts\/11121\/revisions\/11122"}],"wp:attachment":[{"href":"https:\/\/hakimiyyet.info.az\/index.php?rest_route=%2Fwp%2Fv2%2Fmedia&parent=11121"}],"wp:term":[{"taxonomy":"category","embeddable":true,"href":"https:\/\/hakimiyyet.info.az\/index.php?rest_route=%2Fwp%2Fv2%2Fcategories&post=11121"},{"taxonomy":"post_tag","embeddable":true,"href":"https:\/\/hakimiyyet.info.az\/index.php?rest_route=%2Fwp%2Fv2%2Ftags&post=11121"}],"curies":[{"name":"wp","href":"https:\/\/api.w.org\/{rel}","templated":true}]}}