{"id":11123,"date":"2020-01-08T09:40:28","date_gmt":"2020-01-08T05:40:28","guid":{"rendered":"http:\/\/hakimiyyet.info.az\/?p=11123"},"modified":"2020-01-08T09:40:28","modified_gmt":"2020-01-08T05:40:28","slug":"turkiy%c9%99nin-liviya-maragi-beyn%c9%99lxalq-gucl%c9%99r-hansi-addimi-atacaq","status":"publish","type":"post","link":"https:\/\/hakimiyyet.info.az\/?p=11123","title":{"rendered":"T\u00fcrkiy\u0259nin Liviya mara\u011f\u0131: Beyn\u0259lxalq g\u00fccl\u0259r hans\u0131 add\u0131m\u0131 atacaq? &#8211;"},"content":{"rendered":"<p style=\"font-weight: 400;\"><span style=\"font-style: inherit; font-weight: inherit;\">G\u00f6zl\u0259nildiyi kimi, AKP, MHP v\u0259 BBP-d\u0259n olan mill\u0259t v\u0259kill\u0259rinin d\u0259st\u0259yi il\u0259 T\u00fcrkiy\u0259 B\u00f6y\u00fck Mill\u0259t M\u0259clisi (TBMM) 184 \u0259leyhin\u0259, 325 lehin\u0259 s\u0259s olmaqla Liviyaya h\u0259rbi q\u00fcvv\u0259 g\u00f6nd\u0259rilm\u0259sini d\u0259st\u0259kl\u0259y\u0259n s\u0259n\u0259di q\u0259bul etdi. Q\u0259tnam\u0259d\u0259n d\u0259rhal sonra Liviyan\u0131n Birl\u0259\u015fmi\u015f Mill\u0259tl\u0259r T\u0259\u015fkilat\u0131 (BMT) t\u0259r\u0259find\u0259n tan\u0131nan \u201cMilli Raz\u0131la\u015fma H\u00f6kum\u0259ti\u201dnin (MRH) Xarici \u0130\u015fl\u0259r naziri Tahir Siyala, T\u00fcrkiy\u0259li h\u0259mkar\u0131 M\u00f6vlud \u00c7avu\u015fo\u011flu il\u0259 telefon dan\u0131\u015faraq, ona s\u0259sverm\u0259nin n\u0259tic\u0259sind\u0259n m\u0259mnun olduqlar\u0131n\u0131 v\u0259 t\u0259msil etdiyi h\u00f6kum\u0259t v\u0259 xalq\u0131 ad\u0131ndan Ankaraya t\u0259\u015f\u0259kk\u00fcr\u00fcn\u00fc bildirib.<\/span><\/p>\n<p style=\"font-weight: 400;\"><span style=\"font-style: inherit; font-weight: inherit;\">Ard\u0131nca is\u0259 AB\u015e prezidenti Donald Trampla T\u00fcrkiy\u0259 prezidenti R\u0259c\u0259b Tayyib \u018frdo\u011fan aras\u0131nda telefon dan\u0131\u015f\u0131\u011f\u0131 oldu.<\/span><\/p>\n<p style=\"font-weight: 400;\"><span style=\"font-style: inherit; font-weight: inherit;\">A\u011f Evd\u0259n veril\u0259n m\u0259lumata g\u00f6r\u0259 D. Tramp dan\u0131\u015f\u0131q zaman\u0131 \u00f6z h\u0259mkar\u0131na x\u0259b\u0259rdarl\u0131q edib ki, T\u00fcrkiy\u0259nin Liviyaya \u0259sg\u0259r g\u00f6nd\u0259rm\u0259si v\u0259ziyy\u0259ti daha da g\u0259rginl\u0259\u015fdir\u0259 bil\u0259r. Avropa \u0130ttifaq\u0131 da b\u0259yanat yayaraq T\u00fcrkiy\u0259nin Liviyaya \u0259sg\u0259r g\u00f6nd\u0259rm\u0259sinin yolverilm\u0259zliyini vur\u011fulad\u0131.<\/span><\/p>\n<p style=\"font-weight: 400;\"><span style=\"font-style: inherit; font-weight: inherit;\">\u0130ndi h\u0259r k\u0259si bir sual d\u00fc\u015f\u00fcnd\u00fcr\u00fcr. G\u00f6r\u0259s\u0259n, h\u0259m T\u00fcrkiy\u0259 m\u00fcxalif\u0259ti, h\u0259m d\u0259 beyn\u0259lxalq birlik t\u0259r\u0259find\u0259n birm\u0259nal\u0131 qar\u015f\u0131lanmayan bu q\u0259rar hans\u0131 z\u0259rur\u0259td\u0259n q\u0259bul edildi?\u00a0<\/span><\/p>\n<p style=\"font-weight: 400;\"><span style=\"font-style: inherit; font-weight: inherit;\">M\u0259lum oldu\u011fu kimi, Liviyada iki q\u00fcvv\u0259 &#8211; general X\u0259lif\u0259 Haftar\u0131n ba\u015f\u00e7\u0131l\u0131q etdiyi \u201cLiviya Milli Ordusu\u201d (LMO) il\u0259 Birl\u0259\u015fmi\u015f Mill\u0259tl\u0259r T\u0259\u015fkilat\u0131 (BMT) t\u0259r\u0259find\u0259n tan\u0131nan Fayiz \u0259s-S\u0259rrac\u0131n lideri oldu\u011fu \u201cMilli Raz\u0131la\u015fma H\u00f6kum\u0259ti\u201d (MRH) aras\u0131nda qar\u015f\u0131durma pik h\u0259dd\u0259 \u00e7at\u0131b. Bel\u0259 ki, son bir il\u0259 yax\u0131nd\u0131r \u0130srail, Misir, Rusiya, Fransa, v\u0259 Birl\u0259\u015fmi\u015f \u018fr\u0259b \u018fmirlikl\u0259ri t\u0259r\u0259find\u0259n d\u0259st\u0259kl\u0259n\u0259n general Haftar r\u0259hb\u0259rlik etdiyi Milli Ordu BMT \u00fczv\u00fc olan bir \u00e7ox \u00f6lk\u0259, o c\u00fcml\u0259d\u0259n AB\u015e T\u00fcrkiy\u0259 v\u0259 Q\u0259t\u0259r, eyni zamanda b\u0259zi Avropa Birliyi d\u00f6vl\u0259tl\u0259ri t\u0259r\u0259find\u0259n tan\u0131nan Milli Raz\u0131la\u015fma H\u00f6kum\u0259tin\u0259 qar\u015f\u0131 h\u00fccumlar h\u0259yata ke\u00e7irirdi. Son g\u00fcnl\u0259r is\u0259 Haftar \u00f6z h\u00fccumlar\u0131n\u0131 intensivl\u0259\u015fdirm\u0259kl\u0259\u00a0<\/span><span style=\"font-style: inherit; font-weight: inherit;\">Tripoliy\u0259<\/span><span style=\"font-style: inherit; font-weight: inherit;\">\u00a0add\u0131m-add\u0131m yax\u0131nla\u015f\u0131r. H\u00fccumlar\u0131n intensivl\u0259\u015fm\u0259sinin \u0259sas s\u0259b\u0259bi bar\u0259d\u0259&#8230; 2019-cu il noyabr ay\u0131n\u0131n 27-d\u0259 T\u00fcrkiy\u0259 il\u0259 Liviyan\u0131n qanuni h\u00f6kum\u0259ti aras\u0131nda beyn\u0259lxalq h\u00fcquqa s\u00f6yk\u0259n\u0259n\u00a0 \u201cT\u0259hl\u00fck\u0259sizlik v\u0259 H\u0259rbi \u018fm\u0259kda\u015fl\u0131q\u201d, eyni zamanda \u201c\u015e\u0259rqi Aral\u0131q D\u0259nizi Sah\u0259l\u0259rinin Raz\u0131la\u015fd\u0131r\u0131lmas\u0131\u201dna dair memorandum imzaland\u0131. H\u0259min raz\u0131la\u015fma, he\u00e7 \u015f\u00fcbh\u0259siz ki, T\u00fcrkiy\u0259 il\u0259 \u0259ks c\u0259bh\u0259d\u0259 duran\u00a0 d\u00f6vl\u0259tl\u0259rin v\u0259 q\u00fcvv\u0259l\u0259rin maraqlar\u0131 il\u0259 daban-dabana ziddiyy\u0259t t\u0259\u015fkil edir. Y\u0259ni, Ankara il\u0259\u00a0<\/span><span style=\"font-style: inherit; font-weight: inherit;\">Tripoli<\/span><span style=\"font-style: inherit; font-weight: inherit;\">nin yax\u0131nla\u015fmas\u0131n\u0131 ist\u0259m\u0259y\u0259n b\u0259zi q\u00fcvv\u0259l\u0259r he\u00e7 \u015f\u00fcbh\u0259siz, T\u00fcrkiy\u0259nin m\u00f6vqeyinin Aral\u0131q d\u0259nizinin \u015f\u0259rqind\u0259 g\u00fccl\u0259n\u0259c\u0259yind\u0259n ehtiyat etdikl\u0259rind\u0259n ist\u0259yirl\u0259r ki, \u018frdo\u011fanla m\u00fctt\u0259fiqlik ed\u0259n S\u0259rrac\u0131 38 minlik orduya sahib\u00a0 olan Haftar\u0131n vasit\u0259sil\u0259 devirsinl\u0259r, bel\u0259likl\u0259 d\u0259 enerji r\u0259qab\u0259tind\u0259 T\u00fcrkiy\u0259nin m\u00f6vqeyini z\u0259ifl\u0259tm\u0259kl\u0259, h\u0259m d\u0259 Ankaran\u0131 Aral\u0131q d\u0259nizind\u0259 s\u0131x\u0131\u015fd\u0131rs\u0131nlar.<\/span><\/p>\n<p style=\"font-weight: 400;\"><span style=\"font-style: inherit; font-weight: inherit;\">\u00c7\u00fcnki m\u0259lum raz\u0131la\u015fmaya q\u0259d\u0259r T\u00fcrkiy\u0259 \u00fc\u00e7 qit\u0259y\u0259 \u00e7\u0131x\u0131\u015f\u0131 olan Araql\u0131q d\u0259nizind\u0259 yaln\u0131z \u015eimali Kipr T\u00fcrk Respublikas\u0131 (\u015eKTR) il\u0259 m\u00fctt\u0259fiqi say\u0131l\u0131rd\u0131. \u201c\u0130ndi is\u0259\u00a0<\/span><span style=\"font-style: inherit; font-weight: inherit;\">Tripoli<\/span><span style=\"font-style: inherit; font-weight: inherit;\">\u00a0d\u0259 var\u201d d\u00fc\u015f\u00fcnc\u0259sini h\u0259zm ed\u0259 bilm\u0259y\u0259n g\u00fccl\u0259r \u00f6z b\u00f6lg\u0259 strategiyalar\u0131n\u0131n z\u0259d\u0259l\u0259n\u0259c\u0259yind\u0259n ehtiyat etdikl\u0259rind\u0259n Haftar vasit\u0259sil\u0259 Ankara \u0259leyhin\u0259 h\u0259r\u0259k\u0259t\u0259 ke\u00e7ibl\u0259r. Bel\u0259likl\u0259, \u0259r\u0259b co\u011frafiyas\u0131nda t\u0259kl\u0259n\u0259n T\u00fcrkiy\u0259ni Aral\u0131q d\u0259nizind\u0259 d\u0259 yaln\u0131zla\u015fd\u0131rmaq siyas\u0259ti y\u00fcr\u00fcd\u00fcl\u00fcr.<\/span><\/p>\n<p style=\"font-weight: 400;\"><span style=\"font-style: inherit; font-weight: inherit;\">Bunu g\u00f6z\u0259l anlayan Ankaran\u0131n bel\u0259 bir q\u0259rar q\u0259bul ed\u0259c\u0259yi g\u00f6zl\u0259nil\u0259n idi. Ona g\u00f6r\u0259 ki, T\u00fcrkiy\u0259 Prezidenti \u018frdo\u011fan \u00f6z\u00fc d\u0259 g\u00fcnl\u0259r \u00f6nc\u0259 \u201cLiviyadan m\u00fcraci\u0259t daxil olarsa, ora ordu g\u00f6nd\u0259rm\u0259y\u0259 haz\u0131r\u0131q\u201d anonsunu verm\u0259kl\u0259, \u00f6lk\u0259sinin strateji trayektoriyas\u0131na y\u00f6n verm\u0259kl\u0259 yana\u015f\u0131, h\u0259m d\u0259 qloballa\u015fan d\u00fcnyada d\u00f6vl\u0259tin milli t\u0259hl\u00fck\u0259sizliyini qorumaq \u00fc\u00e7\u00fcn s\u0259rh\u0259dl\u0259ri uzaqdan \u00e7\u0259km\u0259yin zaman\u0131 g\u0259ldiyin\u0259 i\u015far\u0259 vururdu.<\/span><\/p>\n<p style=\"font-weight: 400;\"><span style=\"font-style: inherit; font-weight: inherit;\">\u018fn \u00e7ox maraq do\u011furan bir ba\u015fqa sual is\u0259 bundan ibar\u0259tdir ki, g\u00f6r\u0259s\u0259n, T\u00fcrkiy\u0259 Liviya \u0259razisind\u0259 mara\u011f\u0131 olan qlobal v\u0259 regional g\u00fccl\u0259rl\u0259 raz\u0131la\u015fa bil\u0259c\u0259kmi?<\/span><\/p>\n<p style=\"font-weight: 400;\"><span style=\"font-style: inherit; font-weight: inherit;\">He\u00e7 \u015f\u00fcbh\u0259siz ki, T\u00fcrkiy\u0259nin Liviyada h\u0259rbi v\u0259 siyasi varl\u0131\u011f\u0131na qar\u015f\u0131 Haftara \u0259sas d\u0259st\u0259k ver\u0259n \u00f6lk\u0259l\u0259r Misir, B\u018f\u018f v\u0259 \u0130ordaniya kimi \u0259r\u0259b d\u00f6vl\u0259tl\u0259ri olacaq. Bunlarla b\u0259rab\u0259r, Moskva v\u0259 Va\u015finqtonun da T\u00fcrkiy\u0259y\u0259 m\u00fc\u0259yy\u0259n t\u0259zyiql\u0259rini proqnozla\u015fd\u0131rmaq olar. X\u00fcsus\u0259n Suriyada birg\u0259 add\u0131mlar atan T\u00fcrkiy\u0259-Rusiya i\u015fbirliyi, Liviyadak\u0131 enerji r\u0259qab\u0259tind\u0259 z\u0259d\u0259l\u0259n\u0259 bil\u0259r.<\/span><\/p>\n<p style=\"font-weight: 400;\"><span style=\"font-style: inherit; font-weight: inherit;\">Bununla bel\u0259, Rusiyan\u0131n T\u00fcrkiy\u0259 il\u0259 m\u00fcnasib\u0259tl\u0259rind\u0259 ciddi problem yaranaca\u011f\u0131 inand\u0131r\u0131c\u0131 g\u00f6r\u00fcnm\u00fcr. H\u0259m d\u0259 ona g\u00f6r\u0259 ki, b\u00f6lg\u0259d\u0259 ba\u015f ver\u0259n hadis\u0259l\u0259rin \u0259sas mayas\u0131nda AB\u015e-la Rusiya aras\u0131nda apar\u0131lan b\u00f6y\u00fck strateji m\u00fcbariz\u0259 dayan\u0131r. \u018fg\u0259r Moskva Ankaran\u0131 Liviyada qar\u015f\u0131s\u0131na alsa, he\u00e7 \u015f\u00fcbh\u0259siz ki, Va\u015finqton an\u0131nda T\u00fcrkiy\u0259y\u0259 \u00f6z d\u0259st\u0259yini ifad\u0259 ed\u0259c\u0259k. Ona g\u00f6r\u0259 ki, haz\u0131rk\u0131 durumda Moskva il\u0259 Ankara aras\u0131nda yaranacaq ist\u0259nil\u0259n soyuq m\u00fcnasib\u0259t, AB\u015e-\u0131n maraqlar\u0131 il\u0259 \u00fcst-\u00fcst\u0259 d\u00fc\u015f\u0259c\u0259k.<\/span><\/p>\n<p style=\"font-weight: 400;\"><span style=\"font-style: inherit; font-weight: inherit;\">Bu s\u0259b\u0259bd\u0259n Rusiyan\u0131n Birl\u0259\u015fmi\u015f \u015etatlarla \u00e7\u0131xd\u0131\u011f\u0131 hegemonluq m\u00fcbariz\u0259sind\u0259 g\u00fcc olaraq general Haftara deyil, m\u0259hz T\u00fcrkiy\u0259y\u0259 ehtiyac duyaca\u011f\u0131 daha a\u011flabatand\u0131r. G\u00fcman ki, Kreml d\u0259 m\u0259hz Ankara il\u0259 m\u00fcnasib\u0259tl\u0259rin qorunub saxlan\u0131lmas\u0131 variant\u0131na \u00fcst\u00fcnl\u00fck ver\u0259r\u0259k, Suriyada oldu\u011fu kimi, Liviyada da T\u00fcrkiy\u0259 il\u0259 m\u00fc\u0259yy\u0259n raz\u0131l\u0131\u011fa g\u0259l\u0259c\u0259k. Bu is\u0259 T\u00fcrkiy\u0259nin b\u00f6lg\u0259d\u0259ki rolunu daha da inaml\u0131 hala g\u0259tir\u0259c\u0259k.<\/span><\/p>\n","protected":false},"excerpt":{"rendered":"<p>G\u00f6zl\u0259nildiyi kimi, AKP, MHP v\u0259 BBP-d\u0259n olan mill\u0259t v\u0259kill\u0259rinin d\u0259st\u0259yi il\u0259 T\u00fcrkiy\u0259 B\u00f6y\u00fck Mill\u0259t M\u0259clisi (TBMM) 184 \u0259leyhin\u0259, 325 lehin\u0259&hellip;<\/p>\n","protected":false},"author":1,"featured_media":0,"comment_status":"closed","ping_status":"closed","sticky":false,"template":"","format":"standard","meta":{"om_disable_all_campaigns":false,"_monsterinsights_skip_tracking":false,"_uf_show_specific_survey":0,"_uf_disable_surveys":false,"footnotes":""},"categories":[5],"tags":[],"aioseo_notices":[],"_links":{"self":[{"href":"https:\/\/hakimiyyet.info.az\/index.php?rest_route=\/wp\/v2\/posts\/11123"}],"collection":[{"href":"https:\/\/hakimiyyet.info.az\/index.php?rest_route=\/wp\/v2\/posts"}],"about":[{"href":"https:\/\/hakimiyyet.info.az\/index.php?rest_route=\/wp\/v2\/types\/post"}],"author":[{"embeddable":true,"href":"https:\/\/hakimiyyet.info.az\/index.php?rest_route=\/wp\/v2\/users\/1"}],"replies":[{"embeddable":true,"href":"https:\/\/hakimiyyet.info.az\/index.php?rest_route=%2Fwp%2Fv2%2Fcomments&post=11123"}],"version-history":[{"count":1,"href":"https:\/\/hakimiyyet.info.az\/index.php?rest_route=\/wp\/v2\/posts\/11123\/revisions"}],"predecessor-version":[{"id":11124,"href":"https:\/\/hakimiyyet.info.az\/index.php?rest_route=\/wp\/v2\/posts\/11123\/revisions\/11124"}],"wp:attachment":[{"href":"https:\/\/hakimiyyet.info.az\/index.php?rest_route=%2Fwp%2Fv2%2Fmedia&parent=11123"}],"wp:term":[{"taxonomy":"category","embeddable":true,"href":"https:\/\/hakimiyyet.info.az\/index.php?rest_route=%2Fwp%2Fv2%2Fcategories&post=11123"},{"taxonomy":"post_tag","embeddable":true,"href":"https:\/\/hakimiyyet.info.az\/index.php?rest_route=%2Fwp%2Fv2%2Ftags&post=11123"}],"curies":[{"name":"wp","href":"https:\/\/api.w.org\/{rel}","templated":true}]}}