{"id":11135,"date":"2020-01-08T09:49:04","date_gmt":"2020-01-08T05:49:04","guid":{"rendered":"http:\/\/hakimiyyet.info.az\/?p=11135"},"modified":"2020-01-08T09:49:04","modified_gmt":"2020-01-08T05:49:04","slug":"m%c9%99d%c9%99niyy%c9%99t-v%c9%99-inc%c9%99s%c9%99n%c9%99t-universitetinin-t%c9%99l%c9%99b%c9%99si-beyn%c9%99lxalq-festivalda-qalib-olub","status":"publish","type":"post","link":"https:\/\/hakimiyyet.info.az\/?p=11135","title":{"rendered":"M\u0259d\u0259niyy\u0259t v\u0259 \u0130nc\u0259s\u0259n\u0259t Universitetinin t\u0259l\u0259b\u0259si beyn\u0259lxalq festivalda qalib olub"},"content":{"rendered":"<p>Az\u0259rbaycan D\u00f6vl\u0259t M\u0259d\u0259niyy\u0259t v\u0259 \u0130nc\u0259s\u0259n\u0259t Universitetinin (ADM\u0130U) Kino v\u0259 televiziya fak\u00fclt\u0259sinin magistri Mas\u0259r H\u0259s\u0259nov AB\u015e-da ke\u00e7iril\u0259n XI Beyn\u0259lxalq M\u00fcst\u0259qil \u0130nternet Q\u0131sa Film Festival\u0131nda (11th Independent International Internet Short Film Festival) m\u00fckafat qazan\u0131b.<\/p>\n<p>ADM\u0130U-dan\u00a0<a class=\"azertac-link\" href=\"https:\/\/azertag.az\/\" target=\"_blank\" rel=\"noopener noreferrer\">AZ\u018fRTAC<\/a>-a bildirilib ki, Mas\u0259r H\u0259s\u0259novun \u201cQ\u0131\u011f\u0131lc\u0131m\u201d filmi \u201cTama\u015fa\u00e7\u0131 r\u0259\u011fb\u0259ti\u201d nominasiyas\u0131 \u00fczr\u0259 65 \u00f6lk\u0259 aras\u0131nda III yer\u0259 layiq g\u00f6r\u00fcl\u00fcb.<\/p>\n<p>Qeyd ed\u0259k ki, ADM\u0130U-nun \u201cSABAH\u201d qruplar\u0131n\u0131n rejissorluq ixtisas\u0131n\u0131n m\u0259zunu olan Mas\u0259r H\u0259s\u0259nov haz\u0131rda Kino v\u0259 televiziya fak\u00fclt\u0259sind\u0259 g\u00f6rk\u0259mli kinorejissor Xalq artisti Eldar Quliyevin kursunda magistr pill\u0259si \u00fczr\u0259 t\u0259hsil al\u0131r. ADM\u0130U-nun magistri fiziki m\u0259hdudiyy\u0259tli olmas\u0131na baxmayaraq, b\u00fct\u00fcn layih\u0259l\u0259rd\u0259, ictimai i\u015fl\u0259rd\u0259 f\u0259all\u0131\u011f\u0131 il\u0259 se\u00e7ilir.<\/p>\n<p>Aktiv yarad\u0131c\u0131 f\u0259aliyy\u0259ti il\u0259 se\u00e7il\u0259n, bir \u00e7ox s\u0259n\u0259dli v\u0259 b\u0259dii filml\u0259rin, sosial \u00e7arxlar\u0131n m\u00fc\u0259llifi olan Mas\u0259r H\u0259s\u0259nov \u201cBak\u0131 Oskar Festival\u0131-1\u201dd\u0259 \u201c\u018fn yax\u015f\u0131 ssenari\u201d, \u201cBak\u0131 Oskar Festival\u0131-2\u201d d\u0259 is\u0259 \u201c\u018fn yax\u015f\u0131 s\u0259n\u0259dli film\u201d nominasiyalar\u0131 \u00fczr\u0259 qalib olub. \u201cDeja vu\u201d filmi T\u00fcrkiy\u0259, Rusiya v\u0259 Rum\u0131niyada ke\u00e7iril\u0259n beyn\u0259lxalq festivallarda i\u015ftirak edib. Bu film, eyni zamanda, Az\u0259rbaycanda ke\u00e7iril\u0259n beyn\u0259lxalq \u201cSTART\u201d film festival\u0131nda \u201cj\u00fcrinin r\u0259\u011fb\u0259ti\u201d nominasiyas\u0131 \u00fczr\u0259 m\u00fckafata layiq g\u00f6r\u00fcl\u00fcb.<\/p>\n<p>G\u0259nc rejissor \u201cSevgi namin\u0259\u201d q\u0131sametrajl\u0131 b\u0259dii filmi il\u0259 IX Beyn\u0259lxalq M\u00fcst\u0259qil \u0130nternet Q\u0131sa Film Festival\u0131nda i\u015ftirak edib v\u0259 birinci d\u0259r\u0259c\u0259li laureat se\u00e7ilib.<\/p>\n<p>O, 2017-ci ild\u0259 Az\u0259rbaycan Respublikas\u0131 Kinematoqraf\u00e7\u0131lar \u0130ttifaq\u0131n\u0131n t\u0259sis etdiyi Rasim Ocaqov ad\u0131na t\u0259qa\u00fcd\u0259 layiq g\u00f6r\u00fcl\u00fcb, 2019-cu ild\u0259 \u201cG\u0259ncl\u0259r \u00fc\u00e7\u00fcn Prezident M\u00fckafat\u0131\u201d il\u0259 t\u0259ltif olunub.<\/p>\n","protected":false},"excerpt":{"rendered":"<p>Az\u0259rbaycan D\u00f6vl\u0259t M\u0259d\u0259niyy\u0259t v\u0259 \u0130nc\u0259s\u0259n\u0259t Universitetinin (ADM\u0130U) Kino v\u0259 televiziya fak\u00fclt\u0259sinin magistri Mas\u0259r H\u0259s\u0259nov AB\u015e-da ke\u00e7iril\u0259n XI Beyn\u0259lxalq M\u00fcst\u0259qil \u0130nternet&hellip;<\/p>\n","protected":false},"author":1,"featured_media":0,"comment_status":"closed","ping_status":"closed","sticky":false,"template":"","format":"standard","meta":{"om_disable_all_campaigns":false,"_monsterinsights_skip_tracking":false,"_uf_show_specific_survey":0,"_uf_disable_surveys":false,"footnotes":""},"categories":[8],"tags":[],"aioseo_notices":[],"_links":{"self":[{"href":"https:\/\/hakimiyyet.info.az\/index.php?rest_route=\/wp\/v2\/posts\/11135"}],"collection":[{"href":"https:\/\/hakimiyyet.info.az\/index.php?rest_route=\/wp\/v2\/posts"}],"about":[{"href":"https:\/\/hakimiyyet.info.az\/index.php?rest_route=\/wp\/v2\/types\/post"}],"author":[{"embeddable":true,"href":"https:\/\/hakimiyyet.info.az\/index.php?rest_route=\/wp\/v2\/users\/1"}],"replies":[{"embeddable":true,"href":"https:\/\/hakimiyyet.info.az\/index.php?rest_route=%2Fwp%2Fv2%2Fcomments&post=11135"}],"version-history":[{"count":1,"href":"https:\/\/hakimiyyet.info.az\/index.php?rest_route=\/wp\/v2\/posts\/11135\/revisions"}],"predecessor-version":[{"id":11136,"href":"https:\/\/hakimiyyet.info.az\/index.php?rest_route=\/wp\/v2\/posts\/11135\/revisions\/11136"}],"wp:attachment":[{"href":"https:\/\/hakimiyyet.info.az\/index.php?rest_route=%2Fwp%2Fv2%2Fmedia&parent=11135"}],"wp:term":[{"taxonomy":"category","embeddable":true,"href":"https:\/\/hakimiyyet.info.az\/index.php?rest_route=%2Fwp%2Fv2%2Fcategories&post=11135"},{"taxonomy":"post_tag","embeddable":true,"href":"https:\/\/hakimiyyet.info.az\/index.php?rest_route=%2Fwp%2Fv2%2Ftags&post=11135"}],"curies":[{"name":"wp","href":"https:\/\/api.w.org\/{rel}","templated":true}]}}