{"id":11222,"date":"2020-01-09T14:56:47","date_gmt":"2020-01-09T10:56:47","guid":{"rendered":"http:\/\/hakimiyyet.info.az\/?p=11222"},"modified":"2020-01-09T14:56:47","modified_gmt":"2020-01-09T10:56:47","slug":"az%c9%99rbaycanda-usaq-s%c9%99firl%c9%99r-m%c9%99clisi-yaradilacaq","status":"publish","type":"post","link":"https:\/\/hakimiyyet.info.az\/?p=11222","title":{"rendered":"Az\u0259rbaycanda \u201cU\u015faq S\u0259firl\u0259r M\u0259clisi\u201d yarad\u0131lacaq"},"content":{"rendered":"<p style=\"font-style: inherit; font-weight: inherit;\"><span style=\"font-style: inherit; font-weight: inherit;\">Ail\u0259, Qad\u0131n v\u0259 U\u015faq Probleml\u0259ri \u00fczr\u0259 D\u00f6vl\u0259t Komit\u0259si \u201cU\u015faq S\u0259firl\u0259r M\u0259clisi\u201dnin yarad\u0131lmas\u0131n\u0131 elan edib.<\/span><\/p>\n<p style=\"font-style: inherit; font-weight: inherit;\"><span style=\"font-style: inherit; font-weight: inherit;\">Komit\u0259d\u0259n\u00a0<a href=\"https:\/\/apa.az\/\">APA<\/a>-ya veril\u0259n m\u0259lumata g\u00f6r\u0259, \u00f6lk\u0259 Prezidentinin 30 dekabr 2019-cu il tarixli S\u0259r\u0259ncam\u0131 il\u0259 2020-ci il \u201cK\u00f6n\u00fcll\u00fcl\u0259r ili\u201d elan edilib. \u201cU\u015faq S\u0259firl\u0259r M\u0259clisi\u201dnin yarad\u0131lmas\u0131nda m\u0259qs\u0259d u\u015faqlar\u0131n da bu proses\u0259 \u00f6z t\u00f6hf\u0259sini verm\u0259si, i\u015ftirak\u0131n\u0131n t\u0259min olunmas\u0131, el\u0259c\u0259 d\u0259 u\u015faqlarda m\u00fcst\u0259qil \u00f6z\u00fcn\u00fc ifad\u0259 etm\u0259 bacar\u0131\u011f\u0131n\u0131n, idar\u0259etm\u0259 m\u0259d\u0259niyy\u0259tinin formala\u015fmas\u0131d\u0131r.\u00a0\u00a0M\u0259clis \u00fczvl\u0259ri t\u0259r\u0259find\u0259n u\u015faq h\u00fcquqlar\u0131n\u0131n m\u00fcdafi\u0259si, u\u015faq inki\u015faf\u0131, h\u0259m\u00e7inin, u\u015faqlar\u0131 narahat ed\u0259n m\u0259s\u0259l\u0259l\u0259r bar\u0259d\u0259 m\u00fczakir\u0259l\u0259r apar\u0131lacaq, onlar\u0131n h\u0259lli istiqam\u0259tind\u0259 t\u0259klifl\u0259r ir\u0259li s\u00fcr\u00fcl\u0259c\u0259k. M\u0259clis \u00fczv\u00fc se\u00e7ilm\u0259k arzusunda olan 14-18 ya\u015f aras\u0131nda olan u\u015faqlar bu m\u0259qs\u0259dl\u0259 t\u0259\u015fkil edil\u0259n m\u00fcsabiq\u0259d\u0259 i\u015ftirak ed\u0259 bil\u0259rl\u0259r.<\/span><\/p>\n","protected":false},"excerpt":{"rendered":"<p>Ail\u0259, Qad\u0131n v\u0259 U\u015faq Probleml\u0259ri \u00fczr\u0259 D\u00f6vl\u0259t Komit\u0259si \u201cU\u015faq S\u0259firl\u0259r M\u0259clisi\u201dnin yarad\u0131lmas\u0131n\u0131 elan edib. Komit\u0259d\u0259n\u00a0APA-ya veril\u0259n m\u0259lumata g\u00f6r\u0259, \u00f6lk\u0259 Prezidentinin&hellip;<\/p>\n","protected":false},"author":1,"featured_media":0,"comment_status":"closed","ping_status":"closed","sticky":false,"template":"","format":"standard","meta":{"om_disable_all_campaigns":false,"_monsterinsights_skip_tracking":false,"_uf_show_specific_survey":0,"_uf_disable_surveys":false,"footnotes":""},"categories":[2,5],"tags":[],"aioseo_notices":[],"_links":{"self":[{"href":"https:\/\/hakimiyyet.info.az\/index.php?rest_route=\/wp\/v2\/posts\/11222"}],"collection":[{"href":"https:\/\/hakimiyyet.info.az\/index.php?rest_route=\/wp\/v2\/posts"}],"about":[{"href":"https:\/\/hakimiyyet.info.az\/index.php?rest_route=\/wp\/v2\/types\/post"}],"author":[{"embeddable":true,"href":"https:\/\/hakimiyyet.info.az\/index.php?rest_route=\/wp\/v2\/users\/1"}],"replies":[{"embeddable":true,"href":"https:\/\/hakimiyyet.info.az\/index.php?rest_route=%2Fwp%2Fv2%2Fcomments&post=11222"}],"version-history":[{"count":1,"href":"https:\/\/hakimiyyet.info.az\/index.php?rest_route=\/wp\/v2\/posts\/11222\/revisions"}],"predecessor-version":[{"id":11223,"href":"https:\/\/hakimiyyet.info.az\/index.php?rest_route=\/wp\/v2\/posts\/11222\/revisions\/11223"}],"wp:attachment":[{"href":"https:\/\/hakimiyyet.info.az\/index.php?rest_route=%2Fwp%2Fv2%2Fmedia&parent=11222"}],"wp:term":[{"taxonomy":"category","embeddable":true,"href":"https:\/\/hakimiyyet.info.az\/index.php?rest_route=%2Fwp%2Fv2%2Fcategories&post=11222"},{"taxonomy":"post_tag","embeddable":true,"href":"https:\/\/hakimiyyet.info.az\/index.php?rest_route=%2Fwp%2Fv2%2Ftags&post=11222"}],"curies":[{"name":"wp","href":"https:\/\/api.w.org\/{rel}","templated":true}]}}