{"id":11247,"date":"2020-01-10T09:44:53","date_gmt":"2020-01-10T05:44:53","guid":{"rendered":"https:\/\/www.amimb.net\/?p=11247"},"modified":"2020-01-10T09:44:53","modified_gmt":"2020-01-10T05:44:53","slug":"tramp-yeni-ittifaq-yaradilmasini-t%c9%99klif-etdi-orta-s%c9%99rqin-butun-yuku-m%c9%99nim-ciyinl%c9%99rimd%c9%99dir","status":"publish","type":"post","link":"https:\/\/hakimiyyet.info.az\/?p=11247","title":{"rendered":"Tramp yeni ittifaq yarad\u0131lmas\u0131n\u0131 t\u0259klif etdi: \u201cOrta \u015e\u0259rqin b\u00fct\u00fcn y\u00fck\u00fc m\u0259nim \u00e7iyinl\u0259rimd\u0259dir\u201d"},"content":{"rendered":"<p>Tramp Orta \u015e\u0259rq \u00f6lk\u0259l\u0259rinin NATO-ya daxil olmas\u0131n\u0131 t\u0259klif edib.<\/p>\n<p>Sondakika.com-un x\u0259b\u0259rin\u0259 g\u00f6r\u0259, AB\u015e ba\u015f\u00e7\u0131s\u0131 NATO-ME\u00a0(Middle East) adl\u0131 yeni t\u0259\u015fkilat yarad\u0131lmas\u0131n\u0131n laz\u0131m oldu\u011funu deyib.<\/p>\n<p>O, bu m\u0259s\u0259l\u0259 il\u0259 ba\u011fl\u0131 NATO-nun Ba\u015f katibi Yens Stoltenberql\u0259\u00a0g\u00f6r\u00fc\u015f\u00fcnd\u0259n v\u0259 ittifaq\u0131n Orta \u015e\u0259rqd\u0259ki hadis\u0259l\u0259r\u0259 daha da yax\u0131ndan m\u00fcdaxil\u0259 etm\u0259sind\u0259n dan\u0131\u015f\u0131b:<\/p>\n<p>\u201cOrta \u015e\u0259rqin b\u00fct\u00fcn y\u00fck\u00fc m\u0259nim \u00e7iyinl\u0259rimd\u0259dir, bu, he\u00e7 d\u0259 \u0259dal\u0259tli deyil, NATO b\u00f6y\u00fcm\u0259li v\u0259 Yax\u0131n \u015e\u0259rqi ittifaq\u0131n t\u0259rkibin\u0259 daxil etm\u0259lidir\u201d, &#8211; dey\u0259\u00a0Tramp bildirib.<\/p>\n<p>AB\u015e prezidenti qeyd edib ki,\u00a0S\u00fcleymaninin aradan g\u00f6t\u00fcr\u00fclm\u0259sind\u0259 haql\u0131 olub:<\/p>\n<p>\u201cO, daha \u0259vv\u0259l aradan g\u00f6t\u00fcr\u00fclm\u0259li idi. Obama idar\u0259\u00e7iliyinin s\u0259hvl\u0259rin\u0259 g\u00f6r\u0259 \u0130ran maddi bax\u0131mdan g\u00fcc \u0259ld\u0259 etdi v\u0259 qazand\u0131\u011f\u0131 pullar\u0131 terrora x\u0259rcl\u0259di. Biz buna son qoyduq\u201d.<\/p>\n","protected":false},"excerpt":{"rendered":"<p>Tramp Orta \u015e\u0259rq \u00f6lk\u0259l\u0259rinin NATO-ya daxil olmas\u0131n\u0131 t\u0259klif edib. Sondakika.com-un x\u0259b\u0259rin\u0259 g\u00f6r\u0259, AB\u015e ba\u015f\u00e7\u0131s\u0131 NATO-ME\u00a0(Middle East) adl\u0131 yeni t\u0259\u015fkilat yarad\u0131lmas\u0131n\u0131n&hellip;<\/p>\n","protected":false},"author":1,"featured_media":0,"comment_status":"closed","ping_status":"closed","sticky":false,"template":"","format":"standard","meta":{"om_disable_all_campaigns":false,"_monsterinsights_skip_tracking":false,"_uf_show_specific_survey":0,"_uf_disable_surveys":false,"footnotes":""},"categories":[5],"tags":[],"aioseo_notices":[],"_links":{"self":[{"href":"https:\/\/hakimiyyet.info.az\/index.php?rest_route=\/wp\/v2\/posts\/11247"}],"collection":[{"href":"https:\/\/hakimiyyet.info.az\/index.php?rest_route=\/wp\/v2\/posts"}],"about":[{"href":"https:\/\/hakimiyyet.info.az\/index.php?rest_route=\/wp\/v2\/types\/post"}],"author":[{"embeddable":true,"href":"https:\/\/hakimiyyet.info.az\/index.php?rest_route=\/wp\/v2\/users\/1"}],"replies":[{"embeddable":true,"href":"https:\/\/hakimiyyet.info.az\/index.php?rest_route=%2Fwp%2Fv2%2Fcomments&post=11247"}],"version-history":[{"count":1,"href":"https:\/\/hakimiyyet.info.az\/index.php?rest_route=\/wp\/v2\/posts\/11247\/revisions"}],"predecessor-version":[{"id":11248,"href":"https:\/\/hakimiyyet.info.az\/index.php?rest_route=\/wp\/v2\/posts\/11247\/revisions\/11248"}],"wp:attachment":[{"href":"https:\/\/hakimiyyet.info.az\/index.php?rest_route=%2Fwp%2Fv2%2Fmedia&parent=11247"}],"wp:term":[{"taxonomy":"category","embeddable":true,"href":"https:\/\/hakimiyyet.info.az\/index.php?rest_route=%2Fwp%2Fv2%2Fcategories&post=11247"},{"taxonomy":"post_tag","embeddable":true,"href":"https:\/\/hakimiyyet.info.az\/index.php?rest_route=%2Fwp%2Fv2%2Ftags&post=11247"}],"curies":[{"name":"wp","href":"https:\/\/api.w.org\/{rel}","templated":true}]}}