{"id":11339,"date":"2020-01-12T01:02:30","date_gmt":"2020-01-11T21:02:30","guid":{"rendered":"https:\/\/www.hakimiyyet.com\/?p=11339"},"modified":"2020-01-12T01:02:53","modified_gmt":"2020-01-11T21:02:53","slug":"qazax-xalqinin-gork%c9%99mli-sairi-abay-kunanbayevin-175-illiyi-qeyd-olunacaq","status":"publish","type":"post","link":"https:\/\/hakimiyyet.info.az\/?p=11339","title":{"rendered":"Qazax xalq\u0131n\u0131n g\u00f6rk\u0259mli \u015fairi Abay Kunanbayevin 175 illiyi qeyd olunacaq"},"content":{"rendered":"<p>Qazax xalq\u0131n\u0131n g\u00f6rk\u0259mli \u015fairi Abay Kunanbayevin bu il anadan olmas\u0131n\u0131n 175 illiyi qeyd edil\u0259c\u0259k. Abay ad\u0131n\u0131 d\u00fcnyaya tan\u0131tmaq m\u0259qs\u0259dil\u0259 \u015fairin yarad\u0131c\u0131l\u0131\u011f\u0131na h\u0259sr olunmu\u015f be\u015f y\u00fczd\u0259n \u00e7ox t\u0259dbirin ke\u00e7irilm\u0259si planla\u015fd\u0131r\u0131l\u0131r.<\/p>\n<p><a class=\"azertac-link\" href=\"https:\/\/azertag.az\/\" target=\"_blank\" rel=\"noopener noreferrer\">AZ\u018fRTAC<\/a>\u00a0x\u0259b\u0259r verir ki, bu m\u00fcnasib\u0259tl\u0259 \u015fairin do\u011fma Semey \u015f\u0259h\u0259rin\u0259 x\u00fcsusi status veril\u0259c\u0259k.<\/p>\n<p>H\u0259m\u00e7inin bu ilin avqust ay\u0131nda \u015fairin anadan oldu\u011fu \u015f\u0259h\u0259rd\u0259 UNESKO il\u0259 birg\u0259 \u201cAbay irsi v\u0259 d\u00fcnya m\u0259n\u0259viyyat\u0131\u201d m\u00f6vzusunda beyn\u0259lxalq elmi konfrans ke\u00e7iril\u0259c\u0259k.<\/p>\n<p>Qeyd ed\u0259k ki, \u00f6t\u0259n ilin noyabr\u0131nda Q\u0131r\u011f\u0131z\u0131stan\u0131n O\u015f \u015f\u0259h\u0259rind\u0259 T\u00dcRKSOY-a daxil olan \u00f6lk\u0259l\u0259rin m\u0259d\u0259niyy\u0259t nazirl\u0259rinin toplant\u0131s\u0131nda 2020-ci il \u201cAbay Kunanbayev ili\u201d elan edilib.<\/p>\n","protected":false},"excerpt":{"rendered":"<p>Qazax xalq\u0131n\u0131n g\u00f6rk\u0259mli \u015fairi Abay Kunanbayevin bu il anadan olmas\u0131n\u0131n 175 illiyi qeyd edil\u0259c\u0259k. Abay ad\u0131n\u0131 d\u00fcnyaya tan\u0131tmaq m\u0259qs\u0259dil\u0259 \u015fairin&hellip;<\/p>\n","protected":false},"author":2,"featured_media":0,"comment_status":"closed","ping_status":"closed","sticky":false,"template":"","format":"standard","meta":{"om_disable_all_campaigns":false,"_monsterinsights_skip_tracking":false,"_uf_show_specific_survey":0,"_uf_disable_surveys":false,"footnotes":""},"categories":[12,5],"tags":[],"aioseo_notices":[],"_links":{"self":[{"href":"https:\/\/hakimiyyet.info.az\/index.php?rest_route=\/wp\/v2\/posts\/11339"}],"collection":[{"href":"https:\/\/hakimiyyet.info.az\/index.php?rest_route=\/wp\/v2\/posts"}],"about":[{"href":"https:\/\/hakimiyyet.info.az\/index.php?rest_route=\/wp\/v2\/types\/post"}],"author":[{"embeddable":true,"href":"https:\/\/hakimiyyet.info.az\/index.php?rest_route=\/wp\/v2\/users\/2"}],"replies":[{"embeddable":true,"href":"https:\/\/hakimiyyet.info.az\/index.php?rest_route=%2Fwp%2Fv2%2Fcomments&post=11339"}],"version-history":[{"count":1,"href":"https:\/\/hakimiyyet.info.az\/index.php?rest_route=\/wp\/v2\/posts\/11339\/revisions"}],"predecessor-version":[{"id":11340,"href":"https:\/\/hakimiyyet.info.az\/index.php?rest_route=\/wp\/v2\/posts\/11339\/revisions\/11340"}],"wp:attachment":[{"href":"https:\/\/hakimiyyet.info.az\/index.php?rest_route=%2Fwp%2Fv2%2Fmedia&parent=11339"}],"wp:term":[{"taxonomy":"category","embeddable":true,"href":"https:\/\/hakimiyyet.info.az\/index.php?rest_route=%2Fwp%2Fv2%2Fcategories&post=11339"},{"taxonomy":"post_tag","embeddable":true,"href":"https:\/\/hakimiyyet.info.az\/index.php?rest_route=%2Fwp%2Fv2%2Ftags&post=11339"}],"curies":[{"name":"wp","href":"https:\/\/api.w.org\/{rel}","templated":true}]}}