{"id":11341,"date":"2020-01-12T01:05:56","date_gmt":"2020-01-11T21:05:56","guid":{"rendered":"https:\/\/www.hakimiyyet.com\/?p=11341"},"modified":"2020-01-12T01:05:56","modified_gmt":"2020-01-11T21:05:56","slug":"ankarada-20-yanvar-s%c9%99hidl%c9%99rinin-xatir%c9%99sin%c9%99-h%c9%99sr-olunmus-s%c9%99rgi-acilacaq","status":"publish","type":"post","link":"https:\/\/hakimiyyet.info.az\/?p=11341","title":{"rendered":"Ankarada 20 Yanvar \u015f\u0259hidl\u0259rinin xatir\u0259sin\u0259 h\u0259sr olunmu\u015f s\u0259rgi a\u00e7\u0131lacaq"},"content":{"rendered":"<p>T\u00fcrkiy\u0259nin paytaxt\u0131 Ankara \u015f\u0259h\u0259rind\u0259 20 Yanvar \u015f\u0259hidl\u0259rinin xatir\u0259sin\u0259 h\u0259sr olunmu\u015f \u201cM\u00fcharib\u0259nin ana v\u0259 u\u015faqlar\u0131\u201d adl\u0131 f\u0259rdi s\u0259rgi a\u00e7\u0131lacaq.<\/p>\n<p><a class=\"azertac-link\" href=\"https:\/\/azertag.az\/\" target=\"_blank\" rel=\"noopener noreferrer\">AZ\u018fRTAC<\/a>\u00a0x\u0259b\u0259r verir ki, qarda\u015f \u00f6lk\u0259d\u0259 ya\u015fayan v\u0259 f\u0259aliyy\u0259t g\u00f6st\u0259r\u0259n tan\u0131nm\u0131\u015f az\u0259rbaycanl\u0131 r\u0259ssam M\u0259h\u0259mm\u0259d \u018fliyevin ya\u011fl\u0131 boya il\u0259 \u00e7\u0259kdiyi portretl\u0259r 1990-c\u0131 ild\u0259 yanvar\u0131n 19-dan 20-n\u0259 ke\u00e7\u0259n gec\u0259 sovet qo\u015funlar\u0131n\u0131n Az\u0259rbaycan xalq\u0131na qar\u015f\u0131 t\u00f6r\u0259tdiyi faci\u0259nin h\u0259rbi cinay\u0259t kimi mahiyy\u0259tini \u00f6z\u00fcnd\u0259 \u0259ks etdirir.<\/p>\n<p>M. \u018fliyevin s\u00f6zl\u0259rin\u0259 g\u00f6r\u0259, bu s\u0259rgid\u0259 onun 32 \u0259s\u0259ri n\u00fcmayi\u015f olunacaq.<\/p>\n<p>Qeyd ed\u0259k ki, r\u0259ssam\u0131n T\u00fcrkiy\u0259d\u0259 v\u0259 ba\u015fqa \u00f6lk\u0259l\u0259rd\u0259 \u00e7ox sayda f\u0259rdi s\u0259rgisi t\u0259\u015fkil olunub. V\u0259t\u0259n\u0259 sevgi, Az\u0259rbaycan\u0131n g\u00f6z\u0259lliyi, tarixi h\u0259qiq\u0259tl\u0259r onun f\u0131r\u00e7a yarad\u0131c\u0131l\u0131\u011f\u0131nda \u0259sas m\u00f6vzudur<\/p>\n","protected":false},"excerpt":{"rendered":"<p>T\u00fcrkiy\u0259nin paytaxt\u0131 Ankara \u015f\u0259h\u0259rind\u0259 20 Yanvar \u015f\u0259hidl\u0259rinin xatir\u0259sin\u0259 h\u0259sr olunmu\u015f \u201cM\u00fcharib\u0259nin ana v\u0259 u\u015faqlar\u0131\u201d adl\u0131 f\u0259rdi s\u0259rgi a\u00e7\u0131lacaq. AZ\u018fRTAC\u00a0x\u0259b\u0259r verir&hellip;<\/p>\n","protected":false},"author":2,"featured_media":0,"comment_status":"closed","ping_status":"closed","sticky":false,"template":"","format":"standard","meta":{"om_disable_all_campaigns":false,"_monsterinsights_skip_tracking":false,"_uf_show_specific_survey":0,"_uf_disable_surveys":false,"footnotes":""},"categories":[23,7,19,5],"tags":[],"aioseo_notices":[],"_links":{"self":[{"href":"https:\/\/hakimiyyet.info.az\/index.php?rest_route=\/wp\/v2\/posts\/11341"}],"collection":[{"href":"https:\/\/hakimiyyet.info.az\/index.php?rest_route=\/wp\/v2\/posts"}],"about":[{"href":"https:\/\/hakimiyyet.info.az\/index.php?rest_route=\/wp\/v2\/types\/post"}],"author":[{"embeddable":true,"href":"https:\/\/hakimiyyet.info.az\/index.php?rest_route=\/wp\/v2\/users\/2"}],"replies":[{"embeddable":true,"href":"https:\/\/hakimiyyet.info.az\/index.php?rest_route=%2Fwp%2Fv2%2Fcomments&post=11341"}],"version-history":[{"count":1,"href":"https:\/\/hakimiyyet.info.az\/index.php?rest_route=\/wp\/v2\/posts\/11341\/revisions"}],"predecessor-version":[{"id":11342,"href":"https:\/\/hakimiyyet.info.az\/index.php?rest_route=\/wp\/v2\/posts\/11341\/revisions\/11342"}],"wp:attachment":[{"href":"https:\/\/hakimiyyet.info.az\/index.php?rest_route=%2Fwp%2Fv2%2Fmedia&parent=11341"}],"wp:term":[{"taxonomy":"category","embeddable":true,"href":"https:\/\/hakimiyyet.info.az\/index.php?rest_route=%2Fwp%2Fv2%2Fcategories&post=11341"},{"taxonomy":"post_tag","embeddable":true,"href":"https:\/\/hakimiyyet.info.az\/index.php?rest_route=%2Fwp%2Fv2%2Ftags&post=11341"}],"curies":[{"name":"wp","href":"https:\/\/api.w.org\/{rel}","templated":true}]}}