{"id":11369,"date":"2020-01-12T13:51:48","date_gmt":"2020-01-12T09:51:48","guid":{"rendered":"https:\/\/www.hakimiyyet.com\/?p=11369"},"modified":"2020-01-12T13:51:48","modified_gmt":"2020-01-12T09:51:48","slug":"az%c9%99rbaycanda-parlament-seckil%c9%99rin%c9%99-yuzl%c9%99rl%c9%99-muxalif%c9%99tci-qatilib","status":"publish","type":"post","link":"https:\/\/hakimiyyet.info.az\/?p=11369","title":{"rendered":"Az\u0259rbaycanda parlament se\u00e7kil\u0259rin\u0259 y\u00fczl\u0259rl\u0259 m\u00fcxalif\u0259t\u00e7i qat\u0131l\u0131b"},"content":{"rendered":"<p>Az\u0259rbaycanda ke\u00e7iril\u0259c\u0259k n\u00f6vb\u0259d\u0259nk\u0259nar parlament se\u00e7kil\u0259rin\u0259 bir aydan da az vaxt qal\u0131b.<\/p>\n<p><strong><a href=\"https:\/\/konkret.az\/\">KONKRET.az<\/a>\u00a0<\/strong>virtalazu.org-a istinad\u0259n x\u0259b\u0259r verir ki, hakim Yeni Az\u0259rbaycan Partiyas\u0131 (YAP) se\u00e7kil\u0259r\u0259 123 namiz\u0259d ir\u0259li s\u00fcr\u00fcb, onlardan 45 n\u0259f\u0259ri Milli M\u0259clisin \u0259vv\u0259lki t\u0259rkibin\u0259 daxildir.<\/p>\n<p>YAP namiz\u0259dl\u0259ri il\u0259 20-d\u0259n \u00e7ox siyasi partiyan\u0131n t\u0259msil\u00e7il\u0259ri r\u0259qab\u0259t aparacaqlar. Bu partiyalar\u0131n \u0259ks\u0259riyy\u0259tinin praktiki olaraq he\u00e7 kim\u0259 m\u0259lum olmad\u0131\u011f\u0131n\u0131 n\u0259z\u0259r\u0259 alaraq, \u00f6lk\u0259nin \u0259sas m\u00fcxalif\u0259t partiyalar\u0131 t\u0259r\u0259find\u0259n ne\u00e7\u0259 namiz\u0259din ir\u0259li s\u00fcr\u00fcld\u00fcy\u00fc il\u0259 maraqland\u0131q.<\/p>\n<p>M\u0259lum oldu ki, apar\u0131c\u0131 m\u00fcxalif\u0259t partiyalar\u0131ndan biri olan M\u00fcsavat 81 dair\u0259d\u0259 namiz\u0259dl\u0259rini ir\u0259li s\u00fcr\u00fcb. Eyni zamanda, partiya siyah\u0131s\u0131n\u0131n t\u0259rtib edilm\u0259si qalmaqala v\u0259 partiyan\u0131n daxilind\u0259 par\u00e7alanmaya s\u0259b\u0259b olub, n\u0259tic\u0259d\u0259 b\u0259zi partiya funksionerl\u0259ri \u00f6zl\u0259ri \u00f6z namiz\u0259dlikl\u0259rini ir\u0259li s\u00fcr\u00fcbl\u0259r. Buna bariz n\u00fcmun\u0259 partiyan\u0131n ba\u015fqanl\u0131\u011f\u0131na ke\u00e7mi\u015f namiz\u0259d Yadigar Sad\u0131qovdur.<\/p>\n<p>Onu da qeyd ed\u0259k ki, Az\u0259rbaycan Xalq C\u0259bh\u0259si Partiyas\u0131 v\u0259 m\u00fcxalif Milli \u015euran\u0131n \u00fczv\u00fc olan dig\u0259r t\u0259\u015fkilatlar se\u00e7kil\u0259rd\u0259 i\u015ftirak etm\u0259kd\u0259n imtina edibl\u0259r.<\/p>\n<p>Bununla bel\u0259, ReAl m\u00fcxalif h\u0259r\u0259kat\u0131 parlament se\u00e7kil\u0259rind\u0259 namiz\u0259dl\u0259rini ir\u0259li s\u00fcr\u00fcb. \u00dcmumilikd\u0259 se\u00e7kil\u0259rd\u0259 h\u0259r\u0259kat\u0131n namiz\u0259dl\u0259ri 31 dair\u0259d\u0259 mandat u\u011frunda m\u00fcbariz\u0259 aparacaqlar.<\/p>\n<p>\u00dcmid partiyas\u0131 is\u0259 75 dair\u0259d\u0259 namiz\u0259dl\u0259rini ir\u0259li s\u00fcr\u00fcb. Onun lideri \u0130qbal A\u011fazad\u0259 35 sayl\u0131 X\u0259tai 3-c\u00fc se\u00e7ki dair\u0259sind\u0259n namiz\u0259ddir. Yeri g\u0259lmi\u015fk\u0259n, \u201cYeni M\u00fcsavat\u201d q\u0259zetinin ba\u015f redaktoru Rauf Arifo\u011flu da namiz\u0259dliyini h\u0259min dair\u0259d\u0259n ir\u0259li s\u00fcr\u00fcb.<\/p>\n","protected":false},"excerpt":{"rendered":"<p>Az\u0259rbaycanda ke\u00e7iril\u0259c\u0259k n\u00f6vb\u0259d\u0259nk\u0259nar parlament se\u00e7kil\u0259rin\u0259 bir aydan da az vaxt qal\u0131b. KONKRET.az\u00a0virtalazu.org-a istinad\u0259n x\u0259b\u0259r verir ki, hakim Yeni Az\u0259rbaycan Partiyas\u0131&hellip;<\/p>\n","protected":false},"author":2,"featured_media":0,"comment_status":"closed","ping_status":"closed","sticky":false,"template":"","format":"standard","meta":{"om_disable_all_campaigns":false,"_monsterinsights_skip_tracking":false,"_uf_show_specific_survey":0,"_uf_disable_surveys":false,"footnotes":""},"categories":[23,2,7],"tags":[],"aioseo_notices":[],"_links":{"self":[{"href":"https:\/\/hakimiyyet.info.az\/index.php?rest_route=\/wp\/v2\/posts\/11369"}],"collection":[{"href":"https:\/\/hakimiyyet.info.az\/index.php?rest_route=\/wp\/v2\/posts"}],"about":[{"href":"https:\/\/hakimiyyet.info.az\/index.php?rest_route=\/wp\/v2\/types\/post"}],"author":[{"embeddable":true,"href":"https:\/\/hakimiyyet.info.az\/index.php?rest_route=\/wp\/v2\/users\/2"}],"replies":[{"embeddable":true,"href":"https:\/\/hakimiyyet.info.az\/index.php?rest_route=%2Fwp%2Fv2%2Fcomments&post=11369"}],"version-history":[{"count":1,"href":"https:\/\/hakimiyyet.info.az\/index.php?rest_route=\/wp\/v2\/posts\/11369\/revisions"}],"predecessor-version":[{"id":11370,"href":"https:\/\/hakimiyyet.info.az\/index.php?rest_route=\/wp\/v2\/posts\/11369\/revisions\/11370"}],"wp:attachment":[{"href":"https:\/\/hakimiyyet.info.az\/index.php?rest_route=%2Fwp%2Fv2%2Fmedia&parent=11369"}],"wp:term":[{"taxonomy":"category","embeddable":true,"href":"https:\/\/hakimiyyet.info.az\/index.php?rest_route=%2Fwp%2Fv2%2Fcategories&post=11369"},{"taxonomy":"post_tag","embeddable":true,"href":"https:\/\/hakimiyyet.info.az\/index.php?rest_route=%2Fwp%2Fv2%2Ftags&post=11369"}],"curies":[{"name":"wp","href":"https:\/\/api.w.org\/{rel}","templated":true}]}}