{"id":11403,"date":"2020-01-13T13:23:46","date_gmt":"2020-01-13T09:23:46","guid":{"rendered":"https:\/\/www.amimb.net\/?p=11403"},"modified":"2020-01-13T13:23:46","modified_gmt":"2020-01-13T09:23:46","slug":"milanin-sahibi-d%c9%99yisir","status":"publish","type":"post","link":"https:\/\/hakimiyyet.info.az\/?p=11403","title":{"rendered":"\u201cMilan\u201d\u0131n sahibi d\u0259yi\u015fir"},"content":{"rendered":"<p>\u0130taliyan\u0131n \u201cMilan\u201d klubunun sahibi d\u0259yi\u015fir.<\/p>\n<p>Apasport.az sayt\u0131n\u0131n m\u0259lumat\u0131na g\u00f6r\u0259, LVMH \u015firk\u0259ti klubun al\u0131nmas\u0131 il\u0259 ba\u011fl\u0131 raz\u0131l\u0131q \u0259ld\u0259 edib.<\/p>\n<p>Fransa \u015firk\u0259tinin r\u0259hb\u0259rliyi \u201cMilan\u201d\u0131n indiki sahibi \u201cElliott Management\u201d il\u0259 dan\u0131\u015f\u0131qlar\u0131 yekunla\u015fd\u0131r\u0131b. LVMH \u201cChristian Dior\u201d, \u201cLouis Vuitton\u201d, \u201cGivenchy\u201d, \u201cGuerlain\u201d, \u201cChaumet\u201d, \u201cMo\u0435t &amp; Chandon\u201d v\u0259 \u201cHennessy\u201d kimi m\u0259\u015fhur markalar\u0131n istehsal\u00e7\u0131s\u0131d\u0131r. Geyim, d\u0259ri m\u0259hsullar, spirtli i\u00e7kil\u0259r, kosmetika, saatlar v\u0259 zin\u0259t \u0259\u015fyalar\u0131 istehsal\u00e7\u0131s\u0131 olan \u015firk\u0259tin m\u0259nzil-q\u0259rargah\u0131 Parisd\u0259 yerl\u0259\u015fir.<\/p>\n<div class=\"category-text\">\n<p>Qeyd ed\u0259k ki, \u201cElliott Management\u201d 2018-ci ilin iyulunda \u201cMilan\u201d\u0131n s\u0259hml\u0259rinin 99,93 faizini al\u0131b.<\/p>\n<\/div>\n<div class=\"general-author\">\n<div class=\"row\">\n<div class=\"col-sm-5 col-xs-12\">\n<div class=\"author-content\">\n<div class=\"author-in\"><\/div>\n<\/div>\n<\/div>\n<\/div>\n<\/div>\n","protected":false},"excerpt":{"rendered":"<p>\u0130taliyan\u0131n \u201cMilan\u201d klubunun sahibi d\u0259yi\u015fir. Apasport.az sayt\u0131n\u0131n m\u0259lumat\u0131na g\u00f6r\u0259, LVMH \u015firk\u0259ti klubun al\u0131nmas\u0131 il\u0259 ba\u011fl\u0131 raz\u0131l\u0131q \u0259ld\u0259 edib. Fransa \u015firk\u0259tinin&hellip;<\/p>\n","protected":false},"author":1,"featured_media":0,"comment_status":"closed","ping_status":"closed","sticky":false,"template":"","format":"standard","meta":{"om_disable_all_campaigns":false,"_monsterinsights_skip_tracking":false,"_uf_show_specific_survey":0,"_uf_disable_surveys":false,"footnotes":""},"categories":[13],"tags":[],"aioseo_notices":[],"_links":{"self":[{"href":"https:\/\/hakimiyyet.info.az\/index.php?rest_route=\/wp\/v2\/posts\/11403"}],"collection":[{"href":"https:\/\/hakimiyyet.info.az\/index.php?rest_route=\/wp\/v2\/posts"}],"about":[{"href":"https:\/\/hakimiyyet.info.az\/index.php?rest_route=\/wp\/v2\/types\/post"}],"author":[{"embeddable":true,"href":"https:\/\/hakimiyyet.info.az\/index.php?rest_route=\/wp\/v2\/users\/1"}],"replies":[{"embeddable":true,"href":"https:\/\/hakimiyyet.info.az\/index.php?rest_route=%2Fwp%2Fv2%2Fcomments&post=11403"}],"version-history":[{"count":1,"href":"https:\/\/hakimiyyet.info.az\/index.php?rest_route=\/wp\/v2\/posts\/11403\/revisions"}],"predecessor-version":[{"id":11404,"href":"https:\/\/hakimiyyet.info.az\/index.php?rest_route=\/wp\/v2\/posts\/11403\/revisions\/11404"}],"wp:attachment":[{"href":"https:\/\/hakimiyyet.info.az\/index.php?rest_route=%2Fwp%2Fv2%2Fmedia&parent=11403"}],"wp:term":[{"taxonomy":"category","embeddable":true,"href":"https:\/\/hakimiyyet.info.az\/index.php?rest_route=%2Fwp%2Fv2%2Fcategories&post=11403"},{"taxonomy":"post_tag","embeddable":true,"href":"https:\/\/hakimiyyet.info.az\/index.php?rest_route=%2Fwp%2Fv2%2Ftags&post=11403"}],"curies":[{"name":"wp","href":"https:\/\/api.w.org\/{rel}","templated":true}]}}